{"id":9981,"date":"2022-03-28T10:30:31","date_gmt":"2022-03-28T08:30:31","guid":{"rendered":"http:\/\/bergers-schlagerparadies.de\/?p=9981"},"modified":"2022-03-25T12:54:21","modified_gmt":"2022-03-25T11:54:21","slug":"de-lancaster-san-francisco-%c2%b7-bergers-schlagerparadies","status":"publish","type":"post","link":"https:\/\/bergers-schlagerparadies.de\/?p=9981","title":{"rendered":"De Lancaster &#8211; San Francisco \u00b7 Berger\u00b4s Schlagerparadies"},"content":{"rendered":"<p><img loading=\"lazy\" decoding=\"async\" class=\"size-medium wp-image-9983 alignleft\" src=\"https:\/\/bergers-schlagerparadies.de\/wp-content\/uploads\/2022\/03\/De-Lancaster-San-Francisco-300x300.jpg\" alt=\"\" width=\"300\" height=\"300\" srcset=\"https:\/\/bergers-schlagerparadies.de\/wp-content\/uploads\/2022\/03\/De-Lancaster-San-Francisco-300x300.jpg 300w, https:\/\/bergers-schlagerparadies.de\/wp-content\/uploads\/2022\/03\/De-Lancaster-San-Francisco-1024x1024.jpg 1024w, https:\/\/bergers-schlagerparadies.de\/wp-content\/uploads\/2022\/03\/De-Lancaster-San-Francisco-150x150.jpg 150w, https:\/\/bergers-schlagerparadies.de\/wp-content\/uploads\/2022\/03\/De-Lancaster-San-Francisco-768x768.jpg 768w, https:\/\/bergers-schlagerparadies.de\/wp-content\/uploads\/2022\/03\/De-Lancaster-San-Francisco.jpg 1200w, https:\/\/bergers-schlagerparadies.de\/wp-content\/uploads\/2022\/03\/De-Lancaster-San-Francisco-1188x1188.jpg 1188w, https:\/\/bergers-schlagerparadies.de\/wp-content\/uploads\/2022\/03\/De-Lancaster-San-Francisco-100x100.jpg 100w\" sizes=\"auto, (max-width: 300px) 100vw, 300px\" \/>Nach einem langen Winter mit erneut vielen Beschr\u00e4nkungen ist die Vorfreude auf den Sommer gro\u00df \u2013 und das beliebte Team von DE LANCASTER sehnt sich auch nach dem Sommer. Das soll nat\u00fcrlich auch musikalisch zum Tragen kommen \u2013 da ist es nahe liegend, sich DEN wohl gr\u00f6\u00dften Sommerhit aller Zeiten vorzukn\u00f6pfen. Unglaubliche 55 Jahre ist es her, dass \u201eSan Francisco\u201c auf dem H\u00f6hepunkt der Flowerpower-Zeit erstmals die Menschen begeistert hat. Das Lied wurde die Hymne einer ganzen Generation. Es hat nie von seiner Strahlkraft verloren \u2013 im Gegenteil.<\/p>\n<p>Wenn nun endlich nach langer Zeit die Clubs und Discotheken wieder \u00f6ffnen, ist es an der Zeit, das Publikum mit tanzbaren Songs zu erfreuen. GEORG FISCHER und THOMAS LACKMANN haben sich daher diesen Klassiker vorgekn\u00f6pft und ins Jahr 2022 gebeamt. Damit hat DE LANCASTER den Spagat geschafft, einen Song, der den Zeitgeist einer Generation zum Ausdruck gebracht hat, in die Jeztzeit zu transportieren \u2013 tanzbar und mit tollem Groove.<\/p>\n<p>Die S\u00e4ngerin NADINE SCH\u00c4FER hat einmal mehr dem Lied ihre ausdrucksstarke und sch\u00f6ne Stimme geliehen und die Produktion damit veredelt. Stimmig hat sie die sch\u00f6ne deutsche Version aus den 1980er Jahren einf\u00fchlsam eingesungen. Gerade in der heutigen Zeit ist die Botschaft der Hippie-Generation wichtig. Der Gedanke, f\u00fcr eine friedlichere und humanere Welt zu k\u00e4mpfen, wie es damals die Hippies taten, ist wichtiger und aktueller denn je.<\/p>\n<p>Vor diesem Hintergrund hat das DE LANCASTER Team einmal mehr \u2013 nach vielen erfolgreichen Remakes erfolgreicher Klassiker \u2013 mit der Auswahl des aktuellen Hits ins Schwarze getroffen. \u201eSan Francisco\u201c, die Hymne einer friedliebenden Generation und zugleich DER Sommerhit schlechthin, wird im professionellen Mix DJs und das Publikum der Clubs gleicherma\u00dfen begeistern. Die Neuauflage des Superhits aus den 1960er Jahren wird am 01.04.2022 erscheinen.<\/p>\n<p>&nbsp;<\/p>\n<p><span style=\"color: #800000;\"><strong>Dieser Song ist ab dem 01.04.2022 in allen bekannten Onlineshops erh\u00e4ltlich!<\/strong><\/span><\/p>\n<p><span style=\"color: #800000;\"><strong>Airdate (f\u00fcr Radiosender): 25.03.2022<\/strong><\/span><\/p>\n","protected":false},"excerpt":{"rendered":"<p>Nach einem langen Winter mit erneut vielen Beschr\u00e4nkungen ist die Vorfreude auf den Sommer gro\u00df \u2013 und das beliebte Team von DE LANCASTER sehnt sich auch nach dem Sommer. Das soll nat\u00fcrlich auch musikalisch zum Tragen kommen \u2013 da ist es nahe liegend, sich DEN wohl gr\u00f6\u00dften Sommerhit aller Zeiten vorzukn\u00f6pfen. Unglaubliche 55 Jahre ist es her, dass \u201eSan Francisco\u201c auf dem H\u00f6hepunkt der Flowerpower-Zeit erstmals die Menschen begeistert hat. Das Lied wurde die Hymne einer ganzen Generation. Es hat nie von seiner Strahlkraft verloren \u2013 im Gegenteil. Wenn nun endlich nach langer Zeit die Clubs und Discotheken wieder \u00f6ffnen, ist es an der Zeit,&#8230;<\/p>\n","protected":false},"author":1,"featured_media":9983,"comment_status":"closed","ping_status":"closed","sticky":false,"template":"","format":"standard","meta":{"footnotes":""},"categories":[2],"tags":[518],"class_list":["post-9981","post","type-post","status-publish","format-standard","has-post-thumbnail","hentry","category-schlager","tag-de-lancaster","wpcat-2-id"],"_links":{"self":[{"href":"https:\/\/bergers-schlagerparadies.de\/index.php?rest_route=\/wp\/v2\/posts\/9981","targetHints":{"allow":["GET"]}}],"collection":[{"href":"https:\/\/bergers-schlagerparadies.de\/index.php?rest_route=\/wp\/v2\/posts"}],"about":[{"href":"https:\/\/bergers-schlagerparadies.de\/index.php?rest_route=\/wp\/v2\/types\/post"}],"author":[{"embeddable":true,"href":"https:\/\/bergers-schlagerparadies.de\/index.php?rest_route=\/wp\/v2\/users\/1"}],"replies":[{"embeddable":true,"href":"https:\/\/bergers-schlagerparadies.de\/index.php?rest_route=%2Fwp%2Fv2%2Fcomments&post=9981"}],"version-history":[{"count":1,"href":"https:\/\/bergers-schlagerparadies.de\/index.php?rest_route=\/wp\/v2\/posts\/9981\/revisions"}],"predecessor-version":[{"id":9984,"href":"https:\/\/bergers-schlagerparadies.de\/index.php?rest_route=\/wp\/v2\/posts\/9981\/revisions\/9984"}],"wp:featuredmedia":[{"embeddable":true,"href":"https:\/\/bergers-schlagerparadies.de\/index.php?rest_route=\/wp\/v2\/media\/9983"}],"wp:attachment":[{"href":"https:\/\/bergers-schlagerparadies.de\/index.php?rest_route=%2Fwp%2Fv2%2Fmedia&parent=9981"}],"wp:term":[{"taxonomy":"category","embeddable":true,"href":"https:\/\/bergers-schlagerparadies.de\/index.php?rest_route=%2Fwp%2Fv2%2Fcategories&post=9981"},{"taxonomy":"post_tag","embeddable":true,"href":"https:\/\/bergers-schlagerparadies.de\/index.php?rest_route=%2Fwp%2Fv2%2Ftags&post=9981"}],"curies":[{"name":"wp","href":"https:\/\/api.w.org\/{rel}","templated":true}]}}