{"id":9956,"date":"2022-03-25T11:52:03","date_gmt":"2022-03-25T10:52:03","guid":{"rendered":"http:\/\/bergers-schlagerparadies.de\/?p=9956"},"modified":"2022-03-25T11:52:03","modified_gmt":"2022-03-25T10:52:03","slug":"jose-jamon-adios-maria-%c2%b7-bergers-schlagerparadies","status":"publish","type":"post","link":"https:\/\/bergers-schlagerparadies.de\/?p=9956","title":{"rendered":"Jos\u00e9 Jam\u00f3n &#8211; Adios Maria \u00b7 Berger\u00b4s Schlagerparadies"},"content":{"rendered":"<p><img loading=\"lazy\" decoding=\"async\" class=\"size-medium wp-image-9958 alignleft\" src=\"https:\/\/bergers-schlagerparadies.de\/wp-content\/uploads\/2022\/03\/Jose-Jamon-Adios-Maria-300x300.jpg\" alt=\"\" width=\"300\" height=\"300\" srcset=\"https:\/\/bergers-schlagerparadies.de\/wp-content\/uploads\/2022\/03\/Jose-Jamon-Adios-Maria-300x300.jpg 300w, https:\/\/bergers-schlagerparadies.de\/wp-content\/uploads\/2022\/03\/Jose-Jamon-Adios-Maria-150x150.jpg 150w, https:\/\/bergers-schlagerparadies.de\/wp-content\/uploads\/2022\/03\/Jose-Jamon-Adios-Maria-768x768.jpg 768w, https:\/\/bergers-schlagerparadies.de\/wp-content\/uploads\/2022\/03\/Jose-Jamon-Adios-Maria-100x100.jpg 100w, https:\/\/bergers-schlagerparadies.de\/wp-content\/uploads\/2022\/03\/Jose-Jamon-Adios-Maria.jpg 800w\" sizes=\"auto, (max-width: 300px) 100vw, 300px\" \/>Diese gef\u00fchlvolle Ballade erz\u00e4hlt vom Ende eines wahrgewordenen Traums \u2013 der gro\u00dfen Liebe und eines Sommers mit der Illusion der Endlosigkeit und doch von der Zeit und ihrer Verg\u00e4nglichkeit begrenzt.<br \/>\nUnd dann kommt dieser Augenblick, wo man Abschied nehmen muss, mit all dem Schmerz, der Verzweiflung und der Angst vor der Einsamkeit, die Jose\u00b4 Jamon\u2019s Stimme, begleitet von den Kl\u00e4ngen seiner Flamencogitarre und einem Arrangement, das diese Gef\u00fchle sp\u00fcrbar macht, perfekt zum Ausdruck bringt.<\/p>\n<p>Es ist ein Lied, das in vielen von uns wehm\u00fctige Erinnerungen weckt und es beinhaltet diesen Funken Hoffnung, dass es wieder so werden k\u00f6nnte \u2013 irgendwann.<\/p>\n<p>H\u00f6rt euch diese gef\u00fchlsvolle Eigenkomposition von Jos\u00e9 Jam\u00f3n an \u2013 ihr werdet es nicht bereuen!<\/p>\n<p>&nbsp;<\/p>\n<p><span style=\"color: #800000;\"><strong>Dieser Song ist ab dem 01.04.2022 in allen bekannten Onlineshops erh\u00e4ltlich!<\/strong><\/span><\/p>\n<p><span style=\"color: #800000;\"><strong>Airdate (f\u00fcr Radiosender): 25.03.2022<\/strong><\/span><\/p>\n","protected":false},"excerpt":{"rendered":"<p>Diese gef\u00fchlvolle Ballade erz\u00e4hlt vom Ende eines wahrgewordenen Traums \u2013 der gro\u00dfen Liebe und eines Sommers mit der Illusion der Endlosigkeit und doch von der Zeit und ihrer Verg\u00e4nglichkeit begrenzt. Und dann kommt dieser Augenblick, wo man Abschied nehmen muss, mit all dem Schmerz, der Verzweiflung und der Angst vor der Einsamkeit, die Jose\u00b4 Jamon\u2019s Stimme, begleitet von den Kl\u00e4ngen seiner Flamencogitarre und einem Arrangement, das diese Gef\u00fchle sp\u00fcrbar macht, perfekt zum Ausdruck bringt. Es ist ein Lied, das in vielen von uns wehm\u00fctige Erinnerungen weckt und es beinhaltet diesen Funken Hoffnung, dass es wieder so werden k\u00f6nnte \u2013 irgendwann. H\u00f6rt euch diese gef\u00fchlsvolle Eigenkomposition&#8230;<\/p>\n","protected":false},"author":1,"featured_media":9958,"comment_status":"closed","ping_status":"closed","sticky":false,"template":"","format":"standard","meta":{"footnotes":""},"categories":[2],"tags":[1127],"class_list":["post-9956","post","type-post","status-publish","format-standard","has-post-thumbnail","hentry","category-schlager","tag-jose-jamon","wpcat-2-id"],"_links":{"self":[{"href":"https:\/\/bergers-schlagerparadies.de\/index.php?rest_route=\/wp\/v2\/posts\/9956","targetHints":{"allow":["GET"]}}],"collection":[{"href":"https:\/\/bergers-schlagerparadies.de\/index.php?rest_route=\/wp\/v2\/posts"}],"about":[{"href":"https:\/\/bergers-schlagerparadies.de\/index.php?rest_route=\/wp\/v2\/types\/post"}],"author":[{"embeddable":true,"href":"https:\/\/bergers-schlagerparadies.de\/index.php?rest_route=\/wp\/v2\/users\/1"}],"replies":[{"embeddable":true,"href":"https:\/\/bergers-schlagerparadies.de\/index.php?rest_route=%2Fwp%2Fv2%2Fcomments&post=9956"}],"version-history":[{"count":1,"href":"https:\/\/bergers-schlagerparadies.de\/index.php?rest_route=\/wp\/v2\/posts\/9956\/revisions"}],"predecessor-version":[{"id":9959,"href":"https:\/\/bergers-schlagerparadies.de\/index.php?rest_route=\/wp\/v2\/posts\/9956\/revisions\/9959"}],"wp:featuredmedia":[{"embeddable":true,"href":"https:\/\/bergers-schlagerparadies.de\/index.php?rest_route=\/wp\/v2\/media\/9958"}],"wp:attachment":[{"href":"https:\/\/bergers-schlagerparadies.de\/index.php?rest_route=%2Fwp%2Fv2%2Fmedia&parent=9956"}],"wp:term":[{"taxonomy":"category","embeddable":true,"href":"https:\/\/bergers-schlagerparadies.de\/index.php?rest_route=%2Fwp%2Fv2%2Fcategories&post=9956"},{"taxonomy":"post_tag","embeddable":true,"href":"https:\/\/bergers-schlagerparadies.de\/index.php?rest_route=%2Fwp%2Fv2%2Ftags&post=9956"}],"curies":[{"name":"wp","href":"https:\/\/api.w.org\/{rel}","templated":true}]}}