{"id":9865,"date":"2022-03-21T10:30:51","date_gmt":"2022-03-21T09:30:51","guid":{"rendered":"http:\/\/bergers-schlagerparadies.de\/?p=9865"},"modified":"2022-03-20T13:08:50","modified_gmt":"2022-03-20T12:08:50","slug":"linda-faeh-in-der-mitte-deines-herzens-%c2%b7-bergers-schlagerparadies","status":"publish","type":"post","link":"https:\/\/bergers-schlagerparadies.de\/?p=9865","title":{"rendered":"Linda F\u00e4h &#8211; In der Mitte deines Herzens \u00b7 Berger\u00b4s Schlagerparadies"},"content":{"rendered":"<p><img loading=\"lazy\" decoding=\"async\" class=\"size-medium wp-image-9867 alignleft\" src=\"https:\/\/bergers-schlagerparadies.de\/wp-content\/uploads\/2022\/03\/Linda-Faeh-In-der-Mitte-deines-Herzens-300x300.jpg\" alt=\"\" width=\"300\" height=\"300\" srcset=\"https:\/\/bergers-schlagerparadies.de\/wp-content\/uploads\/2022\/03\/Linda-Faeh-In-der-Mitte-deines-Herzens-300x300.jpg 300w, https:\/\/bergers-schlagerparadies.de\/wp-content\/uploads\/2022\/03\/Linda-Faeh-In-der-Mitte-deines-Herzens-1024x1024.jpg 1024w, https:\/\/bergers-schlagerparadies.de\/wp-content\/uploads\/2022\/03\/Linda-Faeh-In-der-Mitte-deines-Herzens-150x150.jpg 150w, https:\/\/bergers-schlagerparadies.de\/wp-content\/uploads\/2022\/03\/Linda-Faeh-In-der-Mitte-deines-Herzens-768x768.jpg 768w, https:\/\/bergers-schlagerparadies.de\/wp-content\/uploads\/2022\/03\/Linda-Faeh-In-der-Mitte-deines-Herzens.jpg 1200w, https:\/\/bergers-schlagerparadies.de\/wp-content\/uploads\/2022\/03\/Linda-Faeh-In-der-Mitte-deines-Herzens-1188x1188.jpg 1188w, https:\/\/bergers-schlagerparadies.de\/wp-content\/uploads\/2022\/03\/Linda-Faeh-In-der-Mitte-deines-Herzens-100x100.jpg 100w\" sizes=\"auto, (max-width: 300px) 100vw, 300px\" \/>Mit der letzten Single \u00abSchwestern\u00bb stie\u00df Linda F\u00e4h bis auf Platz 12 der deutschen Airplay Charts (konservativ) vor. Das dazugeh\u00f6rige Video, gedreht im \u00abZauberwald\u00bb von Lantsch in der Schweiz, sahen seit Ende November 120&#8217;000 begeisterte F\u00e4hns. Mit &#8222;In der Mitte deines Herzens&#8220; ver\u00f6ffentlicht Linda F\u00e4h die vierte Single ihres neuen Albums, welches Anfang Juli erscheint.<\/p>\n<p>Mit \u201eIn der Mitte deines Herzens\u201c beschw\u00f6rt Linda F\u00e4h einmal mehr die N\u00e4he zwischen Menschen, eine Qualit\u00e4t, die gerade heute wichtiger ist denn je zuvor. Trotz oder gerade wegen Konflikten, die bis ins Herzen Europas vordringen und nach einer Pandemie, die zwei Jahre lang vieles zum Stillstand brachte, m\u00f6chte Linda F\u00e4h mit ihren F\u00e4hns wieder einmal unbeschwert das Leben feiern, Konzerte geben und mit ihrer F\u00e4hmily die Musik genie\u00dfen.<\/p>\n<p>Doch was braucht es dazu? Vertrauen! Das Gef\u00fchl von Zusammenhalt, dieses F\u00fcreinander-dasein, einander helfen, sich gegenseitig Gutes tun. Die warmherzige S\u00e4ngerin vermittelt dies mit einer Melodie, die mit jeder Zeile an Kraft gewinnt, sich im Refrain Raum bricht und mit Offenheit frische Lebensfreude und Freiheit entfaltet.<\/p>\n<p><span style=\"color: #800000;\"><strong>Dieser Song ist ab dem 25.03.2022 in allen bekannten Onlineshops erh\u00e4ltlich!<\/strong><\/span><\/p>\n<p><span style=\"color: #800000;\"><strong>Airdate (f\u00fcr Radiosender): 25.03.2022<\/strong><\/span><\/p>\n","protected":false},"excerpt":{"rendered":"<p>Mit der letzten Single \u00abSchwestern\u00bb stie\u00df Linda F\u00e4h bis auf Platz 12 der deutschen Airplay Charts (konservativ) vor. Das dazugeh\u00f6rige Video, gedreht im \u00abZauberwald\u00bb von Lantsch in der Schweiz, sahen seit Ende November 120&#8217;000 begeisterte F\u00e4hns. Mit &#8222;In der Mitte deines Herzens&#8220; ver\u00f6ffentlicht Linda F\u00e4h die vierte Single ihres neuen Albums, welches Anfang Juli erscheint. Mit \u201eIn der Mitte deines Herzens\u201c beschw\u00f6rt Linda F\u00e4h einmal mehr die N\u00e4he zwischen Menschen, eine Qualit\u00e4t, die gerade heute wichtiger ist denn je zuvor. Trotz oder gerade wegen Konflikten, die bis ins Herzen Europas vordringen und nach einer Pandemie, die zwei Jahre lang vieles zum Stillstand brachte, m\u00f6chte Linda&#8230;<\/p>\n","protected":false},"author":1,"featured_media":9867,"comment_status":"closed","ping_status":"closed","sticky":false,"template":"","format":"standard","meta":{"footnotes":""},"categories":[2],"tags":[1018],"class_list":["post-9865","post","type-post","status-publish","format-standard","has-post-thumbnail","hentry","category-schlager","tag-linda-faeh","wpcat-2-id"],"_links":{"self":[{"href":"https:\/\/bergers-schlagerparadies.de\/index.php?rest_route=\/wp\/v2\/posts\/9865","targetHints":{"allow":["GET"]}}],"collection":[{"href":"https:\/\/bergers-schlagerparadies.de\/index.php?rest_route=\/wp\/v2\/posts"}],"about":[{"href":"https:\/\/bergers-schlagerparadies.de\/index.php?rest_route=\/wp\/v2\/types\/post"}],"author":[{"embeddable":true,"href":"https:\/\/bergers-schlagerparadies.de\/index.php?rest_route=\/wp\/v2\/users\/1"}],"replies":[{"embeddable":true,"href":"https:\/\/bergers-schlagerparadies.de\/index.php?rest_route=%2Fwp%2Fv2%2Fcomments&post=9865"}],"version-history":[{"count":1,"href":"https:\/\/bergers-schlagerparadies.de\/index.php?rest_route=\/wp\/v2\/posts\/9865\/revisions"}],"predecessor-version":[{"id":9868,"href":"https:\/\/bergers-schlagerparadies.de\/index.php?rest_route=\/wp\/v2\/posts\/9865\/revisions\/9868"}],"wp:featuredmedia":[{"embeddable":true,"href":"https:\/\/bergers-schlagerparadies.de\/index.php?rest_route=\/wp\/v2\/media\/9867"}],"wp:attachment":[{"href":"https:\/\/bergers-schlagerparadies.de\/index.php?rest_route=%2Fwp%2Fv2%2Fmedia&parent=9865"}],"wp:term":[{"taxonomy":"category","embeddable":true,"href":"https:\/\/bergers-schlagerparadies.de\/index.php?rest_route=%2Fwp%2Fv2%2Fcategories&post=9865"},{"taxonomy":"post_tag","embeddable":true,"href":"https:\/\/bergers-schlagerparadies.de\/index.php?rest_route=%2Fwp%2Fv2%2Ftags&post=9865"}],"curies":[{"name":"wp","href":"https:\/\/api.w.org\/{rel}","templated":true}]}}