{"id":9837,"date":"2022-03-18T20:51:59","date_gmt":"2022-03-18T19:51:59","guid":{"rendered":"http:\/\/bergers-schlagerparadies.de\/?p=9837"},"modified":"2022-03-18T20:51:59","modified_gmt":"2022-03-18T19:51:59","slug":"joe-ana-keine-ist-wie-ich-%c2%b7-bergers-schlagerparadies","status":"publish","type":"post","link":"https:\/\/bergers-schlagerparadies.de\/?p=9837","title":{"rendered":"Joe Ana &#8211; Keine ist wie ich \u00b7 Berger\u00b4s Schlagerparadies"},"content":{"rendered":"<p><img loading=\"lazy\" decoding=\"async\" class=\"size-medium wp-image-9839 alignleft\" src=\"https:\/\/bergers-schlagerparadies.de\/wp-content\/uploads\/2022\/03\/Joe-Ana-Keine-ist-wie-ich-300x300.jpg\" alt=\"\" width=\"300\" height=\"300\" srcset=\"https:\/\/bergers-schlagerparadies.de\/wp-content\/uploads\/2022\/03\/Joe-Ana-Keine-ist-wie-ich-300x300.jpg 300w, https:\/\/bergers-schlagerparadies.de\/wp-content\/uploads\/2022\/03\/Joe-Ana-Keine-ist-wie-ich-150x150.jpg 150w, https:\/\/bergers-schlagerparadies.de\/wp-content\/uploads\/2022\/03\/Joe-Ana-Keine-ist-wie-ich-768x768.jpg 768w, https:\/\/bergers-schlagerparadies.de\/wp-content\/uploads\/2022\/03\/Joe-Ana-Keine-ist-wie-ich-100x100.jpg 100w, https:\/\/bergers-schlagerparadies.de\/wp-content\/uploads\/2022\/03\/Joe-Ana-Keine-ist-wie-ich.jpg 800w\" sizes=\"auto, (max-width: 300px) 100vw, 300px\" \/>Brandneu, die Single \u201eKeine ist wie ich\u201c von Joe Ana. Gewohnt modern und rockig singt sich die Vogtl\u00e4nderin durch ihren bisher pers\u00f6nlichsten Song. Dabei liegt ihr dieses \u201eBaby\u201c besonders am Herzen, da sie erstmals auch selbst als Autorin beteiligt ist.<\/p>\n<p>Sie selbst beschreibt die Single als etwas ganz Besonderes und m\u00f6chte den H\u00f6rern dieses Gef\u00fchl von Freiheit und Lebensfreude mit einer kleinen Portion \u201eVerr\u00fccktheit\u201c mitgeben. Mit diesem Ohrwurm freut sich Joe Ana auf ein neu beginnendes Konzertleben und ihre Auftritte, um mit ihren Fans zu feiern.<\/p>\n<p>Entstanden ist der Song in \u00d6sterreich, mit den Produzenten von USP Media, Dominik Hemmer und Michael Macher. F\u00fcr das zugeh\u00f6rige Video wagt sich Joe Ana diesmal auf verlassenes Industriegel\u00e4nde und zeigt sich von einer ganz modernen Seite. Das Video unterstreicht noch einmal, dass man seine Tr\u00e4ume leben kann und das auch noch sehr authentisch.<\/p>\n<p>Musik: Dominik Hemmer<br \/>\nText: Johanna Dorst \/Natalie Holzner \/ Dominik Hemmer<\/p>\n<p><span style=\"color: #800000;\"><strong>Dieser Song ist ab dem 18.03.2022 in allen bekannten Onlineshops erh\u00e4ltlich!<\/strong><\/span><\/p>\n<p><span style=\"color: #800000;\"><strong>Airdate (f\u00fcr Radiosender): 16.03.2022<\/strong><\/span><\/p>\n","protected":false},"excerpt":{"rendered":"<p>Brandneu, die Single \u201eKeine ist wie ich\u201c von Joe Ana. Gewohnt modern und rockig singt sich die Vogtl\u00e4nderin durch ihren bisher pers\u00f6nlichsten Song. Dabei liegt ihr dieses \u201eBaby\u201c besonders am Herzen, da sie erstmals auch selbst als Autorin beteiligt ist. Sie selbst beschreibt die Single als etwas ganz Besonderes und m\u00f6chte den H\u00f6rern dieses Gef\u00fchl von Freiheit und Lebensfreude mit einer kleinen Portion \u201eVerr\u00fccktheit\u201c mitgeben. Mit diesem Ohrwurm freut sich Joe Ana auf ein neu beginnendes Konzertleben und ihre Auftritte, um mit ihren Fans zu feiern. Entstanden ist der Song in \u00d6sterreich, mit den Produzenten von USP Media, Dominik Hemmer und Michael Macher. F\u00fcr das&#8230;<\/p>\n","protected":false},"author":1,"featured_media":9839,"comment_status":"closed","ping_status":"closed","sticky":false,"template":"","format":"standard","meta":{"footnotes":""},"categories":[2],"tags":[677],"class_list":["post-9837","post","type-post","status-publish","format-standard","has-post-thumbnail","hentry","category-schlager","tag-joe-ana","wpcat-2-id"],"_links":{"self":[{"href":"https:\/\/bergers-schlagerparadies.de\/index.php?rest_route=\/wp\/v2\/posts\/9837","targetHints":{"allow":["GET"]}}],"collection":[{"href":"https:\/\/bergers-schlagerparadies.de\/index.php?rest_route=\/wp\/v2\/posts"}],"about":[{"href":"https:\/\/bergers-schlagerparadies.de\/index.php?rest_route=\/wp\/v2\/types\/post"}],"author":[{"embeddable":true,"href":"https:\/\/bergers-schlagerparadies.de\/index.php?rest_route=\/wp\/v2\/users\/1"}],"replies":[{"embeddable":true,"href":"https:\/\/bergers-schlagerparadies.de\/index.php?rest_route=%2Fwp%2Fv2%2Fcomments&post=9837"}],"version-history":[{"count":1,"href":"https:\/\/bergers-schlagerparadies.de\/index.php?rest_route=\/wp\/v2\/posts\/9837\/revisions"}],"predecessor-version":[{"id":9840,"href":"https:\/\/bergers-schlagerparadies.de\/index.php?rest_route=\/wp\/v2\/posts\/9837\/revisions\/9840"}],"wp:featuredmedia":[{"embeddable":true,"href":"https:\/\/bergers-schlagerparadies.de\/index.php?rest_route=\/wp\/v2\/media\/9839"}],"wp:attachment":[{"href":"https:\/\/bergers-schlagerparadies.de\/index.php?rest_route=%2Fwp%2Fv2%2Fmedia&parent=9837"}],"wp:term":[{"taxonomy":"category","embeddable":true,"href":"https:\/\/bergers-schlagerparadies.de\/index.php?rest_route=%2Fwp%2Fv2%2Fcategories&post=9837"},{"taxonomy":"post_tag","embeddable":true,"href":"https:\/\/bergers-schlagerparadies.de\/index.php?rest_route=%2Fwp%2Fv2%2Ftags&post=9837"}],"curies":[{"name":"wp","href":"https:\/\/api.w.org\/{rel}","templated":true}]}}