{"id":9735,"date":"2022-03-14T10:30:42","date_gmt":"2022-03-14T09:30:42","guid":{"rendered":"http:\/\/bergers-schlagerparadies.de\/?p=9735"},"modified":"2022-03-09T11:44:51","modified_gmt":"2022-03-09T10:44:51","slug":"marco-sommer-in-meinem-leuchtturm-brennt-noch-licht-%c2%b7-bergers-schlagerparadies","status":"publish","type":"post","link":"https:\/\/bergers-schlagerparadies.de\/?p=9735","title":{"rendered":"Marco Sommer &#8211; In meinem Leuchtturm brennt noch Licht \u00b7 Berger\u00b4s Schlagerparadies"},"content":{"rendered":"<p><img loading=\"lazy\" decoding=\"async\" class=\"size-medium wp-image-9737 alignleft\" src=\"https:\/\/bergers-schlagerparadies.de\/wp-content\/uploads\/2022\/03\/Marco-Sommer-In-meinem-Leuchtturm-brennt-noch-Licht-300x300.jpg\" alt=\"\" width=\"300\" height=\"300\" srcset=\"https:\/\/bergers-schlagerparadies.de\/wp-content\/uploads\/2022\/03\/Marco-Sommer-In-meinem-Leuchtturm-brennt-noch-Licht-300x300.jpg 300w, https:\/\/bergers-schlagerparadies.de\/wp-content\/uploads\/2022\/03\/Marco-Sommer-In-meinem-Leuchtturm-brennt-noch-Licht-1024x1024.jpg 1024w, https:\/\/bergers-schlagerparadies.de\/wp-content\/uploads\/2022\/03\/Marco-Sommer-In-meinem-Leuchtturm-brennt-noch-Licht-150x150.jpg 150w, https:\/\/bergers-schlagerparadies.de\/wp-content\/uploads\/2022\/03\/Marco-Sommer-In-meinem-Leuchtturm-brennt-noch-Licht-768x768.jpg 768w, https:\/\/bergers-schlagerparadies.de\/wp-content\/uploads\/2022\/03\/Marco-Sommer-In-meinem-Leuchtturm-brennt-noch-Licht-1536x1536.jpg 1536w, https:\/\/bergers-schlagerparadies.de\/wp-content\/uploads\/2022\/03\/Marco-Sommer-In-meinem-Leuchtturm-brennt-noch-Licht-1200x1200.jpg 1200w, https:\/\/bergers-schlagerparadies.de\/wp-content\/uploads\/2022\/03\/Marco-Sommer-In-meinem-Leuchtturm-brennt-noch-Licht-1188x1188.jpg 1188w, https:\/\/bergers-schlagerparadies.de\/wp-content\/uploads\/2022\/03\/Marco-Sommer-In-meinem-Leuchtturm-brennt-noch-Licht-100x100.jpg 100w, https:\/\/bergers-schlagerparadies.de\/wp-content\/uploads\/2022\/03\/Marco-Sommer-In-meinem-Leuchtturm-brennt-noch-Licht-1320x1320.jpg 1320w, https:\/\/bergers-schlagerparadies.de\/wp-content\/uploads\/2022\/03\/Marco-Sommer-In-meinem-Leuchtturm-brennt-noch-Licht.jpg 1680w\" sizes=\"auto, (max-width: 300px) 100vw, 300px\" \/>Nach seinem beindruckenden Deb\u00fct und der Aussage \u201eIm Norden geht die Sonne auf\u201c hat Marco Sommer seine ersten Spuren in der Medienlandschaft hinterlassen. Doch musste auch er sich gedulden bis nun die Zeichen wieder auf Anfang stehen, um seinen neuesten Track zu pr\u00e4sentieren. \u201eIn meinem Leuchtturm brennt noch Licht\u201c hei\u00dft seine aktuelle Single und wird der Vorbote zu seinem im Sommer erscheinenden Album \u201cK\u00fcstenpop\u201c sein.<\/p>\n<p>Marco verbindet Pop und Schlager auf eine neue unkonventionelle Art und hat damit seinen eigenen Stil, den K\u00fcstenpop kreiert. \u201eIn meinem Leuchtturm brennt noch Licht\u201c verbindet viele Elemente vom Gesang bis zu leichtem Rap mit Liveinstrumenten wie der Gitarre und der seinem Lieblingsinstrument der \u201eSteirischen\u201c, die ihn als Kind schon faszinierte und er dann spielen gelernt hat. Ein Song zum Mitsingen, Tanzen und Feiern.<\/p>\n<p>Mit eing\u00e4ngigem und frischem K\u00fcstenpop, tr\u00e4gt Marco Sommer das norddeutsche Lebensgef\u00fchl musikalisch verpackt in die Welt hinaus. Schon nach den ersten Takten f\u00fchlt man sich mit den F\u00fc\u00dfen im Sand von St. Peter Ording und versp\u00fcrt dieses wunderbare Lebensgef\u00fchl eines Strandtages im Norden, der an der kleinen Strandbar im Sonnenuntergang endet. K\u00fcstenpop zum Wohlf\u00fchlen und Tanzen, verbunden mit der L\u00e4ssigkeit des Nordens.<\/p>\n<p>Unterst\u00fctzt wird Marco dabei von seinem Produzenten Jeo Koba (@jeopark), der viele K\u00fcnstler wie Dieter Bohlen, Kelly Family, Ramon Roselly, Beatrice Egli schon mit seinen Produktionen zum Erfolg f\u00fchrte.<\/p>\n<p><span style=\"color: #800000;\"><strong>Dieser Song ist ab dem 18.03.2022 in allen bekannten Onlineshops erh\u00e4ltlich!<\/strong><\/span><\/p>\n<p><span style=\"color: #800000;\"><strong>Airdate (f\u00fcr Radiosender): 18.03.2022<\/strong><\/span><\/p>\n","protected":false},"excerpt":{"rendered":"<p>Nach seinem beindruckenden Deb\u00fct und der Aussage \u201eIm Norden geht die Sonne auf\u201c hat Marco Sommer seine ersten Spuren in der Medienlandschaft hinterlassen. Doch musste auch er sich gedulden bis nun die Zeichen wieder auf Anfang stehen, um seinen neuesten Track zu pr\u00e4sentieren. \u201eIn meinem Leuchtturm brennt noch Licht\u201c hei\u00dft seine aktuelle Single und wird der Vorbote zu seinem im Sommer erscheinenden Album \u201cK\u00fcstenpop\u201c sein. Marco verbindet Pop und Schlager auf eine neue unkonventionelle Art und hat damit seinen eigenen Stil, den K\u00fcstenpop kreiert. \u201eIn meinem Leuchtturm brennt noch Licht\u201c verbindet viele Elemente vom Gesang bis zu leichtem Rap mit Liveinstrumenten wie der Gitarre und&#8230;<\/p>\n","protected":false},"author":1,"featured_media":9737,"comment_status":"closed","ping_status":"closed","sticky":false,"template":"","format":"standard","meta":{"footnotes":""},"categories":[2],"tags":[1236],"class_list":["post-9735","post","type-post","status-publish","format-standard","has-post-thumbnail","hentry","category-schlager","tag-marco-sommer","wpcat-2-id"],"_links":{"self":[{"href":"https:\/\/bergers-schlagerparadies.de\/index.php?rest_route=\/wp\/v2\/posts\/9735","targetHints":{"allow":["GET"]}}],"collection":[{"href":"https:\/\/bergers-schlagerparadies.de\/index.php?rest_route=\/wp\/v2\/posts"}],"about":[{"href":"https:\/\/bergers-schlagerparadies.de\/index.php?rest_route=\/wp\/v2\/types\/post"}],"author":[{"embeddable":true,"href":"https:\/\/bergers-schlagerparadies.de\/index.php?rest_route=\/wp\/v2\/users\/1"}],"replies":[{"embeddable":true,"href":"https:\/\/bergers-schlagerparadies.de\/index.php?rest_route=%2Fwp%2Fv2%2Fcomments&post=9735"}],"version-history":[{"count":1,"href":"https:\/\/bergers-schlagerparadies.de\/index.php?rest_route=\/wp\/v2\/posts\/9735\/revisions"}],"predecessor-version":[{"id":9738,"href":"https:\/\/bergers-schlagerparadies.de\/index.php?rest_route=\/wp\/v2\/posts\/9735\/revisions\/9738"}],"wp:featuredmedia":[{"embeddable":true,"href":"https:\/\/bergers-schlagerparadies.de\/index.php?rest_route=\/wp\/v2\/media\/9737"}],"wp:attachment":[{"href":"https:\/\/bergers-schlagerparadies.de\/index.php?rest_route=%2Fwp%2Fv2%2Fmedia&parent=9735"}],"wp:term":[{"taxonomy":"category","embeddable":true,"href":"https:\/\/bergers-schlagerparadies.de\/index.php?rest_route=%2Fwp%2Fv2%2Fcategories&post=9735"},{"taxonomy":"post_tag","embeddable":true,"href":"https:\/\/bergers-schlagerparadies.de\/index.php?rest_route=%2Fwp%2Fv2%2Ftags&post=9735"}],"curies":[{"name":"wp","href":"https:\/\/api.w.org\/{rel}","templated":true}]}}