{"id":9730,"date":"2022-03-08T13:07:22","date_gmt":"2022-03-08T12:07:22","guid":{"rendered":"http:\/\/bergers-schlagerparadies.de\/?p=9730"},"modified":"2022-03-08T13:07:22","modified_gmt":"2022-03-08T12:07:22","slug":"graziano-dolce-vita-tag-und-nacht-%c2%b7-bergers-schlagerparadies","status":"publish","type":"post","link":"https:\/\/bergers-schlagerparadies.de\/?p=9730","title":{"rendered":"Graziano &#8211; Dolce Vita Tag und Nacht \u00b7 Berger\u00b4s Schlagerparadies"},"content":{"rendered":"<div class=\"cxmmr5t8 oygrvhab hcukyx3x c1et5uql o9v6fnle ii04i59q\">\n<div dir=\"auto\"><img loading=\"lazy\" decoding=\"async\" class=\"size-medium wp-image-9732 alignleft\" src=\"https:\/\/bergers-schlagerparadies.de\/wp-content\/uploads\/2022\/03\/Graziano-Dolce-Vita-Tag-und-Nacht-300x300.jpg\" alt=\"\" width=\"300\" height=\"300\" srcset=\"https:\/\/bergers-schlagerparadies.de\/wp-content\/uploads\/2022\/03\/Graziano-Dolce-Vita-Tag-und-Nacht-300x300.jpg 300w, https:\/\/bergers-schlagerparadies.de\/wp-content\/uploads\/2022\/03\/Graziano-Dolce-Vita-Tag-und-Nacht-1024x1024.jpg 1024w, https:\/\/bergers-schlagerparadies.de\/wp-content\/uploads\/2022\/03\/Graziano-Dolce-Vita-Tag-und-Nacht-150x150.jpg 150w, https:\/\/bergers-schlagerparadies.de\/wp-content\/uploads\/2022\/03\/Graziano-Dolce-Vita-Tag-und-Nacht-768x768.jpg 768w, https:\/\/bergers-schlagerparadies.de\/wp-content\/uploads\/2022\/03\/Graziano-Dolce-Vita-Tag-und-Nacht-1536x1536.jpg 1536w, https:\/\/bergers-schlagerparadies.de\/wp-content\/uploads\/2022\/03\/Graziano-Dolce-Vita-Tag-und-Nacht-1200x1200.jpg 1200w, https:\/\/bergers-schlagerparadies.de\/wp-content\/uploads\/2022\/03\/Graziano-Dolce-Vita-Tag-und-Nacht-1188x1188.jpg 1188w, https:\/\/bergers-schlagerparadies.de\/wp-content\/uploads\/2022\/03\/Graziano-Dolce-Vita-Tag-und-Nacht-100x100.jpg 100w, https:\/\/bergers-schlagerparadies.de\/wp-content\/uploads\/2022\/03\/Graziano-Dolce-Vita-Tag-und-Nacht-1320x1320.jpg 1320w, https:\/\/bergers-schlagerparadies.de\/wp-content\/uploads\/2022\/03\/Graziano-Dolce-Vita-Tag-und-Nacht.jpg 1830w\" sizes=\"auto, (max-width: 300px) 100vw, 300px\" \/>Der in Bozen geborene <span class=\"nc684nl6\">Graziano<\/span> stand bereits mit 4 Jahren auf der B\u00fchne und nahm am gr\u00f6\u00dften Kinderwettbewerb \u201eIO ZECCHINO D` ORO &#8220; mit beachtlichem Erfolg teil.<\/div>\n<\/div>\n<div class=\"cxmmr5t8 oygrvhab hcukyx3x c1et5uql o9v6fnle ii04i59q\">\n<div dir=\"auto\">Die Liebe zur Musik lie\u00df ihn nicht mehr los und begeistert lernte er am Musikinstitut Bozen zuerst klassische Musik, entschied sich dann aber f\u00fcr die Ausbildung des modernen Gesangs. Zu dieser Zeit komponierte er seine ersten Lieder. Nach Jahren harter Arbeit in \u201ePianobars&#8220; kam es 2004 zu einem Treffen mit dem Produzenten Luis Stuflesser, der ihm den Vorschlag unterbreitete, in deutscher Sprache zu singen.<\/div>\n<\/div>\n<div class=\"cxmmr5t8 oygrvhab hcukyx3x c1et5uql o9v6fnle ii04i59q\">\n<div dir=\"auto\">Seitdem reihten sich die Erfolge seiner deutschsprachigen Songs, die zusammen mit dem italienischen Charme und Melodien, die ins Ohr gehen, seine Fangemeinde st\u00e4tig anwachsen lie\u00df. Nach fast 30 Jahren seines Musikschaffens wurde Graziano im Jahr 2019 mit der ersten \u201eGoldenen CD\u201c als S\u00e4nger geehrt.<\/div>\n<div dir=\"auto\">Derzeit arbeitet Graziano mit seinem Team an neuen Songs und bereitet sein neues Album vor, welches im Sp\u00e4tsommer ver\u00f6ffentlicht werden soll. Graziano wird sich und seiner Musik nat\u00fcrlich treu bleiben, aber auch musikalisch weiterentwickeln und seinen Fans auch modernere Titel pr\u00e4sentieren.<\/div>\n<div dir=\"auto\">Um das Warten auf das neue Album etwas zu \u00fcberbr\u00fccken, ver\u00f6ffentlicht Graziano am 11.3. 2022 seine neue Single \u201eDolce Vita Tag und Nacht\u201c. Der Song stammt aus der musikalischen Feder von Graziano und f\u00fcr den Text zeichnen Timo Peter und Franz Brachner verantwortlich.<\/div>\n<\/div>\n<div class=\"cxmmr5t8 oygrvhab hcukyx3x c1et5uql o9v6fnle ii04i59q\">\n<div dir=\"auto\">Graziano m\u00f6chte mit seiner neuen Single, vor allem in der heutigen Zeit, Mut machen und ein Hauch italienischer Lebensfreude seinen Fans und Schlagerliebhabern schenken. Graziano besingt das \u201eS\u00fc\u00dfe Leben\u201c wie man es sich unter der Sonne Italiens und an vertr\u00e4umten Str\u00e4nden nicht besser vorstellen kann \u2013 und als Happy End siegt nat\u00fcrlich \u201eAmore\u201c.<\/div>\n<\/div>\n<div class=\"cxmmr5t8 oygrvhab hcukyx3x c1et5uql o9v6fnle ii04i59q\">\n<div dir=\"auto\">Dieses Gl\u00fccksgef\u00fchl auch musikalisch zu vermitteln, ist Graziano mit dieser Single auch ohne Zweifel gelungen.<\/div>\n<div dir=\"auto\"><\/div>\n<div dir=\"auto\">\n<p><span style=\"color: #800000;\"><strong>Dieser Song ist ab dem 11.03.2022 in allen bekannten Onlineshops erh\u00e4ltlich!<\/strong><\/span><\/p>\n<p><span style=\"color: #800000;\"><strong>Airdate (f\u00fcr Radiosender): 11.03.2022<\/strong><\/span><\/p>\n<\/div>\n<\/div>\n<p><iframe style=\"width: 120px; height: 240px;\" src=\"\/\/ws-eu.amazon-adsystem.com\/widgets\/q?ServiceVersion=20070822&amp;OneJS=1&amp;Operation=GetAdHtml&amp;MarketPlace=DE&amp;source=ss&amp;ref=as_ss_li_til&amp;ad_type=product_link&amp;tracking_id=bergers-21&amp;language=de_DE&amp;marketplace=amazon&amp;region=DE&amp;placement=B07D4K79XG&amp;asins=B07D4K79XG&amp;linkId=a2d08ec2ac94a35198e96e1cf51c8c92&amp;show_border=true&amp;link_opens_in_new_window=true\" frameborder=\"0\" marginwidth=\"0\" marginheight=\"0\" scrolling=\"no\"><\/iframe><\/p>\n","protected":false},"excerpt":{"rendered":"<p>Der in Bozen geborene Graziano stand bereits mit 4 Jahren auf der B\u00fchne und nahm am gr\u00f6\u00dften Kinderwettbewerb \u201eIO ZECCHINO D` ORO &#8220; mit beachtlichem Erfolg teil. Die Liebe zur Musik lie\u00df ihn nicht mehr los und begeistert lernte er am Musikinstitut Bozen zuerst klassische Musik, entschied sich dann aber f\u00fcr die Ausbildung des modernen Gesangs. Zu dieser Zeit komponierte er seine ersten Lieder. Nach Jahren harter Arbeit in \u201ePianobars&#8220; kam es 2004 zu einem Treffen mit dem Produzenten Luis Stuflesser, der ihm den Vorschlag unterbreitete, in deutscher Sprache zu singen. Seitdem reihten sich die Erfolge seiner deutschsprachigen Songs, die zusammen mit dem italienischen Charme&#8230;<\/p>\n","protected":false},"author":1,"featured_media":9732,"comment_status":"closed","ping_status":"closed","sticky":false,"template":"","format":"standard","meta":{"footnotes":""},"categories":[2],"tags":[447],"class_list":["post-9730","post","type-post","status-publish","format-standard","has-post-thumbnail","hentry","category-schlager","tag-graziano","wpcat-2-id"],"_links":{"self":[{"href":"https:\/\/bergers-schlagerparadies.de\/index.php?rest_route=\/wp\/v2\/posts\/9730","targetHints":{"allow":["GET"]}}],"collection":[{"href":"https:\/\/bergers-schlagerparadies.de\/index.php?rest_route=\/wp\/v2\/posts"}],"about":[{"href":"https:\/\/bergers-schlagerparadies.de\/index.php?rest_route=\/wp\/v2\/types\/post"}],"author":[{"embeddable":true,"href":"https:\/\/bergers-schlagerparadies.de\/index.php?rest_route=\/wp\/v2\/users\/1"}],"replies":[{"embeddable":true,"href":"https:\/\/bergers-schlagerparadies.de\/index.php?rest_route=%2Fwp%2Fv2%2Fcomments&post=9730"}],"version-history":[{"count":1,"href":"https:\/\/bergers-schlagerparadies.de\/index.php?rest_route=\/wp\/v2\/posts\/9730\/revisions"}],"predecessor-version":[{"id":9733,"href":"https:\/\/bergers-schlagerparadies.de\/index.php?rest_route=\/wp\/v2\/posts\/9730\/revisions\/9733"}],"wp:featuredmedia":[{"embeddable":true,"href":"https:\/\/bergers-schlagerparadies.de\/index.php?rest_route=\/wp\/v2\/media\/9732"}],"wp:attachment":[{"href":"https:\/\/bergers-schlagerparadies.de\/index.php?rest_route=%2Fwp%2Fv2%2Fmedia&parent=9730"}],"wp:term":[{"taxonomy":"category","embeddable":true,"href":"https:\/\/bergers-schlagerparadies.de\/index.php?rest_route=%2Fwp%2Fv2%2Fcategories&post=9730"},{"taxonomy":"post_tag","embeddable":true,"href":"https:\/\/bergers-schlagerparadies.de\/index.php?rest_route=%2Fwp%2Fv2%2Ftags&post=9730"}],"curies":[{"name":"wp","href":"https:\/\/api.w.org\/{rel}","templated":true}]}}