{"id":9585,"date":"2022-03-01T13:08:33","date_gmt":"2022-03-01T12:08:33","guid":{"rendered":"http:\/\/bergers-schlagerparadies.de\/?p=9585"},"modified":"2022-03-01T13:08:33","modified_gmt":"2022-03-01T12:08:33","slug":"michelle-boenisch-ich-will-dich-nie-verlieren-%c2%b7-bergers-schlagerparadies","status":"publish","type":"post","link":"https:\/\/bergers-schlagerparadies.de\/?p=9585","title":{"rendered":"Michelle B\u00f6nisch &#8211; Ich will dich nie verlieren \u00b7 Berger\u00b4s Schlagerparadies"},"content":{"rendered":"<p><img loading=\"lazy\" decoding=\"async\" class=\"size-medium wp-image-9586 alignleft\" src=\"https:\/\/bergers-schlagerparadies.de\/wp-content\/uploads\/2022\/03\/Michelle-Boenisch-Ich-will-dich-nie-verlieren-300x300.jpg\" alt=\"\" width=\"300\" height=\"300\" srcset=\"https:\/\/bergers-schlagerparadies.de\/wp-content\/uploads\/2022\/03\/Michelle-Boenisch-Ich-will-dich-nie-verlieren-300x300.jpg 300w, https:\/\/bergers-schlagerparadies.de\/wp-content\/uploads\/2022\/03\/Michelle-Boenisch-Ich-will-dich-nie-verlieren-1024x1024.jpg 1024w, https:\/\/bergers-schlagerparadies.de\/wp-content\/uploads\/2022\/03\/Michelle-Boenisch-Ich-will-dich-nie-verlieren-150x150.jpg 150w, https:\/\/bergers-schlagerparadies.de\/wp-content\/uploads\/2022\/03\/Michelle-Boenisch-Ich-will-dich-nie-verlieren-768x768.jpg 768w, https:\/\/bergers-schlagerparadies.de\/wp-content\/uploads\/2022\/03\/Michelle-Boenisch-Ich-will-dich-nie-verlieren.jpg 1200w, https:\/\/bergers-schlagerparadies.de\/wp-content\/uploads\/2022\/03\/Michelle-Boenisch-Ich-will-dich-nie-verlieren-1188x1188.jpg 1188w, https:\/\/bergers-schlagerparadies.de\/wp-content\/uploads\/2022\/03\/Michelle-Boenisch-Ich-will-dich-nie-verlieren-100x100.jpg 100w\" sizes=\"auto, (max-width: 300px) 100vw, 300px\" \/>Michelle B\u00f6nisch ist die umwerfende Schlagerstimme aus Forst in der Lausitz\/Brandenburg. Mit ihrer ersten Single &#8222;Scherben spiegeln das Licht&#8220; (2019), welche aus ihrer eigenen Feder stammt, ist die bezaubernde S\u00e4ngerin einen Schritt weiter gegangen und hat in der Corona-Zeit an weiteren Songtexten und Kompositionen gearbeitet.<br \/>\nIn Zusammenarbeit mit Produzent J\u00f6rg Lamster wurden ihre n\u00e4chsten 2 Singles, die schnell den Weg in die Radios finden werden, produziert.<br \/>\n\u201eIch will dich nie verlieren\u201c wird am 04.03.2022 auf dem Label \u201eMusic Television (Special Marketing)\u201c ver\u00f6ffentlicht.<\/p>\n<p>&nbsp;<\/p>\n<p><span style=\"color: #800000;\"><strong>Dieser Song ist ab dem 04.03.2022 in allen bekannten Onlineshops erh\u00e4ltlich!<\/strong><\/span><\/p>\n<p><span style=\"color: #800000;\"><strong>Airdate (f\u00fcr Radiosender): 28.02.2022<\/strong><\/span><\/p>\n<p><iframe style=\"width: 120px; height: 240px;\" src=\"\/\/ws-eu.amazon-adsystem.com\/widgets\/q?ServiceVersion=20070822&amp;OneJS=1&amp;Operation=GetAdHtml&amp;MarketPlace=DE&amp;source=ss&amp;ref=as_ss_li_til&amp;ad_type=product_link&amp;tracking_id=bergers-21&amp;language=de_DE&amp;marketplace=amazon&amp;region=DE&amp;placement=B09S8XJ6KK&amp;asins=B09S8XJ6KK&amp;linkId=776289ca88104493f170a1fa51b5e460&amp;show_border=true&amp;link_opens_in_new_window=true\" frameborder=\"0\" marginwidth=\"0\" marginheight=\"0\" scrolling=\"no\"><\/iframe><\/p>\n","protected":false},"excerpt":{"rendered":"<p>Michelle B\u00f6nisch ist die umwerfende Schlagerstimme aus Forst in der Lausitz\/Brandenburg. Mit ihrer ersten Single &#8222;Scherben spiegeln das Licht&#8220; (2019), welche aus ihrer eigenen Feder stammt, ist die bezaubernde S\u00e4ngerin einen Schritt weiter gegangen und hat in der Corona-Zeit an weiteren Songtexten und Kompositionen gearbeitet. In Zusammenarbeit mit Produzent J\u00f6rg Lamster wurden ihre n\u00e4chsten 2 Singles, die schnell den Weg in die Radios finden werden, produziert. \u201eIch will dich nie verlieren\u201c wird am 04.03.2022 auf dem Label \u201eMusic Television (Special Marketing)\u201c ver\u00f6ffentlicht. &nbsp; Dieser Song ist ab dem 04.03.2022 in allen bekannten Onlineshops erh\u00e4ltlich! Airdate (f\u00fcr Radiosender): 28.02.2022<\/p>\n","protected":false},"author":1,"featured_media":9586,"comment_status":"closed","ping_status":"closed","sticky":false,"template":"","format":"standard","meta":{"footnotes":""},"categories":[2],"tags":[1229],"class_list":["post-9585","post","type-post","status-publish","format-standard","has-post-thumbnail","hentry","category-schlager","tag-michelle-boenisch","wpcat-2-id"],"_links":{"self":[{"href":"https:\/\/bergers-schlagerparadies.de\/index.php?rest_route=\/wp\/v2\/posts\/9585","targetHints":{"allow":["GET"]}}],"collection":[{"href":"https:\/\/bergers-schlagerparadies.de\/index.php?rest_route=\/wp\/v2\/posts"}],"about":[{"href":"https:\/\/bergers-schlagerparadies.de\/index.php?rest_route=\/wp\/v2\/types\/post"}],"author":[{"embeddable":true,"href":"https:\/\/bergers-schlagerparadies.de\/index.php?rest_route=\/wp\/v2\/users\/1"}],"replies":[{"embeddable":true,"href":"https:\/\/bergers-schlagerparadies.de\/index.php?rest_route=%2Fwp%2Fv2%2Fcomments&post=9585"}],"version-history":[{"count":1,"href":"https:\/\/bergers-schlagerparadies.de\/index.php?rest_route=\/wp\/v2\/posts\/9585\/revisions"}],"predecessor-version":[{"id":9587,"href":"https:\/\/bergers-schlagerparadies.de\/index.php?rest_route=\/wp\/v2\/posts\/9585\/revisions\/9587"}],"wp:featuredmedia":[{"embeddable":true,"href":"https:\/\/bergers-schlagerparadies.de\/index.php?rest_route=\/wp\/v2\/media\/9586"}],"wp:attachment":[{"href":"https:\/\/bergers-schlagerparadies.de\/index.php?rest_route=%2Fwp%2Fv2%2Fmedia&parent=9585"}],"wp:term":[{"taxonomy":"category","embeddable":true,"href":"https:\/\/bergers-schlagerparadies.de\/index.php?rest_route=%2Fwp%2Fv2%2Fcategories&post=9585"},{"taxonomy":"post_tag","embeddable":true,"href":"https:\/\/bergers-schlagerparadies.de\/index.php?rest_route=%2Fwp%2Fv2%2Ftags&post=9585"}],"curies":[{"name":"wp","href":"https:\/\/api.w.org\/{rel}","templated":true}]}}