{"id":9457,"date":"2022-02-23T18:13:48","date_gmt":"2022-02-23T17:13:48","guid":{"rendered":"http:\/\/bergers-schlagerparadies.de\/?p=9457"},"modified":"2022-02-23T18:13:48","modified_gmt":"2022-02-23T17:13:48","slug":"fernando-express-von-insel-zu-insel-%c2%b7-bergers-schlagerparadies","status":"publish","type":"post","link":"https:\/\/bergers-schlagerparadies.de\/?p=9457","title":{"rendered":"Fernando Express &#8211; Von Insel zu Insel \u00b7 Berger\u00b4s Schlagerparadies"},"content":{"rendered":"<div class=\"cxmmr5t8 oygrvhab hcukyx3x c1et5uql o9v6fnle ii04i59q\">\n<div dir=\"auto\"><img loading=\"lazy\" decoding=\"async\" class=\"size-medium wp-image-9458 alignleft\" src=\"https:\/\/bergers-schlagerparadies.de\/wp-content\/uploads\/2022\/02\/Fernando-Express-Von-Insel-zu-Insel-300x300.jpg\" alt=\"\" width=\"300\" height=\"300\" srcset=\"https:\/\/bergers-schlagerparadies.de\/wp-content\/uploads\/2022\/02\/Fernando-Express-Von-Insel-zu-Insel-300x300.jpg 300w, https:\/\/bergers-schlagerparadies.de\/wp-content\/uploads\/2022\/02\/Fernando-Express-Von-Insel-zu-Insel-1024x1024.jpg 1024w, https:\/\/bergers-schlagerparadies.de\/wp-content\/uploads\/2022\/02\/Fernando-Express-Von-Insel-zu-Insel-150x150.jpg 150w, https:\/\/bergers-schlagerparadies.de\/wp-content\/uploads\/2022\/02\/Fernando-Express-Von-Insel-zu-Insel-768x768.jpg 768w, https:\/\/bergers-schlagerparadies.de\/wp-content\/uploads\/2022\/02\/Fernando-Express-Von-Insel-zu-Insel-1200x1200.jpg 1200w, https:\/\/bergers-schlagerparadies.de\/wp-content\/uploads\/2022\/02\/Fernando-Express-Von-Insel-zu-Insel-1188x1188.jpg 1188w, https:\/\/bergers-schlagerparadies.de\/wp-content\/uploads\/2022\/02\/Fernando-Express-Von-Insel-zu-Insel-100x100.jpg 100w, https:\/\/bergers-schlagerparadies.de\/wp-content\/uploads\/2022\/02\/Fernando-Express-Von-Insel-zu-Insel-1320x1320.jpg 1320w, https:\/\/bergers-schlagerparadies.de\/wp-content\/uploads\/2022\/02\/Fernando-Express-Von-Insel-zu-Insel.jpg 1440w\" sizes=\"auto, (max-width: 300px) 100vw, 300px\" \/>Die Tage werden langsam wieder l\u00e4nger, wir alle blicken schon gespannt Richtung Fr\u00fchling. Der <span class=\"nc684nl6\">Fernando Express<\/span> verk\u00fcrzt uns nun die Wartezeit darauf! Seit mittlerweile einem halben Jahrhundert sorgt das Trio mit seinen unz\u00e4hligen Hits f\u00fcr Urlaubsgef\u00fchle und Reiselust. Nach zwei Jahren Pause meldet sich die Band nun zur\u00fcck und ver\u00f6ffentlicht im Sommer ein neues Album \u2013 mit dem passenden Titel \u201eKomm, wir feiern das Leben\u201c.<\/div>\n<\/div>\n<div class=\"cxmmr5t8 oygrvhab hcukyx3x c1et5uql o9v6fnle ii04i59q\">\n<div dir=\"auto\">Rechtzeitig zum baldigen Fr\u00fchlingsauftakt ver\u00f6ffentlichen \u201eDie K\u00f6nige der Tanzpal\u00e4ste\u201c bereits am 25. Februar vorab ihre erste Single \u201eVon Insel zu Insel\u201c. Der Titel ist eine musikalische Traumreise \u00fcber die blaue Inselwelt Griechenlands. Nicht umsonst ist das Land bis heute eines der beliebtesten Urlaubsziele. Wei\u00dfe Str\u00e4nde, blaues Meer und Sonne pur verw\u00f6hnen unsere Seele. Nun bekommen die griechischen Inseln ihre eigene Hymne!<\/div>\n<\/div>\n<div class=\"cxmmr5t8 oygrvhab hcukyx3x c1et5uql o9v6fnle ii04i59q\">\n<div dir=\"auto\">Mit ihrem neuen Lied wird der Fernando Express seinem Motto mehr als gerecht. S\u00e4ngerin Heidi Sch\u00fctz verr\u00e4t: \u201eGerade in unruhigen Zeiten w\u00e4chst die Sehnsucht nach den sch\u00f6nsten Pl\u00e4tzen dieser Welt und wir wollen die Fans an die Hand nehmen und sie einladen, sich musikalisch dorthin zu tr\u00e4umen. Mit einem Glas gutem Wein kann die Freiheit und das Gl\u00fcck so einfach sein\u201c.<\/div>\n<\/div>\n<div class=\"cxmmr5t8 oygrvhab hcukyx3x c1et5uql o9v6fnle ii04i59q\">\n<div dir=\"auto\">\u201eDas singende Reiseb\u00fcro\u201c entf\u00fchrt uns auch diesmal wieder an die sch\u00f6nsten Pl\u00e4tze der Welt. So wird der Zauber von Mykonos in einen griechisch angehauchten Popschlager mit Ohrwurmgarantie verpackt. Der Fernando Express sorgt f\u00fcr heimische Urlaubsgef\u00fchle und auch die Tanzfreudigen kommen wieder voll auf ihre Kosten. Dieser traumhafte Urlaubssong, sorgt bereits jetzt im Februar f\u00fcr Sonnenschein und wei\u00dfe Str\u00e4nde \u2013 zumindest musikalisch. Und was w\u00fcnschen wir uns mehr denn je?!<\/div>\n<\/div>\n<div class=\"cxmmr5t8 oygrvhab hcukyx3x c1et5uql o9v6fnle ii04i59q\">\n<div dir=\"auto\">Die Sehnsucht nach fremden L\u00e4ndern wurde in den vergangenen Jahren st\u00e4rker als jemals zuvor. Der Fernando Express l\u00e4sst uns diese vergessen und macht uns Lust auf die unbeschwerte Urlaubszeit, die wir bald alle wieder erleben. Das neue Album steht f\u00fcr Lebenslust und die Leichtigkeit des Seins! Die neue Single liefert den perfekten Vorgeschmack und steigert die Vorfreude auf mehr Songs des Fernando Express.<\/div>\n<div dir=\"auto\"><\/div>\n<\/div>\n<div dir=\"auto\"><span style=\"color: #800000;\"><strong>Dieser Song ist ab dem 04.03.2022 in allen bekannten Onlineshops erh\u00e4ltlich!<\/strong><\/span><\/p>\n<p><span style=\"color: #800000;\"><strong>Airdate (f\u00fcr Radiosender): 25.02.2022<\/strong><\/span><\/div>\n","protected":false},"excerpt":{"rendered":"<p>Die Tage werden langsam wieder l\u00e4nger, wir alle blicken schon gespannt Richtung Fr\u00fchling. Der Fernando Express verk\u00fcrzt uns nun die Wartezeit darauf! Seit mittlerweile einem halben Jahrhundert sorgt das Trio mit seinen unz\u00e4hligen Hits f\u00fcr Urlaubsgef\u00fchle und Reiselust. Nach zwei Jahren Pause meldet sich die Band nun zur\u00fcck und ver\u00f6ffentlicht im Sommer ein neues Album \u2013 mit dem passenden Titel \u201eKomm, wir feiern das Leben\u201c. Rechtzeitig zum baldigen Fr\u00fchlingsauftakt ver\u00f6ffentlichen \u201eDie K\u00f6nige der Tanzpal\u00e4ste\u201c bereits am 25. Februar vorab ihre erste Single \u201eVon Insel zu Insel\u201c. Der Titel ist eine musikalische Traumreise \u00fcber die blaue Inselwelt Griechenlands. Nicht umsonst ist das Land bis heute eines&#8230;<\/p>\n","protected":false},"author":1,"featured_media":9458,"comment_status":"closed","ping_status":"closed","sticky":false,"template":"","format":"standard","meta":{"footnotes":""},"categories":[2],"tags":[1220],"class_list":["post-9457","post","type-post","status-publish","format-standard","has-post-thumbnail","hentry","category-schlager","tag-fernando-express","wpcat-2-id"],"_links":{"self":[{"href":"https:\/\/bergers-schlagerparadies.de\/index.php?rest_route=\/wp\/v2\/posts\/9457","targetHints":{"allow":["GET"]}}],"collection":[{"href":"https:\/\/bergers-schlagerparadies.de\/index.php?rest_route=\/wp\/v2\/posts"}],"about":[{"href":"https:\/\/bergers-schlagerparadies.de\/index.php?rest_route=\/wp\/v2\/types\/post"}],"author":[{"embeddable":true,"href":"https:\/\/bergers-schlagerparadies.de\/index.php?rest_route=\/wp\/v2\/users\/1"}],"replies":[{"embeddable":true,"href":"https:\/\/bergers-schlagerparadies.de\/index.php?rest_route=%2Fwp%2Fv2%2Fcomments&post=9457"}],"version-history":[{"count":1,"href":"https:\/\/bergers-schlagerparadies.de\/index.php?rest_route=\/wp\/v2\/posts\/9457\/revisions"}],"predecessor-version":[{"id":9459,"href":"https:\/\/bergers-schlagerparadies.de\/index.php?rest_route=\/wp\/v2\/posts\/9457\/revisions\/9459"}],"wp:featuredmedia":[{"embeddable":true,"href":"https:\/\/bergers-schlagerparadies.de\/index.php?rest_route=\/wp\/v2\/media\/9458"}],"wp:attachment":[{"href":"https:\/\/bergers-schlagerparadies.de\/index.php?rest_route=%2Fwp%2Fv2%2Fmedia&parent=9457"}],"wp:term":[{"taxonomy":"category","embeddable":true,"href":"https:\/\/bergers-schlagerparadies.de\/index.php?rest_route=%2Fwp%2Fv2%2Fcategories&post=9457"},{"taxonomy":"post_tag","embeddable":true,"href":"https:\/\/bergers-schlagerparadies.de\/index.php?rest_route=%2Fwp%2Fv2%2Ftags&post=9457"}],"curies":[{"name":"wp","href":"https:\/\/api.w.org\/{rel}","templated":true}]}}