{"id":9249,"date":"2022-02-12T13:01:09","date_gmt":"2022-02-12T12:01:09","guid":{"rendered":"http:\/\/bergers-schlagerparadies.de\/?p=9249"},"modified":"2022-02-12T13:01:09","modified_gmt":"2022-02-12T12:01:09","slug":"julian-david-feuerfunkenregen-%c2%b7-bergers-schlagerparadies","status":"publish","type":"post","link":"https:\/\/bergers-schlagerparadies.de\/?p=9249","title":{"rendered":"Julian David &#8211; Feuerfunkenregen \u00b7 Berger\u00b4s Schlagerparadies"},"content":{"rendered":"<p><img loading=\"lazy\" decoding=\"async\" class=\"size-medium wp-image-9250 alignleft\" src=\"https:\/\/bergers-schlagerparadies.de\/wp-content\/uploads\/2022\/02\/Julian-David-Feuerfunkenregen-300x300.jpg\" alt=\"\" width=\"300\" height=\"300\" srcset=\"https:\/\/bergers-schlagerparadies.de\/wp-content\/uploads\/2022\/02\/Julian-David-Feuerfunkenregen-300x300.jpg 300w, https:\/\/bergers-schlagerparadies.de\/wp-content\/uploads\/2022\/02\/Julian-David-Feuerfunkenregen-1024x1024.jpg 1024w, https:\/\/bergers-schlagerparadies.de\/wp-content\/uploads\/2022\/02\/Julian-David-Feuerfunkenregen-150x150.jpg 150w, https:\/\/bergers-schlagerparadies.de\/wp-content\/uploads\/2022\/02\/Julian-David-Feuerfunkenregen-768x768.jpg 768w, https:\/\/bergers-schlagerparadies.de\/wp-content\/uploads\/2022\/02\/Julian-David-Feuerfunkenregen-1536x1536.jpg 1536w, https:\/\/bergers-schlagerparadies.de\/wp-content\/uploads\/2022\/02\/Julian-David-Feuerfunkenregen-2048x2048.jpg 2048w, https:\/\/bergers-schlagerparadies.de\/wp-content\/uploads\/2022\/02\/Julian-David-Feuerfunkenregen-1200x1200.jpg 1200w, https:\/\/bergers-schlagerparadies.de\/wp-content\/uploads\/2022\/02\/Julian-David-Feuerfunkenregen-1188x1188.jpg 1188w, https:\/\/bergers-schlagerparadies.de\/wp-content\/uploads\/2022\/02\/Julian-David-Feuerfunkenregen-100x100.jpg 100w, https:\/\/bergers-schlagerparadies.de\/wp-content\/uploads\/2022\/02\/Julian-David-Feuerfunkenregen-1320x1320.jpg 1320w\" sizes=\"auto, (max-width: 300px) 100vw, 300px\" \/>JULIAN DAVID meldet sich mit einem gro\u00dfen Song zur\u00fcck: \u201eFeuerfunkenregen\u201c. Zweieinhalb Jahre nach seinem bislang letzten Studioalbum gibt der beliebte Wahl-Berliner seinen Fans damit einen ersten Vorgeschmack auf das, woran er mit seinen neuen Produzenten Serhat Sakin und Christoph Papendieck seit Monaten arbeitet. Gewohnt stark im Ausdruck und gef\u00fchlvoll im Gesang: So pr\u00e4sentiert sich Julian David im Fr\u00fchjahr 2022. Seine Musik ist hoffnungsvoll und nachdenklich, fr\u00f6hlich und bedacht zugleich. Die emotionalen Extreme, die wir alle kennen, bewegen auch Julian. Auch bei ihm sind die letzten Monate nicht spurlos vorbeigezogen. Der S\u00e4nger &amp; Entertainer musste sich, wie so viele andere Menschen, der Ausnahmesituation der Pandemie stellen und durfte das nicht mehr leben, was sein Leben so erf\u00fcllt. Aber er lie\u00df den Kopf nicht h\u00e4ngen und arbeitete mit gro\u00dfer Demut an neuer Musik. Songs, die das unterstreichen, was Julian David als K\u00fcnstler sowie als Menschen gleicherma\u00dfen auszeichnet: Das Leben so zu nehmen, wie es ist. Bereits in jungen Jahren, als Gr\u00fcndungsmitglied und Gesicht der erfolgreichen Formation \u201evoXXclub\u201c, sorgte Julian David f\u00fcr Schlagzeilen und konnte mehrfach Gold- und Platinauszeichnungen entgegennehmen. Als Solok\u00fcnstler wird seine Entwicklung nun schon seit Jahren von den Medien mit Anerkennung quittiert. So schaffte er zuletzt mit jeder Single den Sprung in die Top-Platzierungen der Airplay-Charts.<\/p>\n<p>Instagram: <a href=\"https:\/\/www.instagram.com\/juliandavid.official\/\">https:\/\/www.instagram.com\/juliandavid.official\/<\/a><br \/>\nFacebook: <a href=\"https:\/\/www.facebook.com\/juliandavid.official\">https:\/\/www.facebook.com\/juliandavid.official<\/a><\/p>\n<p><span style=\"color: #800000;\"><strong>Dieser Song ist ab dem 11.02.2022 in allen bekannten Onlineshops erh\u00e4ltlich!<\/strong><\/span><\/p>\n<p><span style=\"color: #800000;\"><strong>Airdate (f\u00fcr Radiosender): 11.02.2022<\/strong><\/span><\/p>\n<p><iframe style=\"width: 120px; height: 240px;\" src=\"\/\/ws-eu.amazon-adsystem.com\/widgets\/q?ServiceVersion=20070822&amp;OneJS=1&amp;Operation=GetAdHtml&amp;MarketPlace=DE&amp;source=ss&amp;ref=as_ss_li_til&amp;ad_type=product_link&amp;tracking_id=bergers-21&amp;language=de_DE&amp;marketplace=amazon&amp;region=DE&amp;placement=B09RCYZV4H&amp;asins=B09RCYZV4H&amp;linkId=2994263c2587b2aecd443909bdf671c5&amp;show_border=true&amp;link_opens_in_new_window=true\" frameborder=\"0\" marginwidth=\"0\" marginheight=\"0\" scrolling=\"no\"><\/iframe><\/p>\n","protected":false},"excerpt":{"rendered":"<p>JULIAN DAVID meldet sich mit einem gro\u00dfen Song zur\u00fcck: \u201eFeuerfunkenregen\u201c. Zweieinhalb Jahre nach seinem bislang letzten Studioalbum gibt der beliebte Wahl-Berliner seinen Fans damit einen ersten Vorgeschmack auf das, woran er mit seinen neuen Produzenten Serhat Sakin und Christoph Papendieck seit Monaten arbeitet. Gewohnt stark im Ausdruck und gef\u00fchlvoll im Gesang: So pr\u00e4sentiert sich Julian David im Fr\u00fchjahr 2022. Seine Musik ist hoffnungsvoll und nachdenklich, fr\u00f6hlich und bedacht zugleich. Die emotionalen Extreme, die wir alle kennen, bewegen auch Julian. Auch bei ihm sind die letzten Monate nicht spurlos vorbeigezogen. Der S\u00e4nger &amp; Entertainer musste sich, wie so viele andere Menschen, der Ausnahmesituation der Pandemie stellen&#8230;<\/p>\n","protected":false},"author":1,"featured_media":9250,"comment_status":"closed","ping_status":"closed","sticky":false,"template":"","format":"standard","meta":{"footnotes":""},"categories":[2],"tags":[479],"class_list":["post-9249","post","type-post","status-publish","format-standard","has-post-thumbnail","hentry","category-schlager","tag-julian-david","wpcat-2-id"],"_links":{"self":[{"href":"https:\/\/bergers-schlagerparadies.de\/index.php?rest_route=\/wp\/v2\/posts\/9249","targetHints":{"allow":["GET"]}}],"collection":[{"href":"https:\/\/bergers-schlagerparadies.de\/index.php?rest_route=\/wp\/v2\/posts"}],"about":[{"href":"https:\/\/bergers-schlagerparadies.de\/index.php?rest_route=\/wp\/v2\/types\/post"}],"author":[{"embeddable":true,"href":"https:\/\/bergers-schlagerparadies.de\/index.php?rest_route=\/wp\/v2\/users\/1"}],"replies":[{"embeddable":true,"href":"https:\/\/bergers-schlagerparadies.de\/index.php?rest_route=%2Fwp%2Fv2%2Fcomments&post=9249"}],"version-history":[{"count":1,"href":"https:\/\/bergers-schlagerparadies.de\/index.php?rest_route=\/wp\/v2\/posts\/9249\/revisions"}],"predecessor-version":[{"id":9251,"href":"https:\/\/bergers-schlagerparadies.de\/index.php?rest_route=\/wp\/v2\/posts\/9249\/revisions\/9251"}],"wp:featuredmedia":[{"embeddable":true,"href":"https:\/\/bergers-schlagerparadies.de\/index.php?rest_route=\/wp\/v2\/media\/9250"}],"wp:attachment":[{"href":"https:\/\/bergers-schlagerparadies.de\/index.php?rest_route=%2Fwp%2Fv2%2Fmedia&parent=9249"}],"wp:term":[{"taxonomy":"category","embeddable":true,"href":"https:\/\/bergers-schlagerparadies.de\/index.php?rest_route=%2Fwp%2Fv2%2Fcategories&post=9249"},{"taxonomy":"post_tag","embeddable":true,"href":"https:\/\/bergers-schlagerparadies.de\/index.php?rest_route=%2Fwp%2Fv2%2Ftags&post=9249"}],"curies":[{"name":"wp","href":"https:\/\/api.w.org\/{rel}","templated":true}]}}