{"id":9201,"date":"2022-02-12T10:25:14","date_gmt":"2022-02-12T09:25:14","guid":{"rendered":"http:\/\/bergers-schlagerparadies.de\/?p=9201"},"modified":"2022-02-12T10:25:14","modified_gmt":"2022-02-12T09:25:14","slug":"calimeros-addio-maria-%c2%b7-bergers-schlagerparadies","status":"publish","type":"post","link":"https:\/\/bergers-schlagerparadies.de\/?p=9201","title":{"rendered":"Calimeros &#8211; Addio Maria \u00b7 Berger\u00b4s Schlagerparadies"},"content":{"rendered":"<div class=\"cxmmr5t8 oygrvhab hcukyx3x c1et5uql o9v6fnle ii04i59q\">\n<div dir=\"auto\"><img loading=\"lazy\" decoding=\"async\" class=\"size-medium wp-image-9202 alignleft\" src=\"https:\/\/bergers-schlagerparadies.de\/wp-content\/uploads\/2022\/02\/Calimeros-Addio-Maria-300x300.jpg\" alt=\"\" width=\"300\" height=\"300\" srcset=\"https:\/\/bergers-schlagerparadies.de\/wp-content\/uploads\/2022\/02\/Calimeros-Addio-Maria-300x300.jpg 300w, https:\/\/bergers-schlagerparadies.de\/wp-content\/uploads\/2022\/02\/Calimeros-Addio-Maria-1024x1024.jpg 1024w, https:\/\/bergers-schlagerparadies.de\/wp-content\/uploads\/2022\/02\/Calimeros-Addio-Maria-150x150.jpg 150w, https:\/\/bergers-schlagerparadies.de\/wp-content\/uploads\/2022\/02\/Calimeros-Addio-Maria-768x768.jpg 768w, https:\/\/bergers-schlagerparadies.de\/wp-content\/uploads\/2022\/02\/Calimeros-Addio-Maria-1200x1200.jpg 1200w, https:\/\/bergers-schlagerparadies.de\/wp-content\/uploads\/2022\/02\/Calimeros-Addio-Maria-1188x1188.jpg 1188w, https:\/\/bergers-schlagerparadies.de\/wp-content\/uploads\/2022\/02\/Calimeros-Addio-Maria-100x100.jpg 100w, https:\/\/bergers-schlagerparadies.de\/wp-content\/uploads\/2022\/02\/Calimeros-Addio-Maria-1320x1320.jpg 1320w, https:\/\/bergers-schlagerparadies.de\/wp-content\/uploads\/2022\/02\/Calimeros-Addio-Maria.jpg 1417w\" sizes=\"auto, (max-width: 300px) 100vw, 300px\" \/>Die Single \u201cAddio Maria\u201d erscheint am 11.02.2022, das Album \u201cSommersterne\u201d folgt am 29. April!<\/div>\n<\/div>\n<div class=\"cxmmr5t8 oygrvhab hcukyx3x c1et5uql o9v6fnle ii04i59q\">\n<div dir=\"auto\">Mit einem brillanten Paradebeispiel startet das erfolgreichste Schweizer Schlagertrio Europas ins Jahr 2022 und zeichnet gleich zum Jahresbeginn eine traumhafte Melodie-Kulisse. \u201eAddio Maria\u201c hei\u00dft die erste Vorab-Auskopplung des kommenden Albums \u201eSommersterne\u201c, dabei \u00fcberzeugt die klangvolle Single mit einer f\u00fcr die CALIMEROS typischen malerischen Erlebniswelt.<\/div>\n<\/div>\n<div class=\"cxmmr5t8 oygrvhab hcukyx3x c1et5uql o9v6fnle ii04i59q\">\n<div dir=\"auto\">Mit einer geh\u00f6rigen Prise Liebe etikettiert das Erfolgstrio den charakterstarken Track \u201eAddio Maria\u201c und portr\u00e4tiert zeitgleich die besungene Romanze Namens Maria, welche in der sinnbildlichen Interpretation f\u00fcr die \u201eGeliebte\u201c steht. Nur die Calimeros verstehen es in ihrer wunderbaren Einzigartigkeit dem schier endlosen Thema immer aufs Neue eine vorz\u00fcgliche Hochachtung zu gew\u00e4hren und sind auch oder gerade deshalb die Gef\u00fchlsbotschafter des Schlagers. In \u201eAddio Maria\u201c ist Verehrung, Verliebtheit sowie Schw\u00e4rmerei vereint in einem Song. Das beliebte Trio Roland Eberhart, Andy Steiner und Andy Rynert gew\u00e4hren damit wieder einmal eine \u00fcberragende musikalische Visualisierung mit ausgew\u00e4hltem Enthusiasmus. Die Single bietet einen enormen sch\u00f6pferischen Aktionsradius, der h\u00f6rbar mitrei\u00dfend und dynamisch feurig gleicherma\u00dfen ist. Dementsprechend ausgewogen balanciert Calimeros Frontmann Roland Eberhart tongenau souver\u00e4n durch die f\u00fchlbaren Textzeilen, die er gemeinsam mit Matthias Teriet verfasst hat, und gibt \u201eAddio Maria\u201c mit seiner unverkennbaren Singstimme die inspirierende Nat\u00fcrlichkeit. Hochwertig, ehrlich und vertraut festigt \u201eAddio Maria\u201c das Bild der <span class=\"nc684nl6\">Calimeros<\/span> als Songpoeten des deutschen Schlagers. Ein fantastischer Vorgeschmack auf das neue Album \u201eSommersterne\u201c, welches am 29.04.2022 erscheinen wird.<\/div>\n<\/div>\n<div class=\"cxmmr5t8 oygrvhab hcukyx3x c1et5uql o9v6fnle ii04i59q\">\n<div dir=\"auto\">\u201eAddio Maria\u201c wird am 11.02.2022 digital bei TELAMO ver\u00f6ffentlicht.<\/div>\n<div dir=\"auto\"><\/div>\n<div dir=\"auto\">\n<p><span style=\"color: #800000;\"><strong>Dieser Song ist ab dem 11.02.2022 in allen bekannten Onlineshops erh\u00e4ltlich!<\/strong><\/span><\/p>\n<p><span style=\"color: #800000;\"><strong>Airdate (f\u00fcr Radiosender): 11.02.2022<\/strong><\/span><\/p>\n<\/div>\n<\/div>\n<p><iframe style=\"width: 120px; height: 240px;\" src=\"\/\/ws-eu.amazon-adsystem.com\/widgets\/q?ServiceVersion=20070822&amp;OneJS=1&amp;Operation=GetAdHtml&amp;MarketPlace=DE&amp;source=ss&amp;ref=as_ss_li_til&amp;ad_type=product_link&amp;tracking_id=bergers-21&amp;language=de_DE&amp;marketplace=amazon&amp;region=DE&amp;placement=B09RPRN8XB&amp;asins=B09RPRN8XB&amp;linkId=a64e917863c5b23dc62f4997aada593e&amp;show_border=true&amp;link_opens_in_new_window=true\" frameborder=\"0\" marginwidth=\"0\" marginheight=\"0\" scrolling=\"no\"><\/iframe><\/p>\n","protected":false},"excerpt":{"rendered":"<p>Die Single \u201cAddio Maria\u201d erscheint am 11.02.2022, das Album \u201cSommersterne\u201d folgt am 29. April! Mit einem brillanten Paradebeispiel startet das erfolgreichste Schweizer Schlagertrio Europas ins Jahr 2022 und zeichnet gleich zum Jahresbeginn eine traumhafte Melodie-Kulisse. \u201eAddio Maria\u201c hei\u00dft die erste Vorab-Auskopplung des kommenden Albums \u201eSommersterne\u201c, dabei \u00fcberzeugt die klangvolle Single mit einer f\u00fcr die CALIMEROS typischen malerischen Erlebniswelt. Mit einer geh\u00f6rigen Prise Liebe etikettiert das Erfolgstrio den charakterstarken Track \u201eAddio Maria\u201c und portr\u00e4tiert zeitgleich die besungene Romanze Namens Maria, welche in der sinnbildlichen Interpretation f\u00fcr die \u201eGeliebte\u201c steht. Nur die Calimeros verstehen es in ihrer wunderbaren Einzigartigkeit dem schier endlosen Thema immer aufs Neue eine&#8230;<\/p>\n","protected":false},"author":1,"featured_media":9202,"comment_status":"closed","ping_status":"closed","sticky":false,"template":"","format":"standard","meta":{"footnotes":""},"categories":[2],"tags":[763],"class_list":["post-9201","post","type-post","status-publish","format-standard","has-post-thumbnail","hentry","category-schlager","tag-calimeros","wpcat-2-id"],"_links":{"self":[{"href":"https:\/\/bergers-schlagerparadies.de\/index.php?rest_route=\/wp\/v2\/posts\/9201","targetHints":{"allow":["GET"]}}],"collection":[{"href":"https:\/\/bergers-schlagerparadies.de\/index.php?rest_route=\/wp\/v2\/posts"}],"about":[{"href":"https:\/\/bergers-schlagerparadies.de\/index.php?rest_route=\/wp\/v2\/types\/post"}],"author":[{"embeddable":true,"href":"https:\/\/bergers-schlagerparadies.de\/index.php?rest_route=\/wp\/v2\/users\/1"}],"replies":[{"embeddable":true,"href":"https:\/\/bergers-schlagerparadies.de\/index.php?rest_route=%2Fwp%2Fv2%2Fcomments&post=9201"}],"version-history":[{"count":1,"href":"https:\/\/bergers-schlagerparadies.de\/index.php?rest_route=\/wp\/v2\/posts\/9201\/revisions"}],"predecessor-version":[{"id":9205,"href":"https:\/\/bergers-schlagerparadies.de\/index.php?rest_route=\/wp\/v2\/posts\/9201\/revisions\/9205"}],"wp:featuredmedia":[{"embeddable":true,"href":"https:\/\/bergers-schlagerparadies.de\/index.php?rest_route=\/wp\/v2\/media\/9202"}],"wp:attachment":[{"href":"https:\/\/bergers-schlagerparadies.de\/index.php?rest_route=%2Fwp%2Fv2%2Fmedia&parent=9201"}],"wp:term":[{"taxonomy":"category","embeddable":true,"href":"https:\/\/bergers-schlagerparadies.de\/index.php?rest_route=%2Fwp%2Fv2%2Fcategories&post=9201"},{"taxonomy":"post_tag","embeddable":true,"href":"https:\/\/bergers-schlagerparadies.de\/index.php?rest_route=%2Fwp%2Fv2%2Ftags&post=9201"}],"curies":[{"name":"wp","href":"https:\/\/api.w.org\/{rel}","templated":true}]}}