{"id":9075,"date":"2022-01-28T11:21:06","date_gmt":"2022-01-28T10:21:06","guid":{"rendered":"http:\/\/bergers-schlagerparadies.de\/?p=9075"},"modified":"2022-01-28T11:21:06","modified_gmt":"2022-01-28T10:21:06","slug":"paulina-wagner-gefuehlt-perfekt-%c2%b7-bergers-schlagerparadies","status":"publish","type":"post","link":"https:\/\/bergers-schlagerparadies.de\/?p=9075","title":{"rendered":"Paulina Wagner &#8211; Gef\u00fchlt perfekt \u00b7 Berger\u00b4s Schlagerparadies"},"content":{"rendered":"<p><img loading=\"lazy\" decoding=\"async\" class=\"size-medium wp-image-9076 alignleft\" src=\"https:\/\/bergers-schlagerparadies.de\/wp-content\/uploads\/2022\/01\/Paulina-Wagner-Gefuehlt-perfekt-300x300.jpg\" alt=\"\" width=\"300\" height=\"300\" srcset=\"https:\/\/bergers-schlagerparadies.de\/wp-content\/uploads\/2022\/01\/Paulina-Wagner-Gefuehlt-perfekt-300x300.jpg 300w, https:\/\/bergers-schlagerparadies.de\/wp-content\/uploads\/2022\/01\/Paulina-Wagner-Gefuehlt-perfekt-1024x1024.jpg 1024w, https:\/\/bergers-schlagerparadies.de\/wp-content\/uploads\/2022\/01\/Paulina-Wagner-Gefuehlt-perfekt-150x150.jpg 150w, https:\/\/bergers-schlagerparadies.de\/wp-content\/uploads\/2022\/01\/Paulina-Wagner-Gefuehlt-perfekt-768x768.jpg 768w, https:\/\/bergers-schlagerparadies.de\/wp-content\/uploads\/2022\/01\/Paulina-Wagner-Gefuehlt-perfekt-1536x1536.jpg 1536w, https:\/\/bergers-schlagerparadies.de\/wp-content\/uploads\/2022\/01\/Paulina-Wagner-Gefuehlt-perfekt-2048x2048.jpg 2048w, https:\/\/bergers-schlagerparadies.de\/wp-content\/uploads\/2022\/01\/Paulina-Wagner-Gefuehlt-perfekt-1200x1200.jpg 1200w, https:\/\/bergers-schlagerparadies.de\/wp-content\/uploads\/2022\/01\/Paulina-Wagner-Gefuehlt-perfekt-1188x1188.jpg 1188w, https:\/\/bergers-schlagerparadies.de\/wp-content\/uploads\/2022\/01\/Paulina-Wagner-Gefuehlt-perfekt-100x100.jpg 100w, https:\/\/bergers-schlagerparadies.de\/wp-content\/uploads\/2022\/01\/Paulina-Wagner-Gefuehlt-perfekt-1320x1320.jpg 1320w\" sizes=\"auto, (max-width: 300px) 100vw, 300px\" \/>Dieses Mal ist sie ganz sicher verliebt: Paulina Wagner startet mit ihrer neuen Single \u201eGef\u00fchlt perfekt\u201c ins Jahr 2022 \u2013 und nimmt schon mal Kurs auf den Fr\u00fchling!<\/p>\n<p>Nachdem Paulina Wagner zuletzt mit der Single \u201eLiebe Liebe\u201c und dem dazugeh\u00f6rigen Remix-Update auf absolute Leichtigkeit gesetzt hatte, pr\u00e4sentiert die gefeierte Newcomerin nun mit \u201eGef\u00fchlt perfekt\u201c eine weitere Auskopplung aus ihrem Deb\u00fctalbum: Ihre neueste Single erz\u00e4hlt von Liebe auf den ersten Blick, von einem pl\u00f6tzlichen Gl\u00fccksrausch und diesem wundersch\u00f6nen Kribbeln, das unerwartete Fr\u00fchlingsgef\u00fchle mit sich bringen. \u201eGef\u00fchlt perfekt\u201c erscheint am 28. Januar bei TELAMO.<\/p>\n<p>Auch dieses Mal setzt die attraktive \u201eDSDS\u201c-Finalistin auf zeitgen\u00f6ssischen Popschlager-Sound: klassische Schlagerharmonien treffen auf moderne Beats und frische Lyrics. Komponiert von Benjamin Br\u00fcmmer, Mitch Keller und Terence Olivier, liefert ihr Produzent Simon Allert (u.a. Bernhard Brink, Roland Kaiser, Thomas Anders) das perfekte Euphorie-Arrangement f\u00fcr die pl\u00f6tzlichen Fr\u00fchlingsgef\u00fchle: Schluss mit dem Gr\u00fcbeln, lang genug den Kopf bem\u00fcht, denn \u201emanchmal steht mir der Verstand im Weg\/manchmal habe ich zu lang \u00fcberlegt\u201c, wie die 24-J\u00e4hrige es gleich zu Beginn ihrer neuen Popschlager-Hymne formuliert. Die Blicke treffen sich, das Herz schl\u00e4gt schneller und lauter, das Gef\u00fchl bahnt sich den Weg \u2013 bis mit einem Mal die ganze Welt kopfsteht: So f\u00fchlt sich das Gl\u00fcck also an! \u201eGef\u00fchlt perfekt \u2013 mehr brauch \u2013 ich nicht\u201c, singt Paulina und genie\u00dft offensichtlich jede langgezogene Silbe dieser \u00fcberw\u00e4ltigenden Einsicht. Alles andere ist jetzt erst mal egal: \u201ekann sein\u2026 dann sind wir eben crazy in love!\u201c<\/p>\n<p>1997 in Lahnstein bei Koblenz geboren, sang Paulina Wagner schon als kleines M\u00e4dchen bei jeder Gelegenheit: Auf die B\u00fchne des Kindergartenfests folgte bald das Schultheater, auf den Gesangsunterricht folgten wenig sp\u00e4ter die ersten Bandkonstellationen. Neben dem Studium in K\u00f6ln in verschiedenen Coverbands aktiv, setzte sie schlie\u00dflich alles auf eine Karte und bewarb sich bei \u201eDeutschland sucht den Superstar\u201c \u2013 wo sie 2020 nicht nur die Jury um Dieter Bohlen und Florian Silbereisen mit ihrer Ausnahmestimme immer wieder \u00fcberzeugen konnte, sondern auch Millionen von Fernsehzuschauern begeisterte und es bis ins Finale schaffte. Wenig sp\u00e4ter auch schon bei TELAMO unter Vertrag, hat die 24-J\u00e4hrige auf dem Solodeb\u00fct \u201eVielleicht verliebt\u201c zuletzt ihren ganz eigenen Popschlager-Begriff definiert und dabei auch immer wieder jene Lebensfreude vertont, die ihr ins Gesicht geschrieben steht.<\/p>\n<p>\u201eIch will dich\/ich will mehr\/jeden Augenblick\u201c: Mit euphorischen Background-Chorges\u00e4ngen und einem elektrisierenden Arrangement vertont Paulina Wagner jetzt schon die Fr\u00fchlingsgef\u00fchle des neuen Jahres \u2013 auf ihrer neuen Single \u201eGef\u00fchlt perfekt\u201c.<\/p>\n<p>Die Single \u201eGef\u00fchlt perfekt\u201c erscheint am 28. Januar 2022.<\/p>\n<p>Mehr Infos zu Paulina Wagner unter <a href=\"https:\/\/www.facebook.com\/PaulinaM.Wagner\">https:\/\/www.facebook.com\/PaulinaM.Wagner<\/a> und <a href=\"https:\/\/www.instagram.com\/paulinawagner_official\/\">https:\/\/www.instagram.com\/paulinawagner_official\/<\/a><\/p>\n<p>Wenn Sie ein Video von TELAMO in Ihren Beitrag oder auf Ihre Homepage einbinden wollen, finden<br \/>\nSie alle Videos und die dazugeh\u00f6rigen Embedded Codes auf https:\/\/www.youtube.com\/schlagerfueralle<\/p>\n<p>Ben\u00f6tigen Sie weiteres Pressematerial unserer K\u00fcnstler? Dann registrieren Sie sich bitte unter <a href=\"http:\/\/www.b2b-telamo.de\">www.b2b-telamo.de<\/a>.<\/p>\n<p>Kontakt TELAMO: <a href=\"mailto:presse@telamo.de\">presse@telamo.de<\/a><\/p>\n<p><span style=\"color: #800000;\"><strong>Dieser Song ist ab dem 28.01.2022 in allen bekannten Onlineshops erh\u00e4ltlich!<\/strong><\/span><\/p>\n<p><span style=\"color: #800000;\"><strong>Airdate (f\u00fcr Radiosender): 28.01.2022<\/strong><\/span><\/p>\n<p><iframe style=\"width: 120px; height: 240px;\" src=\"\/\/ws-eu.amazon-adsystem.com\/widgets\/q?ServiceVersion=20070822&amp;OneJS=1&amp;Operation=GetAdHtml&amp;MarketPlace=DE&amp;source=ss&amp;ref=as_ss_li_til&amp;ad_type=product_link&amp;tracking_id=bergers-21&amp;language=de_DE&amp;marketplace=amazon&amp;region=DE&amp;placement=B095XCLB9L&amp;asins=B095XCLB9L&amp;linkId=0b9abaa802171b0bcb96be43662acadd&amp;show_border=true&amp;link_opens_in_new_window=true\" frameborder=\"0\" marginwidth=\"0\" marginheight=\"0\" scrolling=\"no\"><\/iframe><\/p>\n","protected":false},"excerpt":{"rendered":"<p>Dieses Mal ist sie ganz sicher verliebt: Paulina Wagner startet mit ihrer neuen Single \u201eGef\u00fchlt perfekt\u201c ins Jahr 2022 \u2013 und nimmt schon mal Kurs auf den Fr\u00fchling! Nachdem Paulina Wagner zuletzt mit der Single \u201eLiebe Liebe\u201c und dem dazugeh\u00f6rigen Remix-Update auf absolute Leichtigkeit gesetzt hatte, pr\u00e4sentiert die gefeierte Newcomerin nun mit \u201eGef\u00fchlt perfekt\u201c eine weitere Auskopplung aus ihrem Deb\u00fctalbum: Ihre neueste Single erz\u00e4hlt von Liebe auf den ersten Blick, von einem pl\u00f6tzlichen Gl\u00fccksrausch und diesem wundersch\u00f6nen Kribbeln, das unerwartete Fr\u00fchlingsgef\u00fchle mit sich bringen. \u201eGef\u00fchlt perfekt\u201c erscheint am 28. Januar bei TELAMO. Auch dieses Mal setzt die attraktive \u201eDSDS\u201c-Finalistin auf zeitgen\u00f6ssischen Popschlager-Sound: klassische Schlagerharmonien treffen&#8230;<\/p>\n","protected":false},"author":1,"featured_media":9076,"comment_status":"closed","ping_status":"closed","sticky":false,"template":"","format":"standard","meta":{"footnotes":""},"categories":[2],"tags":[731],"class_list":["post-9075","post","type-post","status-publish","format-standard","has-post-thumbnail","hentry","category-schlager","tag-paulina-wagner","wpcat-2-id"],"_links":{"self":[{"href":"https:\/\/bergers-schlagerparadies.de\/index.php?rest_route=\/wp\/v2\/posts\/9075","targetHints":{"allow":["GET"]}}],"collection":[{"href":"https:\/\/bergers-schlagerparadies.de\/index.php?rest_route=\/wp\/v2\/posts"}],"about":[{"href":"https:\/\/bergers-schlagerparadies.de\/index.php?rest_route=\/wp\/v2\/types\/post"}],"author":[{"embeddable":true,"href":"https:\/\/bergers-schlagerparadies.de\/index.php?rest_route=\/wp\/v2\/users\/1"}],"replies":[{"embeddable":true,"href":"https:\/\/bergers-schlagerparadies.de\/index.php?rest_route=%2Fwp%2Fv2%2Fcomments&post=9075"}],"version-history":[{"count":1,"href":"https:\/\/bergers-schlagerparadies.de\/index.php?rest_route=\/wp\/v2\/posts\/9075\/revisions"}],"predecessor-version":[{"id":9077,"href":"https:\/\/bergers-schlagerparadies.de\/index.php?rest_route=\/wp\/v2\/posts\/9075\/revisions\/9077"}],"wp:featuredmedia":[{"embeddable":true,"href":"https:\/\/bergers-schlagerparadies.de\/index.php?rest_route=\/wp\/v2\/media\/9076"}],"wp:attachment":[{"href":"https:\/\/bergers-schlagerparadies.de\/index.php?rest_route=%2Fwp%2Fv2%2Fmedia&parent=9075"}],"wp:term":[{"taxonomy":"category","embeddable":true,"href":"https:\/\/bergers-schlagerparadies.de\/index.php?rest_route=%2Fwp%2Fv2%2Fcategories&post=9075"},{"taxonomy":"post_tag","embeddable":true,"href":"https:\/\/bergers-schlagerparadies.de\/index.php?rest_route=%2Fwp%2Fv2%2Ftags&post=9075"}],"curies":[{"name":"wp","href":"https:\/\/api.w.org\/{rel}","templated":true}]}}