{"id":9058,"date":"2022-01-28T10:20:52","date_gmt":"2022-01-28T09:20:52","guid":{"rendered":"http:\/\/bergers-schlagerparadies.de\/?p=9058"},"modified":"2022-01-28T10:25:00","modified_gmt":"2022-01-28T09:25:00","slug":"allessa-nimm-deine-traeume-wieder-mit-%c2%b7-bergers-schlagerparadies","status":"publish","type":"post","link":"https:\/\/bergers-schlagerparadies.de\/?p=9058","title":{"rendered":"Allessa &#8211; Nimm deine Tr\u00e4ume wieder mit \u00b7 Berger\u00b4s Schlagerparadies"},"content":{"rendered":"<p><img loading=\"lazy\" decoding=\"async\" class=\"size-medium wp-image-9059 alignleft\" src=\"https:\/\/bergers-schlagerparadies.de\/wp-content\/uploads\/2022\/01\/Allessa-Nimm-deine-Traeume-wieder-mit-300x300.jpg\" alt=\"\" width=\"300\" height=\"300\" srcset=\"https:\/\/bergers-schlagerparadies.de\/wp-content\/uploads\/2022\/01\/Allessa-Nimm-deine-Traeume-wieder-mit-300x300.jpg 300w, https:\/\/bergers-schlagerparadies.de\/wp-content\/uploads\/2022\/01\/Allessa-Nimm-deine-Traeume-wieder-mit-1024x1024.jpg 1024w, https:\/\/bergers-schlagerparadies.de\/wp-content\/uploads\/2022\/01\/Allessa-Nimm-deine-Traeume-wieder-mit-150x150.jpg 150w, https:\/\/bergers-schlagerparadies.de\/wp-content\/uploads\/2022\/01\/Allessa-Nimm-deine-Traeume-wieder-mit-768x768.jpg 768w, https:\/\/bergers-schlagerparadies.de\/wp-content\/uploads\/2022\/01\/Allessa-Nimm-deine-Traeume-wieder-mit-1200x1200.jpg 1200w, https:\/\/bergers-schlagerparadies.de\/wp-content\/uploads\/2022\/01\/Allessa-Nimm-deine-Traeume-wieder-mit-1188x1188.jpg 1188w, https:\/\/bergers-schlagerparadies.de\/wp-content\/uploads\/2022\/01\/Allessa-Nimm-deine-Traeume-wieder-mit-100x100.jpg 100w, https:\/\/bergers-schlagerparadies.de\/wp-content\/uploads\/2022\/01\/Allessa-Nimm-deine-Traeume-wieder-mit-1320x1320.jpg 1320w, https:\/\/bergers-schlagerparadies.de\/wp-content\/uploads\/2022\/01\/Allessa-Nimm-deine-Traeume-wieder-mit.jpg 1440w\" sizes=\"auto, (max-width: 300px) 100vw, 300px\" \/>Mit ihrem aktuellen Album \u201eSommerregen\u201c machte ALLESSA 2021 mehr als auf sich aufmerksam: hitverd\u00e4chtige Songs &#8211; tolle Kritiken und Karriere-Bestmarken in den Verkaufscharts (#6 in \u00d6sterreich sowie #36 der Deutschen Albumcharts).<br \/>\nKein Wunder, dass das Jahr 2022 auch direkt musikalisch f\u00fcr die \u00f6sterreichische Powerfrau mit italienischen, deutschen und ungarischen Wurzeln beginnt. Am 22. Januar stand sie noch auf der TV-B\u00fchne bei der Eurovisionssendung \u201eWenn die Musi spielt\u201c \u2013 schon eine Woche sp\u00e4ter pr\u00e4sentiert sie ihre neue Single aus ihrem Chartalbum.<\/p>\n<p>Auch f\u00fcr die neue Auskopplung \u201eNimm deine Tr\u00e4ume wieder mit\u201c zeichnet ihr Kreativ-Team Joachim Horn-Berges (u.a. Howard Carpendale, Helene Fischer) und Jens M\u00f6ller verantwortlich.<br \/>\nPerfekt auf den Leib \u2013 oder besser: die Stimme \u2013 geschrieben, nimmt uns Allessa mit in ihre musikalische Welt.<\/p>\n<p>Bereits die Vorg\u00e4nger-Singles \u201eVerbotene Liebe\u201c und \u201eDas kann\u2019s doch nicht gewesen sein\u201c platzierten sich in den Top-Regionen der nationalen Airplaycharts. Und auch mit den Videos ihrer ersten drei \u201eSommerregen\u201c- Singles steuert sie zielsicher auf gesamt 1 Million YouTube Views zu.<\/p>\n<p>\u201eNimm dein Tr\u00e4ume wieder mit\u201c erscheint am 28.01.2022 bei TELAMO.<\/p>\n<p>Mehr Informationen zur K\u00fcnstlerin sowie dem aktuellen Album \u201eSommerregen\u201c (inkl. Musik und Videos) finden sie in unserem B2B-Previewlink: Allessa \u2013 Sommerregen \u2013 TELAMO (b2b-telamo.de).<\/p>\n<p>Wenn Sie ein Video von TELAMO in Ihren Beitrag oder auf Ihre Homepage einbinden wollen, finden Sie alle Videos und die dazugeh\u00f6rigen Embedded Codes auf https:\/\/www.youtube.com\/schlagerfueralle.<\/p>\n<p>Ben\u00f6tigen Sie weiteres Pressematerial unserer K\u00fcnstler? Dann registrieren Sie sich bitte unter <a href=\"http:\/\/www.b2b-telamo.de\">www.b2b-telamo.de<\/a>.<\/p>\n<p>Kontakt TELAMO: <a href=\"mailto:presse@telamo.de\">presse@telamo.de<\/a><\/p>\n<p><span style=\"color: #800000;\"><strong>Dieser Song ist ab dem 28.01.2022 in allen bekannten Onlineshops erh\u00e4ltlich!<\/strong><\/span><\/p>\n<p><span style=\"color: #800000;\"><strong>Airdate (f\u00fcr Radiosender): 28.01.2022<\/strong><\/span><\/p>\n<p><iframe style=\"width: 120px; height: 240px;\" src=\"\/\/ws-eu.amazon-adsystem.com\/widgets\/q?ServiceVersion=20070822&amp;OneJS=1&amp;Operation=GetAdHtml&amp;MarketPlace=DE&amp;source=ss&amp;ref=as_ss_li_til&amp;ad_type=product_link&amp;tracking_id=bergers-21&amp;language=de_DE&amp;marketplace=amazon&amp;region=DE&amp;placement=B095C1LXYP&amp;asins=B095C1LXYP&amp;linkId=2457340ec5f7b8d7b021b86676b25beb&amp;show_border=true&amp;link_opens_in_new_window=true\" frameborder=\"0\" marginwidth=\"0\" marginheight=\"0\" scrolling=\"no\"><\/iframe><\/p>\n","protected":false},"excerpt":{"rendered":"<p>Mit ihrem aktuellen Album \u201eSommerregen\u201c machte ALLESSA 2021 mehr als auf sich aufmerksam: hitverd\u00e4chtige Songs &#8211; tolle Kritiken und Karriere-Bestmarken in den Verkaufscharts (#6 in \u00d6sterreich sowie #36 der Deutschen Albumcharts). Kein Wunder, dass das Jahr 2022 auch direkt musikalisch f\u00fcr die \u00f6sterreichische Powerfrau mit italienischen, deutschen und ungarischen Wurzeln beginnt. Am 22. Januar stand sie noch auf der TV-B\u00fchne bei der Eurovisionssendung \u201eWenn die Musi spielt\u201c \u2013 schon eine Woche sp\u00e4ter pr\u00e4sentiert sie ihre neue Single aus ihrem Chartalbum. Auch f\u00fcr die neue Auskopplung \u201eNimm deine Tr\u00e4ume wieder mit\u201c zeichnet ihr Kreativ-Team Joachim Horn-Berges (u.a. Howard Carpendale, Helene Fischer) und Jens M\u00f6ller verantwortlich. Perfekt&#8230;<\/p>\n","protected":false},"author":1,"featured_media":9059,"comment_status":"closed","ping_status":"closed","sticky":false,"template":"","format":"standard","meta":{"footnotes":""},"categories":[2],"tags":[1182],"class_list":["post-9058","post","type-post","status-publish","format-standard","has-post-thumbnail","hentry","category-schlager","tag-allessa","wpcat-2-id"],"_links":{"self":[{"href":"https:\/\/bergers-schlagerparadies.de\/index.php?rest_route=\/wp\/v2\/posts\/9058","targetHints":{"allow":["GET"]}}],"collection":[{"href":"https:\/\/bergers-schlagerparadies.de\/index.php?rest_route=\/wp\/v2\/posts"}],"about":[{"href":"https:\/\/bergers-schlagerparadies.de\/index.php?rest_route=\/wp\/v2\/types\/post"}],"author":[{"embeddable":true,"href":"https:\/\/bergers-schlagerparadies.de\/index.php?rest_route=\/wp\/v2\/users\/1"}],"replies":[{"embeddable":true,"href":"https:\/\/bergers-schlagerparadies.de\/index.php?rest_route=%2Fwp%2Fv2%2Fcomments&post=9058"}],"version-history":[{"count":1,"href":"https:\/\/bergers-schlagerparadies.de\/index.php?rest_route=\/wp\/v2\/posts\/9058\/revisions"}],"predecessor-version":[{"id":9060,"href":"https:\/\/bergers-schlagerparadies.de\/index.php?rest_route=\/wp\/v2\/posts\/9058\/revisions\/9060"}],"wp:featuredmedia":[{"embeddable":true,"href":"https:\/\/bergers-schlagerparadies.de\/index.php?rest_route=\/wp\/v2\/media\/9059"}],"wp:attachment":[{"href":"https:\/\/bergers-schlagerparadies.de\/index.php?rest_route=%2Fwp%2Fv2%2Fmedia&parent=9058"}],"wp:term":[{"taxonomy":"category","embeddable":true,"href":"https:\/\/bergers-schlagerparadies.de\/index.php?rest_route=%2Fwp%2Fv2%2Fcategories&post=9058"},{"taxonomy":"post_tag","embeddable":true,"href":"https:\/\/bergers-schlagerparadies.de\/index.php?rest_route=%2Fwp%2Fv2%2Ftags&post=9058"}],"curies":[{"name":"wp","href":"https:\/\/api.w.org\/{rel}","templated":true}]}}