{"id":9054,"date":"2022-01-28T10:15:23","date_gmt":"2022-01-28T09:15:23","guid":{"rendered":"http:\/\/bergers-schlagerparadies.de\/?p=9054"},"modified":"2022-01-28T10:15:23","modified_gmt":"2022-01-28T09:15:23","slug":"wind-das-beste-gefuehl-%c2%b7-bergers-schlagerparadies","status":"publish","type":"post","link":"https:\/\/bergers-schlagerparadies.de\/?p=9054","title":{"rendered":"Wind &#8211; Das beste Gef\u00fchl \u00b7 Berger\u00b4s Schlagerparadies"},"content":{"rendered":"<p><img loading=\"lazy\" decoding=\"async\" class=\"size-medium wp-image-9055 alignleft\" src=\"https:\/\/bergers-schlagerparadies.de\/wp-content\/uploads\/2022\/01\/Wind-Das-beste-Gefuehl-300x300.jpg\" alt=\"\" width=\"300\" height=\"300\" srcset=\"https:\/\/bergers-schlagerparadies.de\/wp-content\/uploads\/2022\/01\/Wind-Das-beste-Gefuehl-300x300.jpg 300w, https:\/\/bergers-schlagerparadies.de\/wp-content\/uploads\/2022\/01\/Wind-Das-beste-Gefuehl-1024x1024.jpg 1024w, https:\/\/bergers-schlagerparadies.de\/wp-content\/uploads\/2022\/01\/Wind-Das-beste-Gefuehl-150x150.jpg 150w, https:\/\/bergers-schlagerparadies.de\/wp-content\/uploads\/2022\/01\/Wind-Das-beste-Gefuehl-768x768.jpg 768w, https:\/\/bergers-schlagerparadies.de\/wp-content\/uploads\/2022\/01\/Wind-Das-beste-Gefuehl-1536x1536.jpg 1536w, https:\/\/bergers-schlagerparadies.de\/wp-content\/uploads\/2022\/01\/Wind-Das-beste-Gefuehl-2048x2048.jpg 2048w, https:\/\/bergers-schlagerparadies.de\/wp-content\/uploads\/2022\/01\/Wind-Das-beste-Gefuehl-1200x1200.jpg 1200w, https:\/\/bergers-schlagerparadies.de\/wp-content\/uploads\/2022\/01\/Wind-Das-beste-Gefuehl-1188x1188.jpg 1188w, https:\/\/bergers-schlagerparadies.de\/wp-content\/uploads\/2022\/01\/Wind-Das-beste-Gefuehl-100x100.jpg 100w, https:\/\/bergers-schlagerparadies.de\/wp-content\/uploads\/2022\/01\/Wind-Das-beste-Gefuehl-1320x1320.jpg 1320w\" sizes=\"auto, (max-width: 300px) 100vw, 300px\" \/>Mit dem besten Gef\u00fchl ins neue Jahr!<br \/>\nDie Gruppe WIND weht auch in 2022 wieder kr\u00e4ftig durch die Schlagerlandschaft und wei\u00df dabei zu \u00fcberraschen! Am 04. Februar erscheint ihre neue Single \u201eDas beste Gef\u00fchl\u201c bei More Music, dem neuen K\u00f6lner Label f\u00fcr Schlager, Pop &amp; Party-Schlager. Warum WIND bis heute nicht die Luft ausgeht, liegt sicher nicht zuletzt an der gro\u00dfen Eigenverantwortung, mit der sich das K\u00fcnstlertrio Andreas Lebbing (Producer), Carolin Fr\u00f6lian (Texterin) und Jasmin Kneepkens ihrer Musik, ihrer gro\u00dfen Leidenschaft widmet.<br \/>\nWenn man also von der ber\u00fchmten \u201eAuthentizit\u00e4t\u201c sprechen kann, erf\u00fcllt die Gruppe WIND alle Voraussetzungen, um ihre Fans gl\u00fccklich zu machen. So kommt der neue Titel \u201eDas beste Gef\u00fchl\u201c selbstverst\u00e4ndlich im WIND-typischen Gewand daher, gl\u00e4nzt im Satzgesang und schenkt den H\u00f6rer:innen 3:21 Minuten lang pure Gl\u00fccksgef\u00fchle. Letzteres ist sicher auch Teil des Erfolgsrezeptes von WIND.<br \/>\nEin neues WIND-Album steht schon in den Startl\u00f6chern und wird im Fr\u00fchjahr einen sehr musikalischen, abwechslungsreichen Titelmix liefern. Beeinflusst vom unterschiedlichen pers\u00f6nlichen Musikgeschmack der drei Protagonisten entstehen im Hause WIND spannende Songs, die das Potential haben, an die j\u00fcngsten Erfolge anzukn\u00fcpfen.<\/p>\n<p>Homepage: <a href=\"https:\/\/www.gruppewind.de\">https:\/\/www.gruppewind.de<\/a><br \/>\nFacebook: <a href=\"https:\/\/www.facebook.com\/gruppewind\/\">https:\/\/www.facebook.com\/gruppewind\/<\/a><br \/>\nInstagram: <a href=\"https:\/\/www.instagram.com\/gruppewind\/\">https:\/\/www.instagram.com\/gruppewind\/<\/a><\/p>\n<p><span style=\"color: #800000;\"><strong>Dieser Song ist ab dem 04.02.2022 in allen bekannten Onlineshops erh\u00e4ltlich!<\/strong><\/span><\/p>\n<p><span style=\"color: #800000;\"><strong>Airdate (f\u00fcr Radiosender): 28.01.2022<\/strong><\/span><\/p>\n","protected":false},"excerpt":{"rendered":"<p>Mit dem besten Gef\u00fchl ins neue Jahr! Die Gruppe WIND weht auch in 2022 wieder kr\u00e4ftig durch die Schlagerlandschaft und wei\u00df dabei zu \u00fcberraschen! Am 04. Februar erscheint ihre neue Single \u201eDas beste Gef\u00fchl\u201c bei More Music, dem neuen K\u00f6lner Label f\u00fcr Schlager, Pop &amp; Party-Schlager. Warum WIND bis heute nicht die Luft ausgeht, liegt sicher nicht zuletzt an der gro\u00dfen Eigenverantwortung, mit der sich das K\u00fcnstlertrio Andreas Lebbing (Producer), Carolin Fr\u00f6lian (Texterin) und Jasmin Kneepkens ihrer Musik, ihrer gro\u00dfen Leidenschaft widmet. Wenn man also von der ber\u00fchmten \u201eAuthentizit\u00e4t\u201c sprechen kann, erf\u00fcllt die Gruppe WIND alle Voraussetzungen, um ihre Fans gl\u00fccklich zu machen. So kommt&#8230;<\/p>\n","protected":false},"author":1,"featured_media":9055,"comment_status":"closed","ping_status":"closed","sticky":false,"template":"","format":"standard","meta":{"footnotes":""},"categories":[2],"tags":[776],"class_list":["post-9054","post","type-post","status-publish","format-standard","has-post-thumbnail","hentry","category-schlager","tag-wind","wpcat-2-id"],"_links":{"self":[{"href":"https:\/\/bergers-schlagerparadies.de\/index.php?rest_route=\/wp\/v2\/posts\/9054","targetHints":{"allow":["GET"]}}],"collection":[{"href":"https:\/\/bergers-schlagerparadies.de\/index.php?rest_route=\/wp\/v2\/posts"}],"about":[{"href":"https:\/\/bergers-schlagerparadies.de\/index.php?rest_route=\/wp\/v2\/types\/post"}],"author":[{"embeddable":true,"href":"https:\/\/bergers-schlagerparadies.de\/index.php?rest_route=\/wp\/v2\/users\/1"}],"replies":[{"embeddable":true,"href":"https:\/\/bergers-schlagerparadies.de\/index.php?rest_route=%2Fwp%2Fv2%2Fcomments&post=9054"}],"version-history":[{"count":1,"href":"https:\/\/bergers-schlagerparadies.de\/index.php?rest_route=\/wp\/v2\/posts\/9054\/revisions"}],"predecessor-version":[{"id":9057,"href":"https:\/\/bergers-schlagerparadies.de\/index.php?rest_route=\/wp\/v2\/posts\/9054\/revisions\/9057"}],"wp:featuredmedia":[{"embeddable":true,"href":"https:\/\/bergers-schlagerparadies.de\/index.php?rest_route=\/wp\/v2\/media\/9055"}],"wp:attachment":[{"href":"https:\/\/bergers-schlagerparadies.de\/index.php?rest_route=%2Fwp%2Fv2%2Fmedia&parent=9054"}],"wp:term":[{"taxonomy":"category","embeddable":true,"href":"https:\/\/bergers-schlagerparadies.de\/index.php?rest_route=%2Fwp%2Fv2%2Fcategories&post=9054"},{"taxonomy":"post_tag","embeddable":true,"href":"https:\/\/bergers-schlagerparadies.de\/index.php?rest_route=%2Fwp%2Fv2%2Ftags&post=9054"}],"curies":[{"name":"wp","href":"https:\/\/api.w.org\/{rel}","templated":true}]}}