{"id":8996,"date":"2022-01-25T10:04:12","date_gmt":"2022-01-25T09:04:12","guid":{"rendered":"http:\/\/bergers-schlagerparadies.de\/?p=8996"},"modified":"2022-01-25T10:59:48","modified_gmt":"2022-01-25T09:59:48","slug":"harry-wijnvoord-wind-im-gesicht-%c2%b7-bergers-schlagerparadies","status":"publish","type":"post","link":"https:\/\/bergers-schlagerparadies.de\/?p=8996","title":{"rendered":"HARRY WIJNVOORD &#8211; Wind Im Gesicht \u00b7 Berger\u00b4s Schlagerparadies"},"content":{"rendered":"<p><img loading=\"lazy\" decoding=\"async\" class=\"size-medium wp-image-8997 alignleft\" src=\"https:\/\/bergers-schlagerparadies.de\/wp-content\/uploads\/2022\/01\/HARRY-WIJNVOORD-Wind-Im-Gesicht-300x300.jpg\" alt=\"\" width=\"300\" height=\"300\" srcset=\"https:\/\/bergers-schlagerparadies.de\/wp-content\/uploads\/2022\/01\/HARRY-WIJNVOORD-Wind-Im-Gesicht-300x300.jpg 300w, https:\/\/bergers-schlagerparadies.de\/wp-content\/uploads\/2022\/01\/HARRY-WIJNVOORD-Wind-Im-Gesicht-150x150.jpg 150w, https:\/\/bergers-schlagerparadies.de\/wp-content\/uploads\/2022\/01\/HARRY-WIJNVOORD-Wind-Im-Gesicht-768x768.jpg 768w, https:\/\/bergers-schlagerparadies.de\/wp-content\/uploads\/2022\/01\/HARRY-WIJNVOORD-Wind-Im-Gesicht-100x100.jpg 100w, https:\/\/bergers-schlagerparadies.de\/wp-content\/uploads\/2022\/01\/HARRY-WIJNVOORD-Wind-Im-Gesicht.jpg 1000w\" sizes=\"auto, (max-width: 300px) 100vw, 300px\" \/>Entertainer Harry Wijnvoord (\u201cDer Preis ist hei\u00df\u201d) kehrt mit neuer Single auf die Showb\u00fchne zur\u00fcck<\/p>\n<p>\u201eWind im Gesicht\u201c ist ein Fernweh-Song \u00fcber die Sehns\u00fcchte Corona-geplagter Menschen, endlich wieder unbeschwert reisen zu d\u00fcrfen<\/p>\n<p>W\u00e4hrend sich Show-Kollegen von der B\u00fchne verabschieden, startet der bekannte niederl\u00e4ndische Entertainer Harry Wijnvoord (pr\u00e4sentierte in den 90er Jahren 1.873 mal die RTL-Erfolgsshow \u201eDer Preis ist hei\u00df\u201c) gleich zu Beginn des neuen Jahres in eine neue (Schlager-)Karriere. Am 25. Januar 2022 kehrt Wijnvoord mit der Schlager-Ballade \u201eWind im Gesicht\u201c auf die Showb\u00fchne zur\u00fcck. Es ist ein Fernweh-Song \u00fcber die Sehns\u00fcchte Corona-geplagter Menschen, endlich wieder unbeschwert reisen zu d\u00fcrfen. Harry Wijnvoord kennt dieses Fernweh aus eigener Erfahrung &#8211; er ist seit Jahren als \u201eUrlaubs-Checker\u201c beim Reisesender \u201esonnenklar.tv&#8220; unterwegs: \u201eIch hoffe, mit diesem Song Millionen von Menschen aus dem Herzen zu sprechen bzw. zu singen. Die Menschen wollen nach langer Zeit der Entbehrungen endlich wieder unbeschwertes Reisen und unbeschwerte Ferien genie\u00dfen.\u201c<\/p>\n<p>Wijnvoords K\u00f6lner Musikproduzent J\u00fcrgen Triebel (Co-Moderator im einst legend\u00e4ren \u201eWWF-Club\u201c) hat dem sympathischen Niederl\u00e4nder mit \u201eWind im Gesicht\u201c einen Ohrwurm mit Hit-Potenzial auf den Leib geschrieben (Text: Horst Herbert Krause und Andreas Kunst). Die Single erscheint am 25. Januar auf dem SOUNDS like FUN-Label im Vertrieb von SEYCHELLES MUSIC und ist auf allen Download- und Streaming-Plattformen abrufbar. Dazu gibt es auf YouTube (<a href=\"https:\/\/youtu.be\/GTsFvmZNWrg\">https:\/\/youtu.be\/GTsFvmZNWrg<\/a>) das offizielle Musikvideo, das im Januar in Harry Wijnvoords Geburtsort Den Haag, genauer gesagt im Stadtteil Scheveningen, dem gr\u00f6\u00dften Seebad des Landes, unter Corona-Bedingungen an der niederl\u00e4ndischen Nordseek\u00fcste produziert wurde.<\/p>\n<p>\u25baWebsite: <a href=\"http:\/\/www.harry-wijnvoord.de\" target=\"_blank\" rel=\"noopener\">http:\/\/www.harry-wijnvoord.de<\/a><\/p>\n<p>\u25baFacebook: <a href=\"https:\/\/www.facebook.com\/Wijnvoord.Harry\" target=\"_blank\" rel=\"noopener\">https:\/\/www.facebook.com\/Wijnvoord.Harry<\/a><\/p>\n<p>\u25baYoutube: <a href=\"https:\/\/youtu.be\/GTsFvmZNWrg\" target=\"_blank\" rel=\"noopener\">https:\/\/youtu.be\/GTsFvmZNWrg<\/a><\/p>\n<p><span style=\"color: #800000;\"><strong>Dieser Song ist ab dem 25.01.2022 in allen bekannten Onlineshops erh\u00e4ltlich!<\/strong><\/span><\/p>\n<p><span style=\"color: #800000;\"><strong>Airdate (f\u00fcr Radiosender): 23.01.2022<\/strong><\/span><\/p>\n<p><iframe style=\"width: 120px; height: 240px;\" src=\"\/\/ws-eu.amazon-adsystem.com\/widgets\/q?ServiceVersion=20070822&amp;OneJS=1&amp;Operation=GetAdHtml&amp;MarketPlace=DE&amp;source=ss&amp;ref=as_ss_li_til&amp;ad_type=product_link&amp;tracking_id=bergers-21&amp;language=de_DE&amp;marketplace=amazon&amp;region=DE&amp;placement=B09QQJF245&amp;asins=B09QQJF245&amp;linkId=37bcdf59b06736372f2fecd880f7c3e8&amp;show_border=true&amp;link_opens_in_new_window=true\" frameborder=\"0\" marginwidth=\"0\" marginheight=\"0\" scrolling=\"no\"><\/iframe><\/p>\n","protected":false},"excerpt":{"rendered":"<p>Entertainer Harry Wijnvoord (\u201cDer Preis ist hei\u00df\u201d) kehrt mit neuer Single auf die Showb\u00fchne zur\u00fcck \u201eWind im Gesicht\u201c ist ein Fernweh-Song \u00fcber die Sehns\u00fcchte Corona-geplagter Menschen, endlich wieder unbeschwert reisen zu d\u00fcrfen W\u00e4hrend sich Show-Kollegen von der B\u00fchne verabschieden, startet der bekannte niederl\u00e4ndische Entertainer Harry Wijnvoord (pr\u00e4sentierte in den 90er Jahren 1.873 mal die RTL-Erfolgsshow \u201eDer Preis ist hei\u00df\u201c) gleich zu Beginn des neuen Jahres in eine neue (Schlager-)Karriere. Am 25. Januar 2022 kehrt Wijnvoord mit der Schlager-Ballade \u201eWind im Gesicht\u201c auf die Showb\u00fchne zur\u00fcck. Es ist ein Fernweh-Song \u00fcber die Sehns\u00fcchte Corona-geplagter Menschen, endlich wieder unbeschwert reisen zu d\u00fcrfen. Harry Wijnvoord kennt dieses Fernweh&#8230;<\/p>\n","protected":false},"author":1,"featured_media":8997,"comment_status":"closed","ping_status":"closed","sticky":false,"template":"","format":"standard","meta":{"footnotes":""},"categories":[2],"tags":[1177],"class_list":["post-8996","post","type-post","status-publish","format-standard","has-post-thumbnail","hentry","category-schlager","tag-harry-wijnvoord","wpcat-2-id"],"_links":{"self":[{"href":"https:\/\/bergers-schlagerparadies.de\/index.php?rest_route=\/wp\/v2\/posts\/8996","targetHints":{"allow":["GET"]}}],"collection":[{"href":"https:\/\/bergers-schlagerparadies.de\/index.php?rest_route=\/wp\/v2\/posts"}],"about":[{"href":"https:\/\/bergers-schlagerparadies.de\/index.php?rest_route=\/wp\/v2\/types\/post"}],"author":[{"embeddable":true,"href":"https:\/\/bergers-schlagerparadies.de\/index.php?rest_route=\/wp\/v2\/users\/1"}],"replies":[{"embeddable":true,"href":"https:\/\/bergers-schlagerparadies.de\/index.php?rest_route=%2Fwp%2Fv2%2Fcomments&post=8996"}],"version-history":[{"count":2,"href":"https:\/\/bergers-schlagerparadies.de\/index.php?rest_route=\/wp\/v2\/posts\/8996\/revisions"}],"predecessor-version":[{"id":8999,"href":"https:\/\/bergers-schlagerparadies.de\/index.php?rest_route=\/wp\/v2\/posts\/8996\/revisions\/8999"}],"wp:featuredmedia":[{"embeddable":true,"href":"https:\/\/bergers-schlagerparadies.de\/index.php?rest_route=\/wp\/v2\/media\/8997"}],"wp:attachment":[{"href":"https:\/\/bergers-schlagerparadies.de\/index.php?rest_route=%2Fwp%2Fv2%2Fmedia&parent=8996"}],"wp:term":[{"taxonomy":"category","embeddable":true,"href":"https:\/\/bergers-schlagerparadies.de\/index.php?rest_route=%2Fwp%2Fv2%2Fcategories&post=8996"},{"taxonomy":"post_tag","embeddable":true,"href":"https:\/\/bergers-schlagerparadies.de\/index.php?rest_route=%2Fwp%2Fv2%2Ftags&post=8996"}],"curies":[{"name":"wp","href":"https:\/\/api.w.org\/{rel}","templated":true}]}}