{"id":8914,"date":"2022-01-20T13:42:47","date_gmt":"2022-01-20T12:42:47","guid":{"rendered":"http:\/\/bergers-schlagerparadies.de\/?p=8914"},"modified":"2022-01-20T13:42:47","modified_gmt":"2022-01-20T12:42:47","slug":"anna-carina-woitschack-mach-das-nochmal-mit-mir-%c2%b7-bergers-schlagerparadies","status":"publish","type":"post","link":"https:\/\/bergers-schlagerparadies.de\/?p=8914","title":{"rendered":"Anna-Carina Woitschack &#8211; Mach das nochmal mit mir \u00b7 Berger\u00b4s Schlagerparadies"},"content":{"rendered":"<div class=\"\" dir=\"auto\">\n<div id=\"jsc_c_lo\" class=\"ecm0bbzt hv4rvrfc ihqw7lf3 dati1w0a\" data-ad-comet-preview=\"message\" data-ad-preview=\"message\">\n<div class=\"j83agx80 cbu4d94t ew0dbk1b irj2b8pg\">\n<div class=\"qzhwtbm6 knvmm38d\">\n<div class=\"kvgmc6g5 cxmmr5t8 oygrvhab hcukyx3x c1et5uql ii04i59q\">\n<div dir=\"auto\"><img loading=\"lazy\" decoding=\"async\" class=\"size-medium wp-image-8915 alignleft\" src=\"https:\/\/bergers-schlagerparadies.de\/wp-content\/uploads\/2022\/01\/Anna-Carina-Woitschack-Mach-das-nochmal-mit-mir-300x300.jpg\" alt=\"\" width=\"300\" height=\"300\" srcset=\"https:\/\/bergers-schlagerparadies.de\/wp-content\/uploads\/2022\/01\/Anna-Carina-Woitschack-Mach-das-nochmal-mit-mir-300x300.jpg 300w, https:\/\/bergers-schlagerparadies.de\/wp-content\/uploads\/2022\/01\/Anna-Carina-Woitschack-Mach-das-nochmal-mit-mir.jpg 1024w, https:\/\/bergers-schlagerparadies.de\/wp-content\/uploads\/2022\/01\/Anna-Carina-Woitschack-Mach-das-nochmal-mit-mir-150x150.jpg 150w, https:\/\/bergers-schlagerparadies.de\/wp-content\/uploads\/2022\/01\/Anna-Carina-Woitschack-Mach-das-nochmal-mit-mir-768x768.jpg 768w, https:\/\/bergers-schlagerparadies.de\/wp-content\/uploads\/2022\/01\/Anna-Carina-Woitschack-Mach-das-nochmal-mit-mir-100x100.jpg 100w\" sizes=\"auto, (max-width: 300px) 100vw, 300px\" \/>Am 21. Januar 2022 ver\u00f6ffentlicht Anna-Carina Woitschack die n\u00e4chste Single aus ihrem Top 10 Album \u201eTr\u00e4umer\u201c und besser h\u00e4tte die S\u00e4ngerin den neuen Titel nicht ausw\u00e4hlen k\u00f6nnen.<\/div>\n<\/div>\n<div class=\"cxmmr5t8 oygrvhab hcukyx3x c1et5uql o9v6fnle ii04i59q\">\n<div dir=\"auto\">W\u00e4hrend es drau\u00dfen oft grau ist, die Menschen sich nach dem Fr\u00fchling sehnen, sorgt Anna-Carina Woitschack mit \u201eMach das nochmal mit mir\u201c f\u00fcr positive Stimmung. Der tanzbare Beat und der eing\u00e4ngige Refrain gehen sofort ins Ohr und sorgen f\u00fcr gute Laune. Das sp\u00fcrte die ehemalige DSDS-Kandidatin bereits bei ihren Konzerten: \u201eIch durfte den Song schon \u00f6fter live performen und hab gemerkt, dass der Funke \u00fcberspringt. Deswegen wollte ich unbedingt dieses Lied ver\u00f6ffentlichen, weil es auch einer von meinen absoluten Lieblingssongs ist.\u201c<\/div>\n<\/div>\n<div class=\"cxmmr5t8 oygrvhab hcukyx3x c1et5uql o9v6fnle ii04i59q\">\n<div dir=\"auto\">Auch die neue Single stammt wieder zu 100% aus der Feder von Oli Nova, der das Lied komponiert und produziert hat. \u201eIch bleibe dem urspr\u00fcnglichen Schlager wieder treu, eben kombiniert mit tanzbaren Beats. In diesem Fall mit einer Hook, die sehr einpr\u00e4gsam ist\u201c, so<\/div>\n<div dir=\"auto\">Anna-Carina Woitschack \u00fcber die Up-Tempo-Nummer.<\/div>\n<\/div>\n<div class=\"cxmmr5t8 oygrvhab hcukyx3x c1et5uql o9v6fnle ii04i59q\">\n<div dir=\"auto\">Das Musikvideo wurde in einer Diskothek gedreht und weckt eine Sehnsucht, die wir derzeit wohl alle in uns tragen: endlich wieder unbeschwert feiern zu k\u00f6nnen und Spa\u00df zu haben. Wir alle sind noch mehr hungrig aufs Leben! Anna-Carina Woitschack gelingt es uns f\u00fcr ein paar Minuten in eine sorgenfreie Zeit zu entf\u00fchren. Zudem wird es von dem Track einen Dance-Mix geben, damit auch der Letzte zum Tanzen animiert wird.<\/div>\n<\/div>\n<div class=\"cxmmr5t8 oygrvhab hcukyx3x c1et5uql o9v6fnle ii04i59q\">\n<div dir=\"auto\">Anna-Carina Woitschack hat aber noch einen Grund zum Feiern! 2022 ist sie bereits das sechste Jahr bei Telamo: \u201eAlle haben gemeinsam beschlossen, dass die Zusammenarbeit weitergeht, wor\u00fcber ich sehr gl\u00fccklich bin. Wir teilen dieselben Visionen und ich freue mich auf alles was noch kommt.\u201c Eines ist sicher \u2013 auch in Zukunft k\u00f6nnen wir uns auf viele neue Songs freuen, denn Anna-Carina\u2019s gr\u00f6\u00dfte Leidenschaft ist die Musik und sie hat noch sehr viele Ideen, die sie mit ihrem Team perfekt umsetzen wird.<\/div>\n<\/div>\n<div class=\"cxmmr5t8 oygrvhab hcukyx3x c1et5uql o9v6fnle ii04i59q\">\n<div dir=\"auto\">\u201eMach das nochmal mit mir\u201c von <span class=\"nc684nl6\">Anna-Carina Woitschack<\/span> erscheint am 21.01.2022 als Digital-Single bei TELAMO.<\/div>\n<div dir=\"auto\"><\/div>\n<\/div>\n<div dir=\"auto\">\n<p><span style=\"color: #800000;\"><strong>Dieser Song ist ab dem 21.01.2022 in allen bekannten Onlineshops erh\u00e4ltlich!<\/strong><\/span><\/p>\n<p><span style=\"color: #800000;\"><strong>Airdate (f\u00fcr Radiosender): 21.01.2022<\/strong><\/span><\/p>\n<\/div>\n<\/div>\n<\/div>\n<\/div>\n<\/div>\n<p><iframe style=\"width: 120px; height: 240px;\" src=\"\/\/ws-eu.amazon-adsystem.com\/widgets\/q?ServiceVersion=20070822&amp;OneJS=1&amp;Operation=GetAdHtml&amp;MarketPlace=DE&amp;source=ss&amp;ref=as_ss_li_til&amp;ad_type=product_link&amp;tracking_id=bergers-21&amp;language=de_DE&amp;marketplace=amazon&amp;region=DE&amp;placement=B093N8XH53&amp;asins=B093N8XH53&amp;linkId=0827b442fa8e2ddaf5b39d7bd2697a1d&amp;show_border=true&amp;link_opens_in_new_window=true\" frameborder=\"0\" marginwidth=\"0\" marginheight=\"0\" scrolling=\"no\"><\/iframe><\/p>\n","protected":false},"excerpt":{"rendered":"<p>Am 21. Januar 2022 ver\u00f6ffentlicht Anna-Carina Woitschack die n\u00e4chste Single aus ihrem Top 10 Album \u201eTr\u00e4umer\u201c und besser h\u00e4tte die S\u00e4ngerin den neuen Titel nicht ausw\u00e4hlen k\u00f6nnen. W\u00e4hrend es drau\u00dfen oft grau ist, die Menschen sich nach dem Fr\u00fchling sehnen, sorgt Anna-Carina Woitschack mit \u201eMach das nochmal mit mir\u201c f\u00fcr positive Stimmung. Der tanzbare Beat und der eing\u00e4ngige Refrain gehen sofort ins Ohr und sorgen f\u00fcr gute Laune. Das sp\u00fcrte die ehemalige DSDS-Kandidatin bereits bei ihren Konzerten: \u201eIch durfte den Song schon \u00f6fter live performen und hab gemerkt, dass der Funke \u00fcberspringt. Deswegen wollte ich unbedingt dieses Lied ver\u00f6ffentlichen, weil es auch einer von meinen&#8230;<\/p>\n","protected":false},"author":1,"featured_media":8915,"comment_status":"closed","ping_status":"closed","sticky":false,"template":"","format":"standard","meta":{"footnotes":""},"categories":[2],"tags":[567],"class_list":["post-8914","post","type-post","status-publish","format-standard","has-post-thumbnail","hentry","category-schlager","tag-anna-carina-woitschack","wpcat-2-id"],"_links":{"self":[{"href":"https:\/\/bergers-schlagerparadies.de\/index.php?rest_route=\/wp\/v2\/posts\/8914","targetHints":{"allow":["GET"]}}],"collection":[{"href":"https:\/\/bergers-schlagerparadies.de\/index.php?rest_route=\/wp\/v2\/posts"}],"about":[{"href":"https:\/\/bergers-schlagerparadies.de\/index.php?rest_route=\/wp\/v2\/types\/post"}],"author":[{"embeddable":true,"href":"https:\/\/bergers-schlagerparadies.de\/index.php?rest_route=\/wp\/v2\/users\/1"}],"replies":[{"embeddable":true,"href":"https:\/\/bergers-schlagerparadies.de\/index.php?rest_route=%2Fwp%2Fv2%2Fcomments&post=8914"}],"version-history":[{"count":1,"href":"https:\/\/bergers-schlagerparadies.de\/index.php?rest_route=\/wp\/v2\/posts\/8914\/revisions"}],"predecessor-version":[{"id":8916,"href":"https:\/\/bergers-schlagerparadies.de\/index.php?rest_route=\/wp\/v2\/posts\/8914\/revisions\/8916"}],"wp:featuredmedia":[{"embeddable":true,"href":"https:\/\/bergers-schlagerparadies.de\/index.php?rest_route=\/wp\/v2\/media\/8915"}],"wp:attachment":[{"href":"https:\/\/bergers-schlagerparadies.de\/index.php?rest_route=%2Fwp%2Fv2%2Fmedia&parent=8914"}],"wp:term":[{"taxonomy":"category","embeddable":true,"href":"https:\/\/bergers-schlagerparadies.de\/index.php?rest_route=%2Fwp%2Fv2%2Fcategories&post=8914"},{"taxonomy":"post_tag","embeddable":true,"href":"https:\/\/bergers-schlagerparadies.de\/index.php?rest_route=%2Fwp%2Fv2%2Ftags&post=8914"}],"curies":[{"name":"wp","href":"https:\/\/api.w.org\/{rel}","templated":true}]}}