{"id":8833,"date":"2022-01-14T17:56:27","date_gmt":"2022-01-14T16:56:27","guid":{"rendered":"http:\/\/bergers-schlagerparadies.de\/?p=8833"},"modified":"2022-01-14T17:56:27","modified_gmt":"2022-01-14T16:56:27","slug":"wolfgang-petry-sinn-des-lebens-%c2%b7-bergers-schlagerparadies","status":"publish","type":"post","link":"https:\/\/bergers-schlagerparadies.de\/?p=8833","title":{"rendered":"Wolfgang Petry &#8211; Sinn des Lebens \u00b7 Berger\u00b4s Schlagerparadies"},"content":{"rendered":"<p><img loading=\"lazy\" decoding=\"async\" class=\"size-medium wp-image-8834 alignleft\" src=\"https:\/\/bergers-schlagerparadies.de\/wp-content\/uploads\/2022\/01\/Wolfgang-Petry-Sinn-des-Lebens-300x300.jpg\" alt=\"\" width=\"300\" height=\"300\" srcset=\"https:\/\/bergers-schlagerparadies.de\/wp-content\/uploads\/2022\/01\/Wolfgang-Petry-Sinn-des-Lebens-300x300.jpg 300w, https:\/\/bergers-schlagerparadies.de\/wp-content\/uploads\/2022\/01\/Wolfgang-Petry-Sinn-des-Lebens-1024x1024.jpg 1024w, https:\/\/bergers-schlagerparadies.de\/wp-content\/uploads\/2022\/01\/Wolfgang-Petry-Sinn-des-Lebens-150x150.jpg 150w, https:\/\/bergers-schlagerparadies.de\/wp-content\/uploads\/2022\/01\/Wolfgang-Petry-Sinn-des-Lebens-768x768.jpg 768w, https:\/\/bergers-schlagerparadies.de\/wp-content\/uploads\/2022\/01\/Wolfgang-Petry-Sinn-des-Lebens-1200x1200.jpg 1200w, https:\/\/bergers-schlagerparadies.de\/wp-content\/uploads\/2022\/01\/Wolfgang-Petry-Sinn-des-Lebens-1188x1188.jpg 1188w, https:\/\/bergers-schlagerparadies.de\/wp-content\/uploads\/2022\/01\/Wolfgang-Petry-Sinn-des-Lebens-100x100.jpg 100w, https:\/\/bergers-schlagerparadies.de\/wp-content\/uploads\/2022\/01\/Wolfgang-Petry-Sinn-des-Lebens-1320x1320.jpg 1320w, https:\/\/bergers-schlagerparadies.de\/wp-content\/uploads\/2022\/01\/Wolfgang-Petry-Sinn-des-Lebens.jpg 1500w\" sizes=\"auto, (max-width: 300px) 100vw, 300px\" \/>P\u00fcnktlich zu seinem 70. Geburtstag machte Wolfgang Petry sich und seinen Fans im vergangenen Sp\u00e4tsommer das allergr\u00f6\u00dfte Geschenk \u00fcberhaupt, als er sich in neuer, alter St\u00e4rke mit seinem brandneuen Album \u201eAuf das Leben\u201c im Rampenlicht zur\u00fcckmeldete &#8211; und prompt auf einem fantastischen 2. Platz in die deutschen Longplay-Charts einstieg! F\u00fcr Wolle jedoch kein Grund, sich auf seinen Lorbeeren auszuruhen: Auf seiner neuen Singleauskopplung \u201eSinn des Lebens\u201c wirft der S\u00e4nger und Musiker nun nochmal einen Blick zur\u00fcck, um sich gleichzeitig so fest verwurzelt im Hier und Jetzt zu pr\u00e4sentieren, wie nie zuvor!<\/p>\n<p>\u201eManchmal denk ich an die Zeit, als die Welt noch anders war. Die Hoffnung war gro\u00df, das Schicksal jung und unbekannt\u2026\u201c Viel ist passiert, seitdem Wolfgang Petry vor viereinhalb Dekaden zum allerersten Mal das Publikum mit seinem markanten Stil aus Schlager, Pop und Rock von den St\u00fchlen riss. Unendlich viel sogar. In k\u00fcrzester Zeit hat sich der charismatische S\u00e4nger zu einem der beliebtesten und erfolgreichsten deutschsprachigen K\u00fcnstler entwickelt, der sich wacker durch alle H\u00f6hen und Tiefen gek\u00e4mpft hat, die das Showgesch\u00e4ft zu bieten hat.<\/p>\n<p>Ein Ausnahmemusiker im besten Sinn, der nicht nur den Schlager, sondern die gesamte deutschsprachige Musiklandschaft gepr\u00e4gt hat und damit bis heute Generationen von Fans mit seiner authentischen, geerdeten und unverstellten Art begeistert. Fast zwanzig Millionen verkaufte Einheiten seiner insgesamt 25 Studioalben (davon f\u00fcnf Top 1-Scheiben und acht Top 5-Entrys in den Album-Charts) hat Wolle mittlerweile auf der Uhr. Zahlreiche Goldene Schallplatten, drei Multiplatin-Auszeichnungen, f\u00fcnf ECHOS in der Kategorie \u201eSchlager\/ Volksmusik\u201c sowie insgesamt zehn Goldenen Stimmgabeln (inklusive zwei \u201ePlatinum Life Award\u201c-Stimmgabeln f\u00fcr sein Lebenswerk) \u2013 mit anderen Worten: H\u00f6chste Zeit, einmal zur\u00fcckzuschauen.<\/p>\n<p>Auf seiner neuen Single stellt Wolfgang Petry die gro\u00dfe Frage nach dem \u201eSinn des Lebens\u201c. Ob das immer alles so richtig und gut war. Oder ob man einige Dinge vielleicht doch h\u00e4tte anders machen sollen. Als \u201eeintauchen in sich selbst\u201c bezeichnet der Musiker den Song, auf dem er von Verlust und Reue berichtet, aber auch von der Erkenntnis, die wirklich wichtigen Antworten auf viele Fragen doch irgendwie tief in sich zu tragen.<\/p>\n<p>Begleitet wird der Single-Release der Radio-Version von \u201eSinn des Lebens\u201c von einem offiziellen Musikvideo, das auf dem YouTube-Kanal von Wolfgang Petry zu sehen ist.<\/p>\n<p>Auf dem aktuellen Album vereint der S\u00e4nger alle St\u00e4rken, die ihn schon immer ausgemacht haben. Mit AUF DAS LEBEN blickt Wolfgang Petry nicht nur auf 14 brandneue Songs und 2 Bonustitel, sondern auch auf ausgew\u00e4hlte Stationen seines Weges zur\u00fcck und zeichnet auch eine Momentaufnahme dessen, was den S\u00e4nger und Songwriter in diesen Tagen bewegt. AUF DAS LEBEN ist das Res\u00fcmee von einem, der sich nicht unterkriegen l\u00e4sst. Ein Typ, der zwar oft hingefallen ist, doch der immer wieder aufgestanden ist und das Dasein in vollen Z\u00fcgen genie\u00dft. Auf dem neuen Album jagt ein Highlight das n\u00e4chste, denn neben verschiedenen musikalischen Facetten und einer absoluten Ohrwurm-Garantie erwartet den Zuh\u00f6rer auch der ein oder andere G\u00e4nsehaut-Moment.<\/p>\n<p>Die Radio-Single \u201eSinn des Lebens\u201c erscheint am 28.01.2022, das zugeh\u00f6rige Studioalbum AUF DAS LEBEN ist seit 24.09.2021 als CD, Download sowie auf allen Streaming-Plattformen verf\u00fcgbar. Zudem ist das Album auch als streng limitierte, handnummerierte blaue 2LP Vinyl erh\u00e4ltlich sowie erstmals als ebenfalls limitierte Buch-Edition, in der es auf \u00fcber 150 Seiten exklusive Einblicke Wolles Leben gibt.<\/p>\n<p><span style=\"color: #800000;\"><strong>Dieser Song ist ab dem 14.01.2022 in allen bekannten Onlineshops erh\u00e4ltlich!<\/strong><\/span><\/p>\n<p><span style=\"color: #800000;\"><strong>Airdate (f\u00fcr Radiosender): 14.01.2022<\/strong><\/span><\/p>\n<p><iframe style=\"width: 120px; height: 240px;\" src=\"\/\/ws-eu.amazon-adsystem.com\/widgets\/q?ServiceVersion=20070822&amp;OneJS=1&amp;Operation=GetAdHtml&amp;MarketPlace=DE&amp;source=ss&amp;ref=as_ss_li_til&amp;ad_type=product_link&amp;tracking_id=bergers-21&amp;language=de_DE&amp;marketplace=amazon&amp;region=DE&amp;placement=B097VDR2NY&amp;asins=B097VDR2NY&amp;linkId=19003a809d9a564e210c0052f760eb5f&amp;show_border=true&amp;link_opens_in_new_window=true\" frameborder=\"0\" marginwidth=\"0\" marginheight=\"0\" scrolling=\"no\"><\/iframe><\/p>\n","protected":false},"excerpt":{"rendered":"<p>P\u00fcnktlich zu seinem 70. Geburtstag machte Wolfgang Petry sich und seinen Fans im vergangenen Sp\u00e4tsommer das allergr\u00f6\u00dfte Geschenk \u00fcberhaupt, als er sich in neuer, alter St\u00e4rke mit seinem brandneuen Album \u201eAuf das Leben\u201c im Rampenlicht zur\u00fcckmeldete &#8211; und prompt auf einem fantastischen 2. Platz in die deutschen Longplay-Charts einstieg! F\u00fcr Wolle jedoch kein Grund, sich auf seinen Lorbeeren auszuruhen: Auf seiner neuen Singleauskopplung \u201eSinn des Lebens\u201c wirft der S\u00e4nger und Musiker nun nochmal einen Blick zur\u00fcck, um sich gleichzeitig so fest verwurzelt im Hier und Jetzt zu pr\u00e4sentieren, wie nie zuvor! \u201eManchmal denk ich an die Zeit, als die Welt noch anders war. Die Hoffnung&#8230;<\/p>\n","protected":false},"author":1,"featured_media":8834,"comment_status":"closed","ping_status":"closed","sticky":false,"template":"","format":"standard","meta":{"footnotes":""},"categories":[2],"tags":[241],"class_list":["post-8833","post","type-post","status-publish","format-standard","has-post-thumbnail","hentry","category-schlager","tag-wolfgang-petry","wpcat-2-id"],"_links":{"self":[{"href":"https:\/\/bergers-schlagerparadies.de\/index.php?rest_route=\/wp\/v2\/posts\/8833","targetHints":{"allow":["GET"]}}],"collection":[{"href":"https:\/\/bergers-schlagerparadies.de\/index.php?rest_route=\/wp\/v2\/posts"}],"about":[{"href":"https:\/\/bergers-schlagerparadies.de\/index.php?rest_route=\/wp\/v2\/types\/post"}],"author":[{"embeddable":true,"href":"https:\/\/bergers-schlagerparadies.de\/index.php?rest_route=\/wp\/v2\/users\/1"}],"replies":[{"embeddable":true,"href":"https:\/\/bergers-schlagerparadies.de\/index.php?rest_route=%2Fwp%2Fv2%2Fcomments&post=8833"}],"version-history":[{"count":1,"href":"https:\/\/bergers-schlagerparadies.de\/index.php?rest_route=\/wp\/v2\/posts\/8833\/revisions"}],"predecessor-version":[{"id":8835,"href":"https:\/\/bergers-schlagerparadies.de\/index.php?rest_route=\/wp\/v2\/posts\/8833\/revisions\/8835"}],"wp:featuredmedia":[{"embeddable":true,"href":"https:\/\/bergers-schlagerparadies.de\/index.php?rest_route=\/wp\/v2\/media\/8834"}],"wp:attachment":[{"href":"https:\/\/bergers-schlagerparadies.de\/index.php?rest_route=%2Fwp%2Fv2%2Fmedia&parent=8833"}],"wp:term":[{"taxonomy":"category","embeddable":true,"href":"https:\/\/bergers-schlagerparadies.de\/index.php?rest_route=%2Fwp%2Fv2%2Fcategories&post=8833"},{"taxonomy":"post_tag","embeddable":true,"href":"https:\/\/bergers-schlagerparadies.de\/index.php?rest_route=%2Fwp%2Fv2%2Ftags&post=8833"}],"curies":[{"name":"wp","href":"https:\/\/api.w.org\/{rel}","templated":true}]}}