{"id":8808,"date":"2022-01-14T15:54:30","date_gmt":"2022-01-14T14:54:30","guid":{"rendered":"http:\/\/bergers-schlagerparadies.de\/?p=8808"},"modified":"2022-01-14T15:54:30","modified_gmt":"2022-01-14T14:54:30","slug":"alexander-eder-2004-%c2%b7-bergers-schlagerparadies","status":"publish","type":"post","link":"https:\/\/bergers-schlagerparadies.de\/?p=8808","title":{"rendered":"Alexander Eder &#8211; 2004 \u00b7 Berger\u00b4s Schlagerparadies"},"content":{"rendered":"<p><img loading=\"lazy\" decoding=\"async\" class=\"size-medium wp-image-8809 alignleft\" src=\"https:\/\/bergers-schlagerparadies.de\/wp-content\/uploads\/2022\/01\/Alexander-Eder-2004-300x300.jpg\" alt=\"\" width=\"300\" height=\"300\" srcset=\"https:\/\/bergers-schlagerparadies.de\/wp-content\/uploads\/2022\/01\/Alexander-Eder-2004-300x300.jpg 300w, https:\/\/bergers-schlagerparadies.de\/wp-content\/uploads\/2022\/01\/Alexander-Eder-2004-1024x1024.jpg 1024w, https:\/\/bergers-schlagerparadies.de\/wp-content\/uploads\/2022\/01\/Alexander-Eder-2004-150x150.jpg 150w, https:\/\/bergers-schlagerparadies.de\/wp-content\/uploads\/2022\/01\/Alexander-Eder-2004-768x768.jpg 768w, https:\/\/bergers-schlagerparadies.de\/wp-content\/uploads\/2022\/01\/Alexander-Eder-2004.jpg 1200w, https:\/\/bergers-schlagerparadies.de\/wp-content\/uploads\/2022\/01\/Alexander-Eder-2004-1188x1188.jpg 1188w, https:\/\/bergers-schlagerparadies.de\/wp-content\/uploads\/2022\/01\/Alexander-Eder-2004-100x100.jpg 100w\" sizes=\"auto, (max-width: 300px) 100vw, 300px\" \/>Alexander Eder<br \/>\n\u201e2004\u201c<br \/>\nV\u00d6: 14.01.2022<br \/>\n&#8222;Wann ist die Zeit denn vergangen \/ wann wurde das Leben so ernst \/ mir ist so vieles entgangen \/ warum l\u00e4uft die Zeit nicht r\u00fcckw\u00e4rts?&#8220;<br \/>\nMit dem pers\u00f6nlichsten Song in seiner kometenhaften Karriere startet S\u00e4nger, Songwriter und Musiker Alexander Eder ins neue Jahr! Am 14. Januar 2022 ver\u00f6ffentlicht der 23-J\u00e4hrige seine neue Single \u201e2004\u201c und damit eine Hymne auf die besonderen Momente in unserem Leben, zu denen wir uns immer wieder zur\u00fcckdenken. Warum er gerade dieses Jahr als Titel gew\u00e4hlt hat?<br \/>\n\u201e2004 war ich 6 Jahre alt &#8211; das Alter in dem man einfach jeden Tag im Moment gelebt hat. Jeder Tag war ein Abenteuer &#8211; es gab so vieles zu entdecken &#8211; und man war irgendwie sorgenfrei. Probleme gab\u2018s da nicht &#8211; man war einfach immer happy &#8211; das Leben war so leicht!\u201c, beschreibt Alexander Eder die Inspiration hinter \u201e2004\u201c.<br \/>\nAber es sind nicht nur Kindheitserinnerungen, die er mit dem neuen Song feiert, sondern auch die Beziehungen, Freundschaften, Familienbande, die einen auf dem Weg ins Erwachsenenleben pr\u00e4gen: \u201eIch w\u00fcrde gern nochmal zur\u00fcck ins Jahr 2004. Als Kind kann man es kaum erwarten erwachsen zu sein und ist man aber da, will doch jeder nochmal f\u00fcr nur einen Tag wieder Kind sein. Ich m\u00f6chte mit \u201a2004\u2018 aber auch ansprechen, dass das Erwachsenwerden auch sehr viel Sch\u00f6nes mit sich bringt, wenn man die richtigen Leute an seiner Seite hat und das ist bei mir einfach zu 100% meine Familie.\u201c<\/p>\n<p>Seine emotionalen Texte, authentisch, direkt aus dem Leben, mitrei\u00dfende Hooks &amp; Melodien und eine Stimme, die man so schnell nicht mehr vergisst \u2013 f\u00fcr Alexander Eder hat sich seit seiner Teilnahme bei The Voice Of Germany einiges ver\u00e4ndert. Sein Deb\u00fctalbum \u201eSchlagzeilen\u201c erschien 2020, im September kam mit \u201eKaffee\u201c die erste neue Musik nach dem Lockdown, w\u00e4hrend die Fanbase immer weiter w\u00e4chst. Seine Tik Tok-Followerschaft hat sich inzwischen auf \u00fcber 2 Millionen erh\u00f6ht \u2013 Tendenz steigend! Damit ist er unter den TOP 3 der Musiker mit den meisten TikTok-Aufrufen im gesamten deutschsprachigen Raum. Der in Neuhofen an der Ybbs in Nieder\u00f6sterreich aufgewachsene Singer-Songwriter startet 2022 ins n\u00e4chste Kapitel und \u201e2004\u201c ist die perfekte Pop-Hymne, um Erinnerungen zu feiern und sich darin fallen zu lassen.<br \/>\nKontakt:<br \/>\nHead of Promotion: Heiner Peschmann (<a href=\"mailto:Heiner.Peschmann@umusic.com\">Heiner.Peschmann@umusic.com<\/a>)<br \/>\nTV-Promotion: Kathrin Lang (<a href=\"mailto:kathrin.lang@klangpr.de\">kathrin.lang@klangpr.de<\/a>)<br \/>\nCarlo Sperfeld (<a href=\"mailto:carlo.sperfeld@klangpr.de\">carlo.sperfeld@klangpr.de<\/a>)<br \/>\nOnline-Promotion: Daniela D\u00fcssler (<a href=\"mailto:Daniela.duessler@promotionwerft.de\">Daniela.duessler@promotionwerft.de<\/a>)<br \/>\nProduktmanagement: Patrick Kruppa (<a href=\"mailto:Patrick.Kruppa@umusic.com\">Patrick.Kruppa@umusic.com<\/a>)<\/p>\n<p>Socials<br \/>\nInstagram: <a href=\"https:\/\/www.instagram.com\/alexandereder.official\/\">https:\/\/www.instagram.com\/alexandereder.official\/<\/a><br \/>\nTikTok: <a href=\"https:\/\/www.tiktok.com\/@alexandereder.official\/\">https:\/\/www.tiktok.com\/@alexandereder.official\/<\/a><br \/>\nYoutube: <a href=\"https:\/\/www.youtube.com\/channel\/UCOObqrAV-pUty_fSGVh4Xqw\">https:\/\/www.youtube.com\/channel\/UCOObqrAV-pUty_fSGVh4Xqw<\/a><\/p>\n<p><span style=\"color: #800000;\"><strong>Dieser Song ist ab dem 14.01.2022 in allen bekannten Onlineshops erh\u00e4ltlich!<\/strong><\/span><\/p>\n<p><span style=\"color: #800000;\"><strong>Airdate (f\u00fcr Radiosender): 14.01.2022<\/strong><\/span><\/p>\n<p><iframe style=\"width: 120px; height: 240px;\" src=\"\/\/ws-eu.amazon-adsystem.com\/widgets\/q?ServiceVersion=20070822&amp;OneJS=1&amp;Operation=GetAdHtml&amp;MarketPlace=DE&amp;source=ss&amp;ref=as_ss_li_til&amp;ad_type=product_link&amp;tracking_id=bergers-21&amp;language=de_DE&amp;marketplace=amazon&amp;region=DE&amp;placement=B09PYHLPV9&amp;asins=B09PYHLPV9&amp;linkId=a5c365c65dd11175b0941737b3f300f1&amp;show_border=true&amp;link_opens_in_new_window=true\" frameborder=\"0\" marginwidth=\"0\" marginheight=\"0\" scrolling=\"no\"><\/iframe><\/p>\n","protected":false},"excerpt":{"rendered":"<p>Alexander Eder \u201e2004\u201c V\u00d6: 14.01.2022 &#8222;Wann ist die Zeit denn vergangen \/ wann wurde das Leben so ernst \/ mir ist so vieles entgangen \/ warum l\u00e4uft die Zeit nicht r\u00fcckw\u00e4rts?&#8220; Mit dem pers\u00f6nlichsten Song in seiner kometenhaften Karriere startet S\u00e4nger, Songwriter und Musiker Alexander Eder ins neue Jahr! Am 14. Januar 2022 ver\u00f6ffentlicht der 23-J\u00e4hrige seine neue Single \u201e2004\u201c und damit eine Hymne auf die besonderen Momente in unserem Leben, zu denen wir uns immer wieder zur\u00fcckdenken. Warum er gerade dieses Jahr als Titel gew\u00e4hlt hat? \u201e2004 war ich 6 Jahre alt &#8211; das Alter in dem man einfach jeden Tag im Moment gelebt&#8230;<\/p>\n","protected":false},"author":1,"featured_media":8809,"comment_status":"closed","ping_status":"closed","sticky":false,"template":"","format":"standard","meta":{"footnotes":""},"categories":[2],"tags":[1156],"class_list":["post-8808","post","type-post","status-publish","format-standard","has-post-thumbnail","hentry","category-schlager","tag-alexander-eder","wpcat-2-id"],"_links":{"self":[{"href":"https:\/\/bergers-schlagerparadies.de\/index.php?rest_route=\/wp\/v2\/posts\/8808","targetHints":{"allow":["GET"]}}],"collection":[{"href":"https:\/\/bergers-schlagerparadies.de\/index.php?rest_route=\/wp\/v2\/posts"}],"about":[{"href":"https:\/\/bergers-schlagerparadies.de\/index.php?rest_route=\/wp\/v2\/types\/post"}],"author":[{"embeddable":true,"href":"https:\/\/bergers-schlagerparadies.de\/index.php?rest_route=\/wp\/v2\/users\/1"}],"replies":[{"embeddable":true,"href":"https:\/\/bergers-schlagerparadies.de\/index.php?rest_route=%2Fwp%2Fv2%2Fcomments&post=8808"}],"version-history":[{"count":1,"href":"https:\/\/bergers-schlagerparadies.de\/index.php?rest_route=\/wp\/v2\/posts\/8808\/revisions"}],"predecessor-version":[{"id":8810,"href":"https:\/\/bergers-schlagerparadies.de\/index.php?rest_route=\/wp\/v2\/posts\/8808\/revisions\/8810"}],"wp:featuredmedia":[{"embeddable":true,"href":"https:\/\/bergers-schlagerparadies.de\/index.php?rest_route=\/wp\/v2\/media\/8809"}],"wp:attachment":[{"href":"https:\/\/bergers-schlagerparadies.de\/index.php?rest_route=%2Fwp%2Fv2%2Fmedia&parent=8808"}],"wp:term":[{"taxonomy":"category","embeddable":true,"href":"https:\/\/bergers-schlagerparadies.de\/index.php?rest_route=%2Fwp%2Fv2%2Fcategories&post=8808"},{"taxonomy":"post_tag","embeddable":true,"href":"https:\/\/bergers-schlagerparadies.de\/index.php?rest_route=%2Fwp%2Fv2%2Ftags&post=8808"}],"curies":[{"name":"wp","href":"https:\/\/api.w.org\/{rel}","templated":true}]}}