{"id":8586,"date":"2022-01-06T15:48:13","date_gmt":"2022-01-06T14:48:13","guid":{"rendered":"http:\/\/bergers-schlagerparadies.de\/?p=8586"},"modified":"2022-01-06T15:48:13","modified_gmt":"2022-01-06T14:48:13","slug":"joerg-schulte-ich-geh-fuer-dich-durchs-feuer-%c2%b7-bergers-schlagerparadies","status":"publish","type":"post","link":"https:\/\/bergers-schlagerparadies.de\/?p=8586","title":{"rendered":"J\u00f6rg Schulte &#8211; Ich geh f\u00fcr dich durchs Feuer \u00b7 Berger\u00b4s Schlagerparadies"},"content":{"rendered":"<p><img loading=\"lazy\" decoding=\"async\" class=\"size-medium wp-image-8587 alignleft\" src=\"https:\/\/bergers-schlagerparadies.de\/wp-content\/uploads\/2022\/01\/Joerg-Schulte-Ich-geh-fuer-dich-durchs-Feuer-300x300.jpg\" alt=\"\" width=\"300\" height=\"300\" srcset=\"https:\/\/bergers-schlagerparadies.de\/wp-content\/uploads\/2022\/01\/Joerg-Schulte-Ich-geh-fuer-dich-durchs-Feuer-300x300.jpg 300w, https:\/\/bergers-schlagerparadies.de\/wp-content\/uploads\/2022\/01\/Joerg-Schulte-Ich-geh-fuer-dich-durchs-Feuer-150x150.jpg 150w, https:\/\/bergers-schlagerparadies.de\/wp-content\/uploads\/2022\/01\/Joerg-Schulte-Ich-geh-fuer-dich-durchs-Feuer-768x768.jpg 768w, https:\/\/bergers-schlagerparadies.de\/wp-content\/uploads\/2022\/01\/Joerg-Schulte-Ich-geh-fuer-dich-durchs-Feuer-100x100.jpg 100w, https:\/\/bergers-schlagerparadies.de\/wp-content\/uploads\/2022\/01\/Joerg-Schulte-Ich-geh-fuer-dich-durchs-Feuer.jpg 800w\" sizes=\"auto, (max-width: 300px) 100vw, 300px\" \/>J\u00f6rg Schulte liefert uns passend zum Jahresstart seinen neuen Hit \u201eIch geh f\u00fcr dich durchs Feuer\u201c. \u201eAus meiner Sicht, mein bisher st\u00e4rkster Titel\u201c, verk\u00fcndet der Musiker stolz.<\/p>\n<p>\u201eIch geh f\u00fcr dich durchs Feuer\u201c hat f\u00fcr ihn eine gro\u00dfe pers\u00f6nliche Bedeutung. Denn zum einen hat J\u00f6rg den Text, welcher seine eigene, emotionale Geschichte erz\u00e4hlt, selbst geschrieben. Und zum anderen erscheint der Song am gleichen Tag, an dem er seine gro\u00dfe Liebe heiraten wird. Das ist Emotion pur!<\/p>\n<p>Der pers\u00f6nliche Bezug spielt f\u00fcr J\u00f6rg schon immer eine gro\u00dfe Rolle in seinem Handeln. So engagiert sich der K\u00fcnstler auf Grund seiner rheumatischen Autoimmunerkrankung f\u00fcr den Verein Vaskulitis e.V.<\/p>\n<p>P\u00fcnktlich zur Ver\u00f6ffentlichung wird es auch ein gro\u00dfartiges Musikvideo zu \u201eIch geh f\u00fcr dich durchs Feuer\u201c geben. Man darf gespannt sein!<\/p>\n<p>Mehr Infos unter:<br \/>\nFacebook: <a href=\"https:\/\/www.facebook.com\/joerg.schulte2\">https:\/\/www.facebook.com\/joerg.schulte2<\/a><br \/>\nSpotify: <a href=\"https:\/\/open.spotify.com\/artist\/0RuNjtKVuAvHV8b1pmKUvW\">https:\/\/open.spotify.com\/artist\/0RuNjtKVuAvHV8b1pmKUvW\u00a0<\/a><\/p>\n<p><span style=\"color: #800000;\">Dieser Song ist ab dem 14.01.2022 in allen bekannten Onlineshops erh\u00e4ltlich!<\/span><\/p>\n<p><span style=\"color: #800000;\">Airdate (f\u00fcr Radiosender): 07.01.2022<\/span><\/p>\n<p><iframe style=\"width: 120px; height: 240px;\" src=\"\/\/ws-eu.amazon-adsystem.com\/widgets\/q?ServiceVersion=20070822&amp;OneJS=1&amp;Operation=GetAdHtml&amp;MarketPlace=DE&amp;source=ss&amp;ref=as_ss_li_til&amp;ad_type=product_link&amp;tracking_id=bergers-21&amp;language=de_DE&amp;marketplace=amazon&amp;region=DE&amp;placement=B09P8VLY6N&amp;asins=B09P8VLY6N&amp;linkId=1fa917abce9eb00b23f57704cd610a50&amp;show_border=true&amp;link_opens_in_new_window=true\" frameborder=\"0\" marginwidth=\"0\" marginheight=\"0\" scrolling=\"no\"><\/iframe><\/p>\n","protected":false},"excerpt":{"rendered":"<p>J\u00f6rg Schulte liefert uns passend zum Jahresstart seinen neuen Hit \u201eIch geh f\u00fcr dich durchs Feuer\u201c. \u201eAus meiner Sicht, mein bisher st\u00e4rkster Titel\u201c, verk\u00fcndet der Musiker stolz. \u201eIch geh f\u00fcr dich durchs Feuer\u201c hat f\u00fcr ihn eine gro\u00dfe pers\u00f6nliche Bedeutung. Denn zum einen hat J\u00f6rg den Text, welcher seine eigene, emotionale Geschichte erz\u00e4hlt, selbst geschrieben. Und zum anderen erscheint der Song am gleichen Tag, an dem er seine gro\u00dfe Liebe heiraten wird. Das ist Emotion pur! Der pers\u00f6nliche Bezug spielt f\u00fcr J\u00f6rg schon immer eine gro\u00dfe Rolle in seinem Handeln. So engagiert sich der K\u00fcnstler auf Grund seiner rheumatischen Autoimmunerkrankung f\u00fcr den Verein Vaskulitis e.V&#8230;.<\/p>\n","protected":false},"author":1,"featured_media":8587,"comment_status":"open","ping_status":"open","sticky":false,"template":"","format":"standard","meta":{"footnotes":""},"categories":[2],"tags":[634],"class_list":["post-8586","post","type-post","status-publish","format-standard","has-post-thumbnail","hentry","category-schlager","tag-joerg-schulte","wpcat-2-id"],"_links":{"self":[{"href":"https:\/\/bergers-schlagerparadies.de\/index.php?rest_route=\/wp\/v2\/posts\/8586","targetHints":{"allow":["GET"]}}],"collection":[{"href":"https:\/\/bergers-schlagerparadies.de\/index.php?rest_route=\/wp\/v2\/posts"}],"about":[{"href":"https:\/\/bergers-schlagerparadies.de\/index.php?rest_route=\/wp\/v2\/types\/post"}],"author":[{"embeddable":true,"href":"https:\/\/bergers-schlagerparadies.de\/index.php?rest_route=\/wp\/v2\/users\/1"}],"replies":[{"embeddable":true,"href":"https:\/\/bergers-schlagerparadies.de\/index.php?rest_route=%2Fwp%2Fv2%2Fcomments&post=8586"}],"version-history":[{"count":1,"href":"https:\/\/bergers-schlagerparadies.de\/index.php?rest_route=\/wp\/v2\/posts\/8586\/revisions"}],"predecessor-version":[{"id":8590,"href":"https:\/\/bergers-schlagerparadies.de\/index.php?rest_route=\/wp\/v2\/posts\/8586\/revisions\/8590"}],"wp:featuredmedia":[{"embeddable":true,"href":"https:\/\/bergers-schlagerparadies.de\/index.php?rest_route=\/wp\/v2\/media\/8587"}],"wp:attachment":[{"href":"https:\/\/bergers-schlagerparadies.de\/index.php?rest_route=%2Fwp%2Fv2%2Fmedia&parent=8586"}],"wp:term":[{"taxonomy":"category","embeddable":true,"href":"https:\/\/bergers-schlagerparadies.de\/index.php?rest_route=%2Fwp%2Fv2%2Fcategories&post=8586"},{"taxonomy":"post_tag","embeddable":true,"href":"https:\/\/bergers-schlagerparadies.de\/index.php?rest_route=%2Fwp%2Fv2%2Ftags&post=8586"}],"curies":[{"name":"wp","href":"https:\/\/api.w.org\/{rel}","templated":true}]}}