{"id":8483,"date":"2021-12-23T15:30:51","date_gmt":"2021-12-23T14:30:51","guid":{"rendered":"http:\/\/bergers-schlagerparadies.de\/?p=8483"},"modified":"2021-12-23T15:30:51","modified_gmt":"2021-12-23T14:30:51","slug":"joerg-bausch-rueckblick-album-%c2%b7-bergers-schlagerparadies","status":"publish","type":"post","link":"https:\/\/bergers-schlagerparadies.de\/?p=8483","title":{"rendered":"J\u00f6rg Bausch &#8211; R\u00fcckblick (Album) \u00b7 Berger\u00b4s Schlagerparadies"},"content":{"rendered":"<p><img loading=\"lazy\" decoding=\"async\" class=\"size-medium wp-image-8484 alignleft\" src=\"https:\/\/bergers-schlagerparadies.de\/wp-content\/uploads\/2021\/12\/Joerg-Bausch-Rueckblick-Album-300x300.jpg\" alt=\"\" width=\"300\" height=\"300\" srcset=\"https:\/\/bergers-schlagerparadies.de\/wp-content\/uploads\/2021\/12\/Joerg-Bausch-Rueckblick-Album-300x300.jpg 300w, https:\/\/bergers-schlagerparadies.de\/wp-content\/uploads\/2021\/12\/Joerg-Bausch-Rueckblick-Album-1024x1024.jpg 1024w, https:\/\/bergers-schlagerparadies.de\/wp-content\/uploads\/2021\/12\/Joerg-Bausch-Rueckblick-Album-150x150.jpg 150w, https:\/\/bergers-schlagerparadies.de\/wp-content\/uploads\/2021\/12\/Joerg-Bausch-Rueckblick-Album-768x768.jpg 768w, https:\/\/bergers-schlagerparadies.de\/wp-content\/uploads\/2021\/12\/Joerg-Bausch-Rueckblick-Album.jpg 1200w, https:\/\/bergers-schlagerparadies.de\/wp-content\/uploads\/2021\/12\/Joerg-Bausch-Rueckblick-Album-1188x1188.jpg 1188w, https:\/\/bergers-schlagerparadies.de\/wp-content\/uploads\/2021\/12\/Joerg-Bausch-Rueckblick-Album-100x100.jpg 100w\" sizes=\"auto, (max-width: 300px) 100vw, 300px\" \/>\u201eR\u00fcckblick\u201c<br \/>\nIhr Lieben,<br \/>\nab sofort gibt es mein neues Album \u201eR\u00fcckblick\u201c. Neben einer brandneuen Version von \u201eWie ein Blitz\u201c war es mir eine Herzensangelegenheit noch dieses Jahr meinen musikalischen R\u00fcckblick zu ver\u00f6ffentlichen. Insgesamt 20 Titel findet Ihr auf dem Album \u201eR\u00fcckblick\u201c. Alle neuen Versionen der letzten Monate, Highlights aus dem Album \u201e12 Farben\u201c und nat\u00fcrlich auch meine Klassiker. Leider l\u00e4sst es die momentane Situation ja nicht wirklich zu, \u201elive on stage\u201c zu rocken, daher m\u00f6chte ich mit meinem Album \u201eR\u00fcckblick\u201c an wundersch\u00f6ne Momente erinnern. Momente die ich wirklich sehr vermisse. Lasst uns mit \u201eR\u00fcckblick\u201c ein bisschen in Erinnerungen schwelgen, tr\u00e4umen, feiern und rocken. Auf ein ganz besonderes Solo-Konzert freue ich mich auch schon jetzt. Am 09.09.2023 geht es endlich wieder auf die ganz gro\u00dfe B\u00fchne in die ARENA OBERHAUSEN. Tickets f\u00fcr \u201eMein Konzert\u201c sind \u00fcberall erh\u00e4ltlich! F\u00fcr das n\u00e4chste Jahr gibt es auch schon Super-News. Auf Euch warten eine Menge brandneue Bausch-Titel. Soviel darf ich n\u00e4mlich schon mal verraten \ud83d\ude09 Ich w\u00fcnsche Euch nun nicht nur viel Spa\u00df beim tr\u00e4umen, feiern und rocken mit meinem Album \u201eR\u00fcckblick\u201c, sondern auch eine wundersch\u00f6ne Weihnachtszeit.<br \/>\nBleibt gesund und munter!<br \/>\nEuer J\u00f6rg Bausch<\/p>\n<p><span style=\"color: #800000;\"><strong>Dieses Album ist ab dem 22.12.2021 in allen bekannten Onlineshops erh\u00e4ltlich!<\/strong><\/span><\/p>\n<p><span style=\"color: #800000;\"><strong>Airdate (f\u00fcr Radiosender): 22.12.2021<\/strong><\/span><\/p>\n<p><iframe style=\"width: 120px; height: 240px;\" src=\"\/\/ws-eu.amazon-adsystem.com\/widgets\/q?ServiceVersion=20070822&amp;OneJS=1&amp;Operation=GetAdHtml&amp;MarketPlace=DE&amp;source=ss&amp;ref=as_ss_li_til&amp;ad_type=product_link&amp;tracking_id=bergers-21&amp;language=de_DE&amp;marketplace=amazon&amp;region=DE&amp;placement=B09NTXHZ7P&amp;asins=B09NTXHZ7P&amp;linkId=1cba190c9d46a703d50fa39f69abb504&amp;show_border=true&amp;link_opens_in_new_window=true\" frameborder=\"0\" marginwidth=\"0\" marginheight=\"0\" scrolling=\"no\"><\/iframe><\/p>\n","protected":false},"excerpt":{"rendered":"<p>\u201eR\u00fcckblick\u201c Ihr Lieben, ab sofort gibt es mein neues Album \u201eR\u00fcckblick\u201c. Neben einer brandneuen Version von \u201eWie ein Blitz\u201c war es mir eine Herzensangelegenheit noch dieses Jahr meinen musikalischen R\u00fcckblick zu ver\u00f6ffentlichen. Insgesamt 20 Titel findet Ihr auf dem Album \u201eR\u00fcckblick\u201c. Alle neuen Versionen der letzten Monate, Highlights aus dem Album \u201e12 Farben\u201c und nat\u00fcrlich auch meine Klassiker. Leider l\u00e4sst es die momentane Situation ja nicht wirklich zu, \u201elive on stage\u201c zu rocken, daher m\u00f6chte ich mit meinem Album \u201eR\u00fcckblick\u201c an wundersch\u00f6ne Momente erinnern. Momente die ich wirklich sehr vermisse. Lasst uns mit \u201eR\u00fcckblick\u201c ein bisschen in Erinnerungen schwelgen, tr\u00e4umen, feiern und rocken. Auf ein&#8230;<\/p>\n","protected":false},"author":1,"featured_media":8484,"comment_status":"open","ping_status":"open","sticky":false,"template":"","format":"standard","meta":{"footnotes":""},"categories":[2],"tags":[200],"class_list":["post-8483","post","type-post","status-publish","format-standard","has-post-thumbnail","hentry","category-schlager","tag-joerg-bausch","wpcat-2-id"],"_links":{"self":[{"href":"https:\/\/bergers-schlagerparadies.de\/index.php?rest_route=\/wp\/v2\/posts\/8483","targetHints":{"allow":["GET"]}}],"collection":[{"href":"https:\/\/bergers-schlagerparadies.de\/index.php?rest_route=\/wp\/v2\/posts"}],"about":[{"href":"https:\/\/bergers-schlagerparadies.de\/index.php?rest_route=\/wp\/v2\/types\/post"}],"author":[{"embeddable":true,"href":"https:\/\/bergers-schlagerparadies.de\/index.php?rest_route=\/wp\/v2\/users\/1"}],"replies":[{"embeddable":true,"href":"https:\/\/bergers-schlagerparadies.de\/index.php?rest_route=%2Fwp%2Fv2%2Fcomments&post=8483"}],"version-history":[{"count":1,"href":"https:\/\/bergers-schlagerparadies.de\/index.php?rest_route=\/wp\/v2\/posts\/8483\/revisions"}],"predecessor-version":[{"id":8486,"href":"https:\/\/bergers-schlagerparadies.de\/index.php?rest_route=\/wp\/v2\/posts\/8483\/revisions\/8486"}],"wp:featuredmedia":[{"embeddable":true,"href":"https:\/\/bergers-schlagerparadies.de\/index.php?rest_route=\/wp\/v2\/media\/8484"}],"wp:attachment":[{"href":"https:\/\/bergers-schlagerparadies.de\/index.php?rest_route=%2Fwp%2Fv2%2Fmedia&parent=8483"}],"wp:term":[{"taxonomy":"category","embeddable":true,"href":"https:\/\/bergers-schlagerparadies.de\/index.php?rest_route=%2Fwp%2Fv2%2Fcategories&post=8483"},{"taxonomy":"post_tag","embeddable":true,"href":"https:\/\/bergers-schlagerparadies.de\/index.php?rest_route=%2Fwp%2Fv2%2Ftags&post=8483"}],"curies":[{"name":"wp","href":"https:\/\/api.w.org\/{rel}","templated":true}]}}