{"id":8311,"date":"2021-12-14T18:19:01","date_gmt":"2021-12-14T17:19:01","guid":{"rendered":"http:\/\/bergers-schlagerparadies.de\/?p=8311"},"modified":"2021-12-14T18:19:01","modified_gmt":"2021-12-14T17:19:01","slug":"marko-abend-sonnenuntergang-cesareo-deejay-mix-%c2%b7-bergers-schlagerparadies","status":"publish","type":"post","link":"https:\/\/bergers-schlagerparadies.de\/?p=8311","title":{"rendered":"Marko Abend &#8211; Sonnenuntergang (Cesareo DeeJay Mix) \u00b7 Berger\u00b4s Schlagerparadies"},"content":{"rendered":"<p><img loading=\"lazy\" decoding=\"async\" class=\"size-medium wp-image-8312 alignleft\" src=\"https:\/\/bergers-schlagerparadies.de\/wp-content\/uploads\/2021\/12\/Marko-Abend-Sonnenuntergang-Cesareo-DeeJay-Mix-300x300.jpg\" alt=\"\" width=\"300\" height=\"300\" srcset=\"https:\/\/bergers-schlagerparadies.de\/wp-content\/uploads\/2021\/12\/Marko-Abend-Sonnenuntergang-Cesareo-DeeJay-Mix-300x300.jpg 300w, https:\/\/bergers-schlagerparadies.de\/wp-content\/uploads\/2021\/12\/Marko-Abend-Sonnenuntergang-Cesareo-DeeJay-Mix-150x150.jpg 150w, https:\/\/bergers-schlagerparadies.de\/wp-content\/uploads\/2021\/12\/Marko-Abend-Sonnenuntergang-Cesareo-DeeJay-Mix-768x768.jpg 768w, https:\/\/bergers-schlagerparadies.de\/wp-content\/uploads\/2021\/12\/Marko-Abend-Sonnenuntergang-Cesareo-DeeJay-Mix-100x100.jpg 100w, https:\/\/bergers-schlagerparadies.de\/wp-content\/uploads\/2021\/12\/Marko-Abend-Sonnenuntergang-Cesareo-DeeJay-Mix.jpg 800w\" sizes=\"auto, (max-width: 300px) 100vw, 300px\" \/>Nach seiner Deb\u00fctsingle \u201eSonnenuntergang\u201c pr\u00e4sentiert uns Marko Abend nun unter neuem Label die \u201eCesareo DeeJay Mix\u201c Version.<\/p>\n<p>Seit 1986 ist der aus Kiel stammende Marko Abend als DJ und Moderator aktiv. Der ausgebildete Erzieher und alleinerziehende Vater arbeitete bisher mehrfach mit dem Ersten Deutschen Fernsehen und Sauerland Event zusammen und war dabei bei diversen Boxweltmeisterschaften von unter anderem Arthur Abraham, Marco Huck und Davis Hay involviert. Er selbst ist der Sohn des ehemaligen Profi-Box Europameisters, Lothar Abend.<\/p>\n<p>Aufgrund der Coronapandemie verlagerte Marko Abend seine T\u00e4tigkeit zur Streaming-Plattform Twitch und baute sich in kurzer Zeit eine gro\u00dfe Community auf. Als DJ sang Marko Abend oft bei den Songs, die er spielte, mit. Durch seine markante Stimme dauerte es nicht lange bis seine Zuschauer einen eigenen Song forderten.<\/p>\n<p>Somit textete Marko Abend seinen Song Sonnenuntergang und tat sich mit der top seven Musikproduktion und Produzent Uwe Gall zusammen, der mit Udo Biessler die Musik zum Text komponierte.<\/p>\n<p>F\u00fcr den Remix war Cesareo DeeJay verantwortlich, welcher ebenfalls seine T\u00e4tigkeit auf die Streaming Plattform Twitch TV verlagert hat und bereits Remixe f\u00fcr Elvira Fischer, Michel Winter &#8211; NIC und\/oder auch Claudia Glueck produzierte.<\/p>\n<p><span style=\"color: #800000;\"><strong>Dieser Song ist ab dem 17.12.2021 in allen bekannten Onlineshops erh\u00e4ltlich!<\/strong><\/span><\/p>\n<p><span style=\"color: #800000;\"><strong>Airdate (f\u00fcr Radiosender): 13.12.2021<\/strong><\/span><\/p>\n<p><iframe style=\"width: 120px; height: 240px;\" src=\"\/\/ws-eu.amazon-adsystem.com\/widgets\/q?ServiceVersion=20070822&amp;OneJS=1&amp;Operation=GetAdHtml&amp;MarketPlace=DE&amp;source=ss&amp;ref=as_ss_li_til&amp;ad_type=product_link&amp;tracking_id=bergers-21&amp;language=de_DE&amp;marketplace=amazon&amp;region=DE&amp;placement=B09N1T21SZ&amp;asins=B09N1T21SZ&amp;linkId=d8da5be91c8007d4548d8b24aceef8e7&amp;show_border=true&amp;link_opens_in_new_window=true\" frameborder=\"0\" marginwidth=\"0\" marginheight=\"0\" scrolling=\"no\"><\/iframe><\/p>\n","protected":false},"excerpt":{"rendered":"<p>Nach seiner Deb\u00fctsingle \u201eSonnenuntergang\u201c pr\u00e4sentiert uns Marko Abend nun unter neuem Label die \u201eCesareo DeeJay Mix\u201c Version. Seit 1986 ist der aus Kiel stammende Marko Abend als DJ und Moderator aktiv. Der ausgebildete Erzieher und alleinerziehende Vater arbeitete bisher mehrfach mit dem Ersten Deutschen Fernsehen und Sauerland Event zusammen und war dabei bei diversen Boxweltmeisterschaften von unter anderem Arthur Abraham, Marco Huck und Davis Hay involviert. Er selbst ist der Sohn des ehemaligen Profi-Box Europameisters, Lothar Abend. Aufgrund der Coronapandemie verlagerte Marko Abend seine T\u00e4tigkeit zur Streaming-Plattform Twitch und baute sich in kurzer Zeit eine gro\u00dfe Community auf. Als DJ sang Marko Abend oft bei&#8230;<\/p>\n","protected":false},"author":1,"featured_media":8312,"comment_status":"open","ping_status":"open","sticky":false,"template":"","format":"standard","meta":{"footnotes":""},"categories":[2],"tags":[1088],"class_list":["post-8311","post","type-post","status-publish","format-standard","has-post-thumbnail","hentry","category-schlager","tag-marko-abend","wpcat-2-id"],"_links":{"self":[{"href":"https:\/\/bergers-schlagerparadies.de\/index.php?rest_route=\/wp\/v2\/posts\/8311","targetHints":{"allow":["GET"]}}],"collection":[{"href":"https:\/\/bergers-schlagerparadies.de\/index.php?rest_route=\/wp\/v2\/posts"}],"about":[{"href":"https:\/\/bergers-schlagerparadies.de\/index.php?rest_route=\/wp\/v2\/types\/post"}],"author":[{"embeddable":true,"href":"https:\/\/bergers-schlagerparadies.de\/index.php?rest_route=\/wp\/v2\/users\/1"}],"replies":[{"embeddable":true,"href":"https:\/\/bergers-schlagerparadies.de\/index.php?rest_route=%2Fwp%2Fv2%2Fcomments&post=8311"}],"version-history":[{"count":1,"href":"https:\/\/bergers-schlagerparadies.de\/index.php?rest_route=\/wp\/v2\/posts\/8311\/revisions"}],"predecessor-version":[{"id":8313,"href":"https:\/\/bergers-schlagerparadies.de\/index.php?rest_route=\/wp\/v2\/posts\/8311\/revisions\/8313"}],"wp:featuredmedia":[{"embeddable":true,"href":"https:\/\/bergers-schlagerparadies.de\/index.php?rest_route=\/wp\/v2\/media\/8312"}],"wp:attachment":[{"href":"https:\/\/bergers-schlagerparadies.de\/index.php?rest_route=%2Fwp%2Fv2%2Fmedia&parent=8311"}],"wp:term":[{"taxonomy":"category","embeddable":true,"href":"https:\/\/bergers-schlagerparadies.de\/index.php?rest_route=%2Fwp%2Fv2%2Fcategories&post=8311"},{"taxonomy":"post_tag","embeddable":true,"href":"https:\/\/bergers-schlagerparadies.de\/index.php?rest_route=%2Fwp%2Fv2%2Ftags&post=8311"}],"curies":[{"name":"wp","href":"https:\/\/api.w.org\/{rel}","templated":true}]}}