{"id":8071,"date":"2021-12-02T15:42:19","date_gmt":"2021-12-02T14:42:19","guid":{"rendered":"http:\/\/bergers-schlagerparadies.de\/?p=8071"},"modified":"2021-12-02T15:42:19","modified_gmt":"2021-12-02T14:42:19","slug":"andrea-maria-schroeter-christus-hallelujah-%c2%b7-bergers-schlagerparadies","status":"publish","type":"post","link":"https:\/\/bergers-schlagerparadies.de\/?p=8071","title":{"rendered":"Andrea Maria Schroeter &#8211; Christus Hallelujah \u00b7 Berger\u00b4s Schlagerparadies"},"content":{"rendered":"<p><span id=\"page1R_mcid3\" class=\"markedContent\"><span dir=\"ltr\" role=\"presentation\"><img loading=\"lazy\" decoding=\"async\" class=\"size-medium wp-image-8072 alignleft\" src=\"https:\/\/bergers-schlagerparadies.de\/wp-content\/uploads\/2021\/12\/Andrea-Maria-Schroeter-Christus-Hallelujah-300x300.jpg\" alt=\"\" width=\"300\" height=\"300\" srcset=\"https:\/\/bergers-schlagerparadies.de\/wp-content\/uploads\/2021\/12\/Andrea-Maria-Schroeter-Christus-Hallelujah-300x300.jpg 300w, https:\/\/bergers-schlagerparadies.de\/wp-content\/uploads\/2021\/12\/Andrea-Maria-Schroeter-Christus-Hallelujah-1024x1024.jpg 1024w, https:\/\/bergers-schlagerparadies.de\/wp-content\/uploads\/2021\/12\/Andrea-Maria-Schroeter-Christus-Hallelujah-150x150.jpg 150w, https:\/\/bergers-schlagerparadies.de\/wp-content\/uploads\/2021\/12\/Andrea-Maria-Schroeter-Christus-Hallelujah-768x768.jpg 768w, https:\/\/bergers-schlagerparadies.de\/wp-content\/uploads\/2021\/12\/Andrea-Maria-Schroeter-Christus-Hallelujah.jpg 1200w, https:\/\/bergers-schlagerparadies.de\/wp-content\/uploads\/2021\/12\/Andrea-Maria-Schroeter-Christus-Hallelujah-1188x1188.jpg 1188w, https:\/\/bergers-schlagerparadies.de\/wp-content\/uploads\/2021\/12\/Andrea-Maria-Schroeter-Christus-Hallelujah-100x100.jpg 100w\" sizes=\"auto, (max-width: 300px) 100vw, 300px\" \/>Geboren am 27. 05. 1981 in Dinslaken war Andrea Maria Schroeter als Kind einer <\/span><\/span><span id=\"page1R_mcid4\" class=\"markedContent\"> <\/span><span id=\"page1R_mcid5\" class=\"markedContent\"><span dir=\"ltr\" role=\"presentation\">Deutschen und eines \u00d6sterreichers in beiden L\u00e4ndern beheimatet. <\/span><\/span><span id=\"page1R_mcid6\" class=\"markedContent\"> <\/span><span id=\"page1R_mcid7\" class=\"markedContent\"><span dir=\"ltr\" role=\"presentation\">Die S\u00e4ngerin verbrachte zun\u00e4chst eine gl\u00fcckliche Kindheit am Niederrhein, <\/span><\/span><span id=\"page1R_mcid8\" class=\"markedContent\"><span dir=\"ltr\" role=\"presentation\">bis ihre Mutter <\/span><\/span><span id=\"page1R_mcid9\" class=\"markedContent\"><span dir=\"ltr\" role=\"presentation\">entschied die Familie zu verlassen.<\/span><\/span><span id=\"page1R_mcid10\" class=\"markedContent\"> <\/span><span id=\"page1R_mcid11\" class=\"markedContent\"><span dir=\"ltr\" role=\"presentation\">Von diesem Zeitpunkt an musste sie schnell erwachsen werden<\/span><\/span><span id=\"page1R_mcid12\" class=\"markedContent\"><span dir=\"ltr\" role=\"presentation\">,<\/span><\/span><span id=\"page1R_mcid13\" class=\"markedContent\"> <\/span><span id=\"page1R_mcid14\" class=\"markedContent\"><br role=\"presentation\" \/><span dir=\"ltr\" role=\"presentation\">um ihrem<\/span><\/span><span id=\"page1R_mcid15\" class=\"markedContent\"> <\/span><span id=\"page1R_mcid16\" class=\"markedContent\"><span dir=\"ltr\" role=\"presentation\">Vater mit Rat und Tat zur Seite zu stehen. <\/span><\/span><span id=\"page1R_mcid17\" class=\"markedContent\"> <\/span><span id=\"page1R_mcid18\" class=\"markedContent\"><br role=\"presentation\" \/><\/span><span id=\"page1R_mcid19\" class=\"markedContent\"><br role=\"presentation\" \/><span dir=\"ltr\" role=\"presentation\">Nachdem im Jahr 2010, nach einer vermutlichen Brandstiftung das von ihrem Vater selbst er<\/span><\/span><span id=\"page1R_mcid20\" class=\"markedContent\"><span dir=\"ltr\" role=\"presentation\">baute <\/span><\/span><span id=\"page1R_mcid21\" class=\"markedContent\"><br role=\"presentation\" \/><span dir=\"ltr\" role=\"presentation\">Eigenheim zur H\u00e4lfte niederbrannte und einige Zeit sp\u00e4ter ihr geliebter Gro\u00dfvater starb<\/span><\/span><span id=\"page1R_mcid22\" class=\"markedContent\"><span dir=\"ltr\" role=\"presentation\">,<\/span><\/span><span id=\"page1R_mcid23\" class=\"markedContent\"> <\/span><span id=\"page1R_mcid24\" class=\"markedContent\"><span dir=\"ltr\" role=\"presentation\">fand die <\/span><\/span><span id=\"page1R_mcid25\" class=\"markedContent\"><br role=\"presentation\" \/><span dir=\"ltr\" role=\"presentation\">sensible Musikerin halt in ihren eigenen Texten und in der Musik.<\/span><\/span><span id=\"page1R_mcid26\" class=\"markedContent\"> <\/span><span id=\"page1R_mcid27\" class=\"markedContent\"><br role=\"presentation\" \/><\/span><span id=\"page1R_mcid28\" class=\"markedContent\"><br role=\"presentation\" \/><em><span style=\"color: #800000;\"><strong><span dir=\"ltr\" role=\"presentation\">Andrea Maria Schroeter: Ihre Karriere<\/span><\/strong><\/span><\/em><\/span><span id=\"page1R_mcid29\" class=\"markedContent\"> <\/span><span id=\"page1R_mcid30\" class=\"markedContent\"><br role=\"presentation\" \/><\/span><span id=\"page1R_mcid31\" class=\"markedContent\"><span dir=\"ltr\" role=\"presentation\">Ersten musikalischen Kontakt schnupperte sie m<\/span><\/span><span id=\"page1R_mcid32\" class=\"markedContent\"><span dir=\"ltr\" role=\"presentation\">it 11 Jahren. Damals schloss sie sich dem <\/span><\/span><span id=\"page1R_mcid33\" class=\"markedContent\"><br role=\"presentation\" \/><span dir=\"ltr\" role=\"presentation\">Schulchor ihres Gymnasiums an. <\/span><\/span><span id=\"page1R_mcid34\" class=\"markedContent\"> <\/span><span id=\"page1R_mcid35\" class=\"markedContent\"><span dir=\"ltr\" role=\"presentation\">Schnell bemerkte man ihr Talent und f\u00f6rderte die junge <\/span><\/span><span id=\"page1R_mcid36\" class=\"markedContent\"><br role=\"presentation\" \/><span dir=\"ltr\" role=\"presentation\">S\u00e4ngerin durch Hauptrollen in Schulmusicals und Gesangsunterricht an der Niederrheinischen <\/span><\/span><span id=\"page1R_mcid37\" class=\"markedContent\"><br role=\"presentation\" \/><span dir=\"ltr\" role=\"presentation\">Musik<\/span><\/span><span id=\"page1R_mcid38\" class=\"markedContent\"><span dir=\"ltr\" role=\"presentation\">&#8211;<\/span><\/span><span id=\"page1R_mcid39\" class=\"markedContent\"> <\/span><span id=\"page1R_mcid40\" class=\"markedContent\"><span dir=\"ltr\" role=\"presentation\">und Kunstschule in Duisburg. <\/span><\/span><span id=\"page1R_mcid41\" class=\"markedContent\"><span dir=\"ltr\" role=\"presentation\">Andrea Maria Schroeter wurde von 1997<\/span><\/span><span id=\"page1R_mcid42\" class=\"markedContent\"><span dir=\"ltr\" role=\"presentation\">&#8211;<\/span><\/span><span id=\"page1R_mcid43\" class=\"markedContent\"> <\/span><span id=\"page1R_mcid44\" class=\"markedContent\"><span dir=\"ltr\" role=\"presentation\">2011 Mitglied <\/span><\/span><span id=\"page1R_mcid45\" class=\"markedContent\"><br role=\"presentation\" \/><span dir=\"ltr\" role=\"presentation\">eines \u00f6rtlich bekannten Gospelchores und wechselte sich m\u00fchelos durch die Stimmen.<\/span><\/span><span id=\"page1R_mcid46\" class=\"markedContent\"> <\/span><span id=\"page1R_mcid47\" class=\"markedContent\"><br role=\"presentation\" \/><span dir=\"ltr\" role=\"presentation\">Nach dem famili\u00e4r bedingten Austritt aus dem Gospelchor nahm sie Ihre Selbstst\u00e4ndigkeit als <\/span><\/span><span id=\"page1R_mcid48\" class=\"markedContent\"><br role=\"presentation\" \/><span dir=\"ltr\" role=\"presentation\">Hochzeitss\u00e4ngerin auf und ma<\/span><\/span><span id=\"page1R_mcid49\" class=\"markedContent\"><span dir=\"ltr\" role=\"presentation\">chte sich in der Branche sehr schnell einen Namen. <\/span><\/span><span id=\"page1R_mcid50\" class=\"markedContent\"> <\/span><span id=\"page1R_mcid51\" class=\"markedContent\"><br role=\"presentation\" \/><\/span><span id=\"page1R_mcid52\" class=\"markedContent\"><br role=\"presentation\" \/><span style=\"color: #800000;\"><em><strong><span dir=\"ltr\" role=\"presentation\">Erstes Album<\/span><\/strong><\/em><\/span><\/span><span id=\"page1R_mcid53\" class=\"markedContent\"> <\/span><span id=\"page1R_mcid54\" class=\"markedContent\"><br role=\"presentation\" \/><\/span><span id=\"page1R_mcid55\" class=\"markedContent\"><br role=\"presentation\" \/><span dir=\"ltr\" role=\"presentation\">Ihr Deb\u00fctalbum ver\u00f6ffentlichte Andrea Maria Schroeter im M\u00e4rz 2018<\/span><\/span><span id=\"page1R_mcid56\" class=\"markedContent\"><span dir=\"ltr\" role=\"presentation\">.<\/span><\/span><span id=\"page1R_mcid57\" class=\"markedContent\"> <\/span><span id=\"page1R_mcid58\" class=\"markedContent\"><br role=\"presentation\" \/><span dir=\"ltr\" role=\"presentation\">Es hei\u00dft \u201eHochzeitsalbum Nr.1\u201c.<\/span><\/span><span id=\"page1R_mcid59\" class=\"markedContent\"> <\/span><span id=\"page1R_mcid60\" class=\"markedContent\"> <\/span><span id=\"page1R_mcid61\" class=\"markedContent\"><br role=\"presentation\" \/><\/span><span id=\"page1R_mcid62\" class=\"markedContent\"><br role=\"presentation\" \/><span dir=\"ltr\" role=\"presentation\">Der Titel ist Programm, denn auf diesem Album singt die ge\u00fcbte S\u00e4ngerin, neben eigenen<\/span><\/span><span id=\"page1R_mcid63\" class=\"markedContent\"> <\/span><span id=\"page1R_mcid64\" class=\"markedContent\"><span dir=\"ltr\" role=\"presentation\">Liedern <\/span><\/span><span id=\"page1R_mcid65\" class=\"markedContent\"><br role=\"presentation\" \/><span dir=\"ltr\" role=\"presentation\">auch Coverversionen verschiedenster f\u00fcr Hochzeiten gern gew\u00fcnschter Lieder.<\/span><\/span><span id=\"page1R_mcid66\" class=\"markedContent\"> <\/span><span id=\"page1R_mcid67\" class=\"markedContent\"><br role=\"presentation\" \/><span dir=\"ltr\" role=\"presentation\">Die Produktion und den Vertrieb f\u00fchrte die engagierte Musikerin selbst durch und begeisterte mit <\/span><\/span><span id=\"page1R_mcid68\" class=\"markedContent\"><br role=\"presentation\" \/><span dir=\"ltr\" role=\"presentation\">ihrem Werk neben ihren wachsenden Anh\u00e4ngern auch die Modegr\u00f6\u00dfe Guido Maria<\/span><\/span><span id=\"page1R_mcid69\" class=\"markedContent\"> <\/span><span id=\"page1R_mcid70\" class=\"markedContent\"><span dir=\"ltr\" role=\"presentation\">Kretschmer, <\/span><\/span><span id=\"page1R_mcid71\" class=\"markedContent\"><br role=\"presentation\" \/><span dir=\"ltr\" role=\"presentation\">welcher ganz begeisterte Worte f\u00fcr die Ausnahmek\u00fcnstlerin fand.<\/span><\/span><span id=\"page1R_mcid72\" class=\"markedContent\"> <\/span><span id=\"page14R_mcid0\" class=\"markedContent\"><\/span><br role=\"presentation\" \/><span id=\"page14R_mcid1\" class=\"markedContent\"><\/span><\/p>\n<p><span style=\"color: #800000;\"><strong><span id=\"page14R_mcid1\" class=\"markedContent\"><span dir=\"ltr\" role=\"presentation\">Kreatives Schaffen:<\/span><\/span><span id=\"page14R_mcid2\" class=\"markedContent\"> <\/span><\/strong><\/span><span id=\"page14R_mcid3\" class=\"markedContent\"><br role=\"presentation\" \/><\/span><span id=\"page14R_mcid4\" class=\"markedContent\"><br role=\"presentation\" \/><span dir=\"ltr\" role=\"presentation\">Das Schreiben eigener Lieder bezeichnet die S\u00e4ngerin als Seelenreinigung.<\/span><\/span><span id=\"page14R_mcid5\" class=\"markedContent\"> <\/span><span id=\"page14R_mcid6\" class=\"markedContent\"><br role=\"presentation\" \/><span dir=\"ltr\" role=\"presentation\">Insbesondere die Lieder \u201e Heimlich\u201c <\/span><\/span><span id=\"page14R_mcid7\" class=\"markedContent\"><span dir=\"ltr\" role=\"presentation\">(Abschied<\/span><\/span><span id=\"page14R_mcid8\" class=\"markedContent\"> <\/span><span id=\"page14R_mcid9\" class=\"markedContent\"><span dir=\"ltr\" role=\"presentation\">von der Mutter, die die Familie verla<\/span><\/span><span id=\"page14R_mcid10\" class=\"markedContent\"><span dir=\"ltr\" role=\"presentation\">ssen hat) und<\/span><\/span><span id=\"page14R_mcid11\" class=\"markedContent\"> <\/span><span id=\"page14R_mcid12\" class=\"markedContent\"><br role=\"presentation\" \/><span dir=\"ltr\" role=\"presentation\">\u201e Ein Lied auf Dich\u201c (Ein Lied zu Ehren eines Verstorbenen) fanden ihren Weg direkt aus dem <\/span><\/span><span id=\"page14R_mcid13\" class=\"markedContent\"><br role=\"presentation\" \/><span dir=\"ltr\" role=\"presentation\">Herzen der S\u00e4ngerin auf ein Papier.<\/span><\/span><span id=\"page14R_mcid14\" class=\"markedContent\"> <\/span><span id=\"page14R_mcid15\" class=\"markedContent\"><br role=\"presentation\" \/><\/span><span id=\"page14R_mcid16\" class=\"markedContent\"><br role=\"presentation\" \/><span dir=\"ltr\" role=\"presentation\">2017\/ 2018 und 2019 durfte Andrea Maria Schroeter als Duo mit Ihrem Pianisten Anton Gankoff <\/span><\/span><span id=\"page14R_mcid17\" class=\"markedContent\"><br role=\"presentation\" \/><span dir=\"ltr\" role=\"presentation\">Preistr\u00e4ger sein bei <\/span><\/span><span id=\"page14R_mcid18\" class=\"markedContent\"><span dir=\"ltr\" role=\"presentation\">Liederwettbewerben u.a. einem Liederwettbewerb von Peter Bursch und der <\/span><\/span><span id=\"page14R_mcid19\" class=\"markedContent\"><br role=\"presentation\" \/><span dir=\"ltr\" role=\"presentation\">Niederrheinischen Musik<\/span><\/span><span id=\"page14R_mcid20\" class=\"markedContent\"><span dir=\"ltr\" role=\"presentation\">&#8211;<\/span><\/span><span id=\"page14R_mcid21\" class=\"markedContent\"> <\/span><span id=\"page14R_mcid22\" class=\"markedContent\"><span dir=\"ltr\" role=\"presentation\">und Kunstschule der Stadt Duisburg<\/span><\/span><\/p>\n<p><span id=\"page14R_mcid23\" class=\"markedContent\"> <\/span><span id=\"page14R_mcid24\" class=\"markedContent\"><br role=\"presentation\" \/><span style=\"color: #800000;\"><strong><span dir=\"ltr\" role=\"presentation\">Aktuelle Programme:<\/span><\/strong><\/span><\/span><span id=\"page14R_mcid25\" class=\"markedContent\"> <\/span><span id=\"page14R_mcid26\" class=\"markedContent\"><br role=\"presentation\" \/><\/span><span id=\"page14R_mcid27\" class=\"markedContent\"><br role=\"presentation\" \/><span dir=\"ltr\" role=\"presentation\">Im Zuge diverser Live<\/span><\/span><span id=\"page14R_mcid28\" class=\"markedContent\"><span dir=\"ltr\" role=\"presentation\">&#8211;<\/span><\/span><span id=\"page14R_mcid29\" class=\"markedContent\"><span dir=\"ltr\" role=\"presentation\">Auftritte werden eigene Lieder gespielt:<\/span><\/span><span id=\"page14R_mcid30\" class=\"markedContent\"> <\/span><span id=\"page14R_mcid31\" class=\"markedContent\"><br role=\"presentation\" \/><\/span><span id=\"page14R_mcid32\" class=\"markedContent\"><br role=\"presentation\" \/><span dir=\"ltr\" role=\"presentation\">\u2013<\/span> <\/span><span id=\"page14R_mcid33\" class=\"markedContent\"><span dir=\"ltr\" role=\"presentation\">Wenn ich an Duisburg denk<\/span><\/span><span id=\"page14R_mcid34\" class=\"markedContent\"> <\/span><span id=\"page14R_mcid35\" class=\"markedContent\"><br role=\"presentation\" \/><span dir=\"ltr\" role=\"presentation\">\u2013<\/span> <\/span><span id=\"page14R_mcid36\" class=\"markedContent\"><span dir=\"ltr\" role=\"presentation\">Heimlich<\/span><\/span><span id=\"page14R_mcid37\" class=\"markedContent\"> <\/span><span id=\"page14R_mcid38\" class=\"markedContent\"><br role=\"presentation\" \/><span dir=\"ltr\" role=\"presentation\">\u2013<\/span> <\/span><span id=\"page14R_mcid39\" class=\"markedContent\"><span dir=\"ltr\" role=\"presentation\">Gold<\/span><\/span><span id=\"page14R_mcid40\" class=\"markedContent\"><span dir=\"ltr\" role=\"presentation\">ene Zeiten<\/span><\/span><span id=\"page14R_mcid41\" class=\"markedContent\"> <\/span><span id=\"page14R_mcid42\" class=\"markedContent\"><br role=\"presentation\" \/><span dir=\"ltr\" role=\"presentation\">\u2013<\/span> <\/span><span id=\"page14R_mcid43\" class=\"markedContent\"><span dir=\"ltr\" role=\"presentation\">Von jetzt an f\u00fcr immer<\/span><\/span><span id=\"page14R_mcid44\" class=\"markedContent\"> <\/span><span id=\"page14R_mcid45\" class=\"markedContent\"><br role=\"presentation\" \/><span dir=\"ltr\" role=\"presentation\">\u2013<\/span> <\/span><span id=\"page14R_mcid46\" class=\"markedContent\"><span dir=\"ltr\" role=\"presentation\">Ein Lied auf Dich<\/span><\/span><span id=\"page14R_mcid47\" class=\"markedContent\"> <\/span><span id=\"page14R_mcid48\" class=\"markedContent\"><br role=\"presentation\" \/><\/span><span id=\"page14R_mcid49\" class=\"markedContent\"><br role=\"presentation\" \/><span dir=\"ltr\" role=\"presentation\">und auch diverse wohlklingende deutsche Coverlieder<\/span><\/span><span id=\"page14R_mcid50\" class=\"markedContent\"> <\/span><span id=\"page14R_mcid51\" class=\"markedContent\"><br role=\"presentation\" \/><\/span><span id=\"page14R_mcid52\" class=\"markedContent\"><br role=\"presentation\" \/><span dir=\"ltr\" role=\"presentation\">Im Dezember ist die S\u00e4ngerin auf zwei etablierten Weihnachtsm\u00e4rkten und einer <\/span><\/span><span id=\"page14R_mcid53\" class=\"markedContent\"><br role=\"presentation\" \/><span dir=\"ltr\" role=\"presentation\">Privatveranstaltung zu erleben.<\/span><\/span><span id=\"page14R_mcid54\" class=\"markedContent\"> <\/span><\/p>\n<p><strong><span style=\"color: #800000;\">Dieser Song ist ab dem 03.12.2021 in allen bekannten Onlineshops erh\u00e4ltlich!<\/span><\/strong><\/p>\n","protected":false},"excerpt":{"rendered":"<p>Geboren am 27. 05. 1981 in Dinslaken war Andrea Maria Schroeter als Kind einer Deutschen und eines \u00d6sterreichers in beiden L\u00e4ndern beheimatet. Die S\u00e4ngerin verbrachte zun\u00e4chst eine gl\u00fcckliche Kindheit am Niederrhein, bis ihre Mutter entschied die Familie zu verlassen. Von diesem Zeitpunkt an musste sie schnell erwachsen werden, um ihrem Vater mit Rat und Tat zur Seite zu stehen. Nachdem im Jahr 2010, nach einer vermutlichen Brandstiftung das von ihrem Vater selbst erbaute Eigenheim zur H\u00e4lfte niederbrannte und einige Zeit sp\u00e4ter ihr geliebter Gro\u00dfvater starb, fand die sensible Musikerin halt in ihren eigenen Texten und in der Musik. Andrea Maria Schroeter: Ihre Karriere Ersten musikalischen&#8230;<\/p>\n","protected":false},"author":1,"featured_media":8072,"comment_status":"open","ping_status":"open","sticky":false,"template":"","format":"standard","meta":{"footnotes":""},"categories":[2],"tags":[1046],"class_list":["post-8071","post","type-post","status-publish","format-standard","has-post-thumbnail","hentry","category-schlager","tag-andrea-maria-schroeter","wpcat-2-id"],"_links":{"self":[{"href":"https:\/\/bergers-schlagerparadies.de\/index.php?rest_route=\/wp\/v2\/posts\/8071","targetHints":{"allow":["GET"]}}],"collection":[{"href":"https:\/\/bergers-schlagerparadies.de\/index.php?rest_route=\/wp\/v2\/posts"}],"about":[{"href":"https:\/\/bergers-schlagerparadies.de\/index.php?rest_route=\/wp\/v2\/types\/post"}],"author":[{"embeddable":true,"href":"https:\/\/bergers-schlagerparadies.de\/index.php?rest_route=\/wp\/v2\/users\/1"}],"replies":[{"embeddable":true,"href":"https:\/\/bergers-schlagerparadies.de\/index.php?rest_route=%2Fwp%2Fv2%2Fcomments&post=8071"}],"version-history":[{"count":1,"href":"https:\/\/bergers-schlagerparadies.de\/index.php?rest_route=\/wp\/v2\/posts\/8071\/revisions"}],"predecessor-version":[{"id":8073,"href":"https:\/\/bergers-schlagerparadies.de\/index.php?rest_route=\/wp\/v2\/posts\/8071\/revisions\/8073"}],"wp:featuredmedia":[{"embeddable":true,"href":"https:\/\/bergers-schlagerparadies.de\/index.php?rest_route=\/wp\/v2\/media\/8072"}],"wp:attachment":[{"href":"https:\/\/bergers-schlagerparadies.de\/index.php?rest_route=%2Fwp%2Fv2%2Fmedia&parent=8071"}],"wp:term":[{"taxonomy":"category","embeddable":true,"href":"https:\/\/bergers-schlagerparadies.de\/index.php?rest_route=%2Fwp%2Fv2%2Fcategories&post=8071"},{"taxonomy":"post_tag","embeddable":true,"href":"https:\/\/bergers-schlagerparadies.de\/index.php?rest_route=%2Fwp%2Fv2%2Ftags&post=8071"}],"curies":[{"name":"wp","href":"https:\/\/api.w.org\/{rel}","templated":true}]}}