{"id":8017,"date":"2021-11-29T13:32:12","date_gmt":"2021-11-29T12:32:12","guid":{"rendered":"http:\/\/bergers-schlagerparadies.de\/?p=8017"},"modified":"2021-11-29T15:16:07","modified_gmt":"2021-11-29T14:16:07","slug":"julia-raich-das-war-ne-schlechte-idee-%c2%b7-bergers-schlagerparadies","status":"publish","type":"post","link":"https:\/\/bergers-schlagerparadies.de\/?p=8017","title":{"rendered":"Julia Raich &#8211; Das war ne schlechte Idee \u00b7 Berger\u00b4s Schlagerparadies"},"content":{"rendered":"<p><img loading=\"lazy\" decoding=\"async\" class=\"size-medium wp-image-8018 alignleft\" src=\"https:\/\/bergers-schlagerparadies.de\/wp-content\/uploads\/2021\/11\/Julia-Raich-Das-war-ne-schlechte-Idee-300x300.jpg\" alt=\"\" width=\"300\" height=\"300\" srcset=\"https:\/\/bergers-schlagerparadies.de\/wp-content\/uploads\/2021\/11\/Julia-Raich-Das-war-ne-schlechte-Idee-300x300.jpg 300w, https:\/\/bergers-schlagerparadies.de\/wp-content\/uploads\/2021\/11\/Julia-Raich-Das-war-ne-schlechte-Idee-1024x1024.jpg 1024w, https:\/\/bergers-schlagerparadies.de\/wp-content\/uploads\/2021\/11\/Julia-Raich-Das-war-ne-schlechte-Idee-150x150.jpg 150w, https:\/\/bergers-schlagerparadies.de\/wp-content\/uploads\/2021\/11\/Julia-Raich-Das-war-ne-schlechte-Idee-768x768.jpg 768w, https:\/\/bergers-schlagerparadies.de\/wp-content\/uploads\/2021\/11\/Julia-Raich-Das-war-ne-schlechte-Idee-1536x1536.jpg 1536w, https:\/\/bergers-schlagerparadies.de\/wp-content\/uploads\/2021\/11\/Julia-Raich-Das-war-ne-schlechte-Idee-2048x2048.jpg 2048w, https:\/\/bergers-schlagerparadies.de\/wp-content\/uploads\/2021\/11\/Julia-Raich-Das-war-ne-schlechte-Idee-1200x1200.jpg 1200w, https:\/\/bergers-schlagerparadies.de\/wp-content\/uploads\/2021\/11\/Julia-Raich-Das-war-ne-schlechte-Idee-1188x1188.jpg 1188w, https:\/\/bergers-schlagerparadies.de\/wp-content\/uploads\/2021\/11\/Julia-Raich-Das-war-ne-schlechte-Idee-100x100.jpg 100w\" sizes=\"auto, (max-width: 300px) 100vw, 300px\" \/>Die gute Laune Single \u201eDas war ne schlechte Idee\u201c heizt die Lust auf das kommende Julia Raich Album \u201eMein Schlagerr(a)ich\u201c nochmal so richtig an. Wer hatte nicht schonmal einen guten Vorsatz? Manche sind sogar nur daf\u00fcr da, damit man sie sofort wieder verwirft, wenn sich die passende Gelegenheit dazu ergibt. Eine Story, die jeder kennt, der schonmal entt\u00e4uscht wurde und dennoch total verr\u00fcckt nach dem Objekt der Begierde blieb. Julia Raich ist unsere Schlagerprinzessin, um uns eine Portion Leichtigkeit, Freiheit und Lebensfreude zu geben. Sie ist ungezwungen, glamour\u00f6s, frei und bedingungslos herzlich. Die Erfolge der letzten zwei Jahre haben Julia befl\u00fcgelt ein junges, frisch klingendes Album aufzunehmen und nun ganz und gar ihre Botschaften in die Welt hinauszutragen. Die K\u00fcnstlerin aus Wien steht nie still. Die n\u00e4chsten Projekte f\u00fcr Ihre Fans und die die es noch werden, sind schon am Start. Ende Oktober wurde Julia als Moderatorin f\u00fcr TV-Reportagen vom \u00f6sterreichischen Sender eXXpressTV gewonnen \u2013 auch hier setzt man auf ihren Esprit. Neben ihrem Videoblog \u201eSchlagerprinzessin on Tour\u201c ist gerade ein Social Media Format namens \u201eAudienz bei der Schlagerprinzessin\u201c in Umsetzung, das die Community au\u00dfergew\u00f6hnlich gut unterhalten wird. All das klingt NICHT nach ner schlechten Idee\u2026So hei\u00dft allerdings der Song, der als letzter Teaser vor Albumver\u00f6ffentlichung digital released wird. By Mike\u2019s Music Media (Germany)<\/p>\n<p><span style=\"color: #800000;\"><strong>Dieser Song ist ab dem 03.12.2021 in allen bekannten Onlineshops erh\u00e4ltlich!<\/strong><\/span><\/p>\n<p><iframe style=\"width: 120px; height: 240px;\" src=\"\/\/ws-eu.amazon-adsystem.com\/widgets\/q?ServiceVersion=20070822&amp;OneJS=1&amp;Operation=GetAdHtml&amp;MarketPlace=DE&amp;source=ss&amp;ref=as_ss_li_til&amp;ad_type=product_link&amp;tracking_id=bergers-21&amp;language=de_DE&amp;marketplace=amazon&amp;region=DE&amp;placement=B09LSLHT94&amp;asins=B09LSLHT94&amp;linkId=d5c8b7a3aec22b983c585c43ae2a9d7f&amp;show_border=true&amp;link_opens_in_new_window=true\" frameborder=\"0\" marginwidth=\"0\" marginheight=\"0\" scrolling=\"no\"><\/iframe><\/p>\n","protected":false},"excerpt":{"rendered":"<p>Die gute Laune Single \u201eDas war ne schlechte Idee\u201c heizt die Lust auf das kommende Julia Raich Album \u201eMein Schlagerr(a)ich\u201c nochmal so richtig an. Wer hatte nicht schonmal einen guten Vorsatz? Manche sind sogar nur daf\u00fcr da, damit man sie sofort wieder verwirft, wenn sich die passende Gelegenheit dazu ergibt. Eine Story, die jeder kennt, der schonmal entt\u00e4uscht wurde und dennoch total verr\u00fcckt nach dem Objekt der Begierde blieb. Julia Raich ist unsere Schlagerprinzessin, um uns eine Portion Leichtigkeit, Freiheit und Lebensfreude zu geben. Sie ist ungezwungen, glamour\u00f6s, frei und bedingungslos herzlich. Die Erfolge der letzten zwei Jahre haben Julia befl\u00fcgelt ein junges, frisch klingendes&#8230;<\/p>\n","protected":false},"author":1,"featured_media":8018,"comment_status":"open","ping_status":"open","sticky":false,"template":"","format":"standard","meta":{"footnotes":""},"categories":[2],"tags":[371],"class_list":["post-8017","post","type-post","status-publish","format-standard","has-post-thumbnail","hentry","category-schlager","tag-julia-raich","wpcat-2-id"],"_links":{"self":[{"href":"https:\/\/bergers-schlagerparadies.de\/index.php?rest_route=\/wp\/v2\/posts\/8017","targetHints":{"allow":["GET"]}}],"collection":[{"href":"https:\/\/bergers-schlagerparadies.de\/index.php?rest_route=\/wp\/v2\/posts"}],"about":[{"href":"https:\/\/bergers-schlagerparadies.de\/index.php?rest_route=\/wp\/v2\/types\/post"}],"author":[{"embeddable":true,"href":"https:\/\/bergers-schlagerparadies.de\/index.php?rest_route=\/wp\/v2\/users\/1"}],"replies":[{"embeddable":true,"href":"https:\/\/bergers-schlagerparadies.de\/index.php?rest_route=%2Fwp%2Fv2%2Fcomments&post=8017"}],"version-history":[{"count":1,"href":"https:\/\/bergers-schlagerparadies.de\/index.php?rest_route=\/wp\/v2\/posts\/8017\/revisions"}],"predecessor-version":[{"id":8019,"href":"https:\/\/bergers-schlagerparadies.de\/index.php?rest_route=\/wp\/v2\/posts\/8017\/revisions\/8019"}],"wp:featuredmedia":[{"embeddable":true,"href":"https:\/\/bergers-schlagerparadies.de\/index.php?rest_route=\/wp\/v2\/media\/8018"}],"wp:attachment":[{"href":"https:\/\/bergers-schlagerparadies.de\/index.php?rest_route=%2Fwp%2Fv2%2Fmedia&parent=8017"}],"wp:term":[{"taxonomy":"category","embeddable":true,"href":"https:\/\/bergers-schlagerparadies.de\/index.php?rest_route=%2Fwp%2Fv2%2Fcategories&post=8017"},{"taxonomy":"post_tag","embeddable":true,"href":"https:\/\/bergers-schlagerparadies.de\/index.php?rest_route=%2Fwp%2Fv2%2Ftags&post=8017"}],"curies":[{"name":"wp","href":"https:\/\/api.w.org\/{rel}","templated":true}]}}