{"id":7994,"date":"2021-11-27T16:58:39","date_gmt":"2021-11-27T15:58:39","guid":{"rendered":"http:\/\/bergers-schlagerparadies.de\/?p=7994"},"modified":"2021-11-27T16:58:39","modified_gmt":"2021-11-27T15:58:39","slug":"dj-oetzi-der-moment-balladen-version-%c2%b7-bergers-schlagerparadies","status":"publish","type":"post","link":"https:\/\/bergers-schlagerparadies.de\/?p=7994","title":{"rendered":"DJ \u00d6tzi &#8211; Der Moment &#8211; Balladen Version \u00b7 Berger\u00b4s Schlagerparadies"},"content":{"rendered":"<p><img loading=\"lazy\" decoding=\"async\" class=\"size-medium wp-image-7995 alignleft\" src=\"https:\/\/bergers-schlagerparadies.de\/wp-content\/uploads\/2021\/11\/DJ-Oetzi-Der-Moment-Balladen-Version-300x300.jpg\" alt=\"\" width=\"300\" height=\"300\" srcset=\"https:\/\/bergers-schlagerparadies.de\/wp-content\/uploads\/2021\/11\/DJ-Oetzi-Der-Moment-Balladen-Version-300x300.jpg 300w, https:\/\/bergers-schlagerparadies.de\/wp-content\/uploads\/2021\/11\/DJ-Oetzi-Der-Moment-Balladen-Version-1024x1024.jpg 1024w, https:\/\/bergers-schlagerparadies.de\/wp-content\/uploads\/2021\/11\/DJ-Oetzi-Der-Moment-Balladen-Version-150x150.jpg 150w, https:\/\/bergers-schlagerparadies.de\/wp-content\/uploads\/2021\/11\/DJ-Oetzi-Der-Moment-Balladen-Version-768x768.jpg 768w, https:\/\/bergers-schlagerparadies.de\/wp-content\/uploads\/2021\/11\/DJ-Oetzi-Der-Moment-Balladen-Version-1536x1536.jpg 1536w, https:\/\/bergers-schlagerparadies.de\/wp-content\/uploads\/2021\/11\/DJ-Oetzi-Der-Moment-Balladen-Version-2048x2048.jpg 2048w, https:\/\/bergers-schlagerparadies.de\/wp-content\/uploads\/2021\/11\/DJ-Oetzi-Der-Moment-Balladen-Version-1200x1200.jpg 1200w, https:\/\/bergers-schlagerparadies.de\/wp-content\/uploads\/2021\/11\/DJ-Oetzi-Der-Moment-Balladen-Version-1188x1188.jpg 1188w, https:\/\/bergers-schlagerparadies.de\/wp-content\/uploads\/2021\/11\/DJ-Oetzi-Der-Moment-Balladen-Version-100x100.jpg 100w\" sizes=\"auto, (max-width: 300px) 100vw, 300px\" \/>DJ \u00d6TZI &#8211; Der Moment \u201eBalladen Version\u201c<\/p>\n<p>Mit der Single \u201eDer Moment\u201c k\u00fcndigte der #1-Hitgarant aus \u00d6sterreich sein neues Studioalbum \u201eSei du selbst an \u2013 Party 2.0\u201c an \u2013 auf dem er erstmals als Songwriter aktiv wird &amp; so pers\u00f6nlich klingt wie nie zuvor +++ Nun folgt am 26.11 die Balladen Version der Single \u201eDer Moment\u201c<\/p>\n<p>Auf sein, laut eigener Aussage mit Abstand pers\u00f6nlichstes Werk, das Album \u201eSei du selbst \u2013 Party 2.0\u201c, folgt nun am 26.11 die Balladen Version des euphorisch-lebensbejahenden Singlevorboten \u201eDer Moment\u201c.<\/p>\n<p>\u201eIch habe mich einfach sehr viel mehr ge\u00f6ffnet als je zuvor.\u201c \u2013 DJ \u00d6TZI<\/p>\n<p>Gerry Friedle aus Tirol hat noch nie Abk\u00fcrzungen genommen: Sein bisheriger Lebens- und Karriereweg hatte durchaus seine Umwege, Abgr\u00fcnde und T\u00e4ler, um schlie\u00dflich doch auf den Thron zu f\u00fchren, der an der Kreuzung zwischen Schlager, Dance und Pop steht. \u201eFr\u00fcher hab ich mich ja nie getraut, von mir zu erz\u00e4hlen\u2026 und jetzt also von mir zu erz\u00e4hlen, so viel mehr preiszugeben, das ist einfach der Hammer! Es f\u00fchlt und h\u00f6rt sich einfach richtig geil an!\u201c<\/p>\n<p>Es sind Momentaufnahmen, Schnappsch\u00fcsse und Erfahrungen, die wir alle schon gemacht haben oder mal machen werden \u2013 absolut zeitgen\u00f6ssisch arrangiert, ultrapers\u00f6nlich auf den Punkt gebracht: Von der Geburt bis zum Abschiednehmen, vom Ja-Wort bis zum Genau-Jetzt-Alles-Geben, weil es das Carpe Diem einfach verlangt, \u201edenn es ist der Moment, in dem wir leben\/es ist der Moment\/f\u00fcr den wir alles geben!\u201c Es geht ihm um gro\u00dfe wie kleine Wendepunkte, um ein Bewusstsein f\u00fcr den Sinn, vor allem geht es ihm um Optimismus, kollektive Zuversicht \u2013 gerade jetzt. Sein Dreiklang lautet \u201edu, ich, wir: Wir sind eins.\u201c<\/p>\n<p>Zeilen, die immer wichtig sind, aktuell jedoch mehr denn je \u2013 und die noch mitrei\u00dfender und bewegender klingen, wenn der \u00d6sterreicher seine Strophen in der neuen Balladen Version ausarbeitet. Ein vertontes Wir-Gef\u00fchl: \u201eDu, ich, wir: Wir sind eins.\u201c<\/p>\n<p>Kontakt:<br \/>\nPromotion Leitung + TV Promotion Heiner.Peschmann@umusic.com<br \/>\nOnline Promo: daniela.duessler@promotion-werft.de<br \/>\nRadio Promo: reinhard.meynen@t-online.de<\/p>\n<p>Management &amp; Booking<\/p>\n<p>G+F Music Management GmbH<br \/>\nWiener Stra\u00dfe 253<br \/>\n8051 Graz<br \/>\nwww.djoetzi-management.at<br \/>\nSonja Kien-Friedle office@djoetzi.com<\/p>\n<p><span style=\"color: #800000;\"><strong>Dieser Song ist ab dem 26.11.2021 in allen bekannten Onlineshops erh\u00e4ltlich!<\/strong><\/span><\/p>\n<p><iframe style=\"width: 120px; height: 240px;\" src=\"\/\/ws-eu.amazon-adsystem.com\/widgets\/q?ServiceVersion=20070822&amp;OneJS=1&amp;Operation=GetAdHtml&amp;MarketPlace=DE&amp;source=ss&amp;ref=as_ss_li_til&amp;ad_type=product_link&amp;tracking_id=bergers-21&amp;language=de_DE&amp;marketplace=amazon&amp;region=DE&amp;placement=B09M83GX15&amp;asins=B09M83GX15&amp;linkId=62ae50b14200f5f11910abd3387ec972&amp;show_border=true&amp;link_opens_in_new_window=true\" frameborder=\"0\" marginwidth=\"0\" marginheight=\"0\" scrolling=\"no\"><\/iframe><\/p>\n","protected":false},"excerpt":{"rendered":"<p>DJ \u00d6TZI &#8211; Der Moment \u201eBalladen Version\u201c Mit der Single \u201eDer Moment\u201c k\u00fcndigte der #1-Hitgarant aus \u00d6sterreich sein neues Studioalbum \u201eSei du selbst an \u2013 Party 2.0\u201c an \u2013 auf dem er erstmals als Songwriter aktiv wird &amp; so pers\u00f6nlich klingt wie nie zuvor +++ Nun folgt am 26.11 die Balladen Version der Single \u201eDer Moment\u201c Auf sein, laut eigener Aussage mit Abstand pers\u00f6nlichstes Werk, das Album \u201eSei du selbst \u2013 Party 2.0\u201c, folgt nun am 26.11 die Balladen Version des euphorisch-lebensbejahenden Singlevorboten \u201eDer Moment\u201c. \u201eIch habe mich einfach sehr viel mehr ge\u00f6ffnet als je zuvor.\u201c \u2013 DJ \u00d6TZI Gerry Friedle aus Tirol hat noch&#8230;<\/p>\n","protected":false},"author":1,"featured_media":7995,"comment_status":"open","ping_status":"open","sticky":false,"template":"","format":"standard","meta":{"footnotes":""},"categories":[2],"tags":[263],"class_list":["post-7994","post","type-post","status-publish","format-standard","has-post-thumbnail","hentry","category-schlager","tag-dj-oetzi","wpcat-2-id"],"_links":{"self":[{"href":"https:\/\/bergers-schlagerparadies.de\/index.php?rest_route=\/wp\/v2\/posts\/7994","targetHints":{"allow":["GET"]}}],"collection":[{"href":"https:\/\/bergers-schlagerparadies.de\/index.php?rest_route=\/wp\/v2\/posts"}],"about":[{"href":"https:\/\/bergers-schlagerparadies.de\/index.php?rest_route=\/wp\/v2\/types\/post"}],"author":[{"embeddable":true,"href":"https:\/\/bergers-schlagerparadies.de\/index.php?rest_route=\/wp\/v2\/users\/1"}],"replies":[{"embeddable":true,"href":"https:\/\/bergers-schlagerparadies.de\/index.php?rest_route=%2Fwp%2Fv2%2Fcomments&post=7994"}],"version-history":[{"count":1,"href":"https:\/\/bergers-schlagerparadies.de\/index.php?rest_route=\/wp\/v2\/posts\/7994\/revisions"}],"predecessor-version":[{"id":7997,"href":"https:\/\/bergers-schlagerparadies.de\/index.php?rest_route=\/wp\/v2\/posts\/7994\/revisions\/7997"}],"wp:featuredmedia":[{"embeddable":true,"href":"https:\/\/bergers-schlagerparadies.de\/index.php?rest_route=\/wp\/v2\/media\/7995"}],"wp:attachment":[{"href":"https:\/\/bergers-schlagerparadies.de\/index.php?rest_route=%2Fwp%2Fv2%2Fmedia&parent=7994"}],"wp:term":[{"taxonomy":"category","embeddable":true,"href":"https:\/\/bergers-schlagerparadies.de\/index.php?rest_route=%2Fwp%2Fv2%2Fcategories&post=7994"},{"taxonomy":"post_tag","embeddable":true,"href":"https:\/\/bergers-schlagerparadies.de\/index.php?rest_route=%2Fwp%2Fv2%2Ftags&post=7994"}],"curies":[{"name":"wp","href":"https:\/\/api.w.org\/{rel}","templated":true}]}}