{"id":7983,"date":"2021-11-29T10:30:38","date_gmt":"2021-11-29T09:30:38","guid":{"rendered":"http:\/\/bergers-schlagerparadies.de\/?p=7983"},"modified":"2021-11-27T15:57:36","modified_gmt":"2021-11-27T14:57:36","slug":"franz-k-besser-als-klasse-%c2%b7-bergers-schlagerparadies","status":"publish","type":"post","link":"https:\/\/bergers-schlagerparadies.de\/?p=7983","title":{"rendered":"Franz K. &#8211; Besser als Klasse \u00b7 Berger\u00b4s Schlagerparadies"},"content":{"rendered":"<p><img loading=\"lazy\" decoding=\"async\" class=\"size-medium wp-image-7984 alignleft\" src=\"https:\/\/bergers-schlagerparadies.de\/wp-content\/uploads\/2021\/11\/Franz-K.-Besser-als-Klasse-300x300.jpg\" alt=\"\" width=\"300\" height=\"300\" srcset=\"https:\/\/bergers-schlagerparadies.de\/wp-content\/uploads\/2021\/11\/Franz-K.-Besser-als-Klasse-300x300.jpg 300w, https:\/\/bergers-schlagerparadies.de\/wp-content\/uploads\/2021\/11\/Franz-K.-Besser-als-Klasse-1024x1024.jpg 1024w, https:\/\/bergers-schlagerparadies.de\/wp-content\/uploads\/2021\/11\/Franz-K.-Besser-als-Klasse-150x150.jpg 150w, https:\/\/bergers-schlagerparadies.de\/wp-content\/uploads\/2021\/11\/Franz-K.-Besser-als-Klasse-768x768.jpg 768w, https:\/\/bergers-schlagerparadies.de\/wp-content\/uploads\/2021\/11\/Franz-K.-Besser-als-Klasse-1536x1536.jpg 1536w, https:\/\/bergers-schlagerparadies.de\/wp-content\/uploads\/2021\/11\/Franz-K.-Besser-als-Klasse-1200x1200.jpg 1200w, https:\/\/bergers-schlagerparadies.de\/wp-content\/uploads\/2021\/11\/Franz-K.-Besser-als-Klasse-1188x1188.jpg 1188w, https:\/\/bergers-schlagerparadies.de\/wp-content\/uploads\/2021\/11\/Franz-K.-Besser-als-Klasse-100x100.jpg 100w, https:\/\/bergers-schlagerparadies.de\/wp-content\/uploads\/2021\/11\/Franz-K.-Besser-als-Klasse.jpg 1736w\" sizes=\"auto, (max-width: 300px) 100vw, 300px\" \/>2021 beendet die Band FRANZ K. mit der neuen Single &#8222;Besser als Klasse&#8220;. Es ist ein optimistischer Song der Gruppe aus dem Ruhrgebiet, mit dem sie das Jahr ausklingen l\u00e4\u00dft. Denn ein Ende der tr\u00fcben Tage kommt langsam in Sicht&#8230;. f\u00fcrs \u00f6ffentliche als auch f\u00fcrs private Leben. Der Stillstand wird aufh\u00f6ren, und Musik auch wieder live m\u00f6glich sein und nicht nur im Tonstudio. Komponiert wurde &#8222;Besser als Klasse&#8220; von dem S\u00e4nger der Band Michael Momo Grimm und dem Arrangeur Dirk Gottschalk. Der Text stammt vom Schlagzeuger Stefan Josefus, der auch f\u00fcr die Produktion verantwortlich ist.<\/p>\n<p>&nbsp;<\/p>\n<p><span style=\"color: #800000;\"><strong>Dieser Song ist ab dem 03.12.2021 in allen bekannten Onlineshops erh\u00e4ltlich!<\/strong><\/span><\/p>\n","protected":false},"excerpt":{"rendered":"<p>2021 beendet die Band FRANZ K. mit der neuen Single &#8222;Besser als Klasse&#8220;. Es ist ein optimistischer Song der Gruppe aus dem Ruhrgebiet, mit dem sie das Jahr ausklingen l\u00e4\u00dft. Denn ein Ende der tr\u00fcben Tage kommt langsam in Sicht&#8230;. f\u00fcrs \u00f6ffentliche als auch f\u00fcrs private Leben. Der Stillstand wird aufh\u00f6ren, und Musik auch wieder live m\u00f6glich sein und nicht nur im Tonstudio. Komponiert wurde &#8222;Besser als Klasse&#8220; von dem S\u00e4nger der Band Michael Momo Grimm und dem Arrangeur Dirk Gottschalk. Der Text stammt vom Schlagzeuger Stefan Josefus, der auch f\u00fcr die Produktion verantwortlich ist. &nbsp; Dieser Song ist ab dem 03.12.2021 in allen bekannten&#8230;<\/p>\n","protected":false},"author":1,"featured_media":7984,"comment_status":"open","ping_status":"open","sticky":false,"template":"","format":"standard","meta":{"footnotes":""},"categories":[2],"tags":[816],"class_list":["post-7983","post","type-post","status-publish","format-standard","has-post-thumbnail","hentry","category-schlager","tag-franz-k","wpcat-2-id"],"_links":{"self":[{"href":"https:\/\/bergers-schlagerparadies.de\/index.php?rest_route=\/wp\/v2\/posts\/7983","targetHints":{"allow":["GET"]}}],"collection":[{"href":"https:\/\/bergers-schlagerparadies.de\/index.php?rest_route=\/wp\/v2\/posts"}],"about":[{"href":"https:\/\/bergers-schlagerparadies.de\/index.php?rest_route=\/wp\/v2\/types\/post"}],"author":[{"embeddable":true,"href":"https:\/\/bergers-schlagerparadies.de\/index.php?rest_route=\/wp\/v2\/users\/1"}],"replies":[{"embeddable":true,"href":"https:\/\/bergers-schlagerparadies.de\/index.php?rest_route=%2Fwp%2Fv2%2Fcomments&post=7983"}],"version-history":[{"count":1,"href":"https:\/\/bergers-schlagerparadies.de\/index.php?rest_route=\/wp\/v2\/posts\/7983\/revisions"}],"predecessor-version":[{"id":7985,"href":"https:\/\/bergers-schlagerparadies.de\/index.php?rest_route=\/wp\/v2\/posts\/7983\/revisions\/7985"}],"wp:featuredmedia":[{"embeddable":true,"href":"https:\/\/bergers-schlagerparadies.de\/index.php?rest_route=\/wp\/v2\/media\/7984"}],"wp:attachment":[{"href":"https:\/\/bergers-schlagerparadies.de\/index.php?rest_route=%2Fwp%2Fv2%2Fmedia&parent=7983"}],"wp:term":[{"taxonomy":"category","embeddable":true,"href":"https:\/\/bergers-schlagerparadies.de\/index.php?rest_route=%2Fwp%2Fv2%2Fcategories&post=7983"},{"taxonomy":"post_tag","embeddable":true,"href":"https:\/\/bergers-schlagerparadies.de\/index.php?rest_route=%2Fwp%2Fv2%2Ftags&post=7983"}],"curies":[{"name":"wp","href":"https:\/\/api.w.org\/{rel}","templated":true}]}}