{"id":7922,"date":"2021-11-25T17:28:08","date_gmt":"2021-11-25T16:28:08","guid":{"rendered":"http:\/\/bergers-schlagerparadies.de\/?p=7922"},"modified":"2021-11-25T17:28:08","modified_gmt":"2021-11-25T16:28:08","slug":"amigos-diese-welt-%c2%b7-bergers-schlagerparadies","status":"publish","type":"post","link":"https:\/\/bergers-schlagerparadies.de\/?p=7922","title":{"rendered":"AMIGOS &#8211; Diese Welt \u00b7 Berger\u00b4s Schlagerparadies"},"content":{"rendered":"<div class=\"\" dir=\"auto\">\n<div id=\"jsc_c_3oj\" class=\"ecm0bbzt hv4rvrfc ihqw7lf3 dati1w0a\" data-ad-comet-preview=\"message\" data-ad-preview=\"message\">\n<div class=\"j83agx80 cbu4d94t ew0dbk1b irj2b8pg\">\n<div class=\"qzhwtbm6 knvmm38d\">\n<div class=\"kvgmc6g5 cxmmr5t8 oygrvhab hcukyx3x c1et5uql ii04i59q\">\n<div dir=\"auto\"><img loading=\"lazy\" decoding=\"async\" class=\"size-medium wp-image-7923 alignleft\" src=\"https:\/\/bergers-schlagerparadies.de\/wp-content\/uploads\/2021\/11\/AMIGOS-Diese-Welt-300x297.jpg\" alt=\"\" width=\"300\" height=\"297\" srcset=\"https:\/\/bergers-schlagerparadies.de\/wp-content\/uploads\/2021\/11\/AMIGOS-Diese-Welt-300x297.jpg 300w, https:\/\/bergers-schlagerparadies.de\/wp-content\/uploads\/2021\/11\/AMIGOS-Diese-Welt-150x150.jpg 150w, https:\/\/bergers-schlagerparadies.de\/wp-content\/uploads\/2021\/11\/AMIGOS-Diese-Welt-768x761.jpg 768w, https:\/\/bergers-schlagerparadies.de\/wp-content\/uploads\/2021\/11\/AMIGOS-Diese-Welt-100x100.jpg 100w, https:\/\/bergers-schlagerparadies.de\/wp-content\/uploads\/2021\/11\/AMIGOS-Diese-Welt.jpg 1024w\" sizes=\"auto, (max-width: 300px) 100vw, 300px\" \/>AMIGOS \u201eDiese Welt\u201c ( V\u00d6 26.11.21) aus dem am 03.12.21 erscheinenden Album \u201eDie gr\u00f6\u00dften Hits von damals\u201c<\/div>\n<\/div>\n<div class=\"o9v6fnle cxmmr5t8 oygrvhab hcukyx3x c1et5uql ii04i59q\">\n<div dir=\"auto\">\u201e30 Jahre ist das her, dass wir dieses Lied geschrieben haben. Wir haben damals fest geglaubt, dass es hilft, wenn man so eine Botschaft sendet. Sie ist leider verhallt \u2026\u201c<\/div>\n<\/div>\n<div class=\"o9v6fnle cxmmr5t8 oygrvhab hcukyx3x c1et5uql ii04i59q\">\n<div dir=\"auto\">Der Titel \u201eDiese Welt\u201c ist so vision\u00e4r und gleichbleibend aktuell, als w\u00e4re er gestern geschrieben worden. Die Amigos hatten die Warnung damals schon erkannt. Und sich Gedanken gemacht, \u201edass wir f\u00fcr unsere Kinder und alle Generationen, die noch folgen werden, eine Welt hinterlassen, die lebenswert ist.\u201c Die Neuaufnahme von \u201eDiese Welt\u201c spiegelt den Zeitgeist und ist die erste in einer Reihe handverlesener Songs, denen Karl-Heinz und Bernd Ulrich mit dem \u00fcbergeordneten Album-Titel \u201eUnsere gr\u00f6\u00dften Hits von damals\u201c die gleiche Aufmerksamkeit schenken, mit denen sie auch ihre aktuellen Liedtexte bedenken \u2013 \u201e, weil die Themen von damals, noch l\u00e4ngst nicht aus der Welt geschafft wurden.\u201c<\/div>\n<\/div>\n<div class=\"o9v6fnle cxmmr5t8 oygrvhab hcukyx3x c1et5uql ii04i59q\">\n<div dir=\"auto\">Heute hat die Stimme der Schlagerstars mehr Gewicht denn je. Mit ihrer unersch\u00fctterlichen Haltung mahnen sie an, was die Br\u00fcder bereits lange vor ihrem Durchbruch bewegte und ihre Lebenseinstellung bis heute pr\u00e4gt. Die V\u00e4ter sind heute Gro\u00dfv\u00e4ter. \u201eDiese Welt f\u00fcr die Kinder zu h\u00fcten, weil sie nicht f\u00fcr uns allein geschaffen wurde, liegt in der Verantwortung jedes einzelnen \u2013 man darf nicht warten, dass andere schon handeln werden \u2013 sonst ist es irgendwann zu sp\u00e4t. Das hat jeder selbst in der Hand.\u201c<\/div>\n<\/div>\n<div class=\"o9v6fnle cxmmr5t8 oygrvhab hcukyx3x c1et5uql ii04i59q\">\n<div dir=\"auto\">Schn\u00f6rkellose Worte, die Klartext sprechen und heute, eine Generation sp\u00e4ter, nur noch schwerer wiegen. Weil man es doch damals schon h\u00e4tte besser wissen und besser machen m\u00fcssen \u2026 Die typischen Amigos-Stimmen liegen \u00fcber einer Western-Gitarre mit moderatem Heavy Touch \u2013 ohne Effekthascherei. Das Lied ist als Appell wuchtig genug, hat es auch so in sich. Dass die Amigos seit \u00fcber 50 Jahren nicht von ihrem Weg abgekommen sind, daf\u00fcr steht auch dieses Lied im Good-Old-Style. Die Amigos.<\/div>\n<div dir=\"auto\"><\/div>\n<\/div>\n<div dir=\"auto\"><strong>Dieser Song ist ab dem 26.11.2021 in allen bekannten Onlineshops erh\u00e4ltlich!<\/strong><\/div>\n<p><iframe style=\"width: 120px; height: 240px;\" src=\"\/\/ws-eu.amazon-adsystem.com\/widgets\/q?ServiceVersion=20070822&amp;OneJS=1&amp;Operation=GetAdHtml&amp;MarketPlace=DE&amp;source=ss&amp;ref=as_ss_li_til&amp;ad_type=product_link&amp;tracking_id=bergers-21&amp;language=de_DE&amp;marketplace=amazon&amp;region=DE&amp;placement=B09M39FRRQ&amp;asins=B09M39FRRQ&amp;linkId=5964949139a974a36f2b8af9375e3e65&amp;show_border=true&amp;link_opens_in_new_window=true\" frameborder=\"0\" marginwidth=\"0\" marginheight=\"0\" scrolling=\"no\"><\/iframe><\/p>\n<\/div>\n<\/div>\n<\/div>\n<\/div>\n","protected":false},"excerpt":{"rendered":"<p>AMIGOS \u201eDiese Welt\u201c ( V\u00d6 26.11.21) aus dem am 03.12.21 erscheinenden Album \u201eDie gr\u00f6\u00dften Hits von damals\u201c \u201e30 Jahre ist das her, dass wir dieses Lied geschrieben haben. Wir haben damals fest geglaubt, dass es hilft, wenn man so eine Botschaft sendet. Sie ist leider verhallt \u2026\u201c Der Titel \u201eDiese Welt\u201c ist so vision\u00e4r und gleichbleibend aktuell, als w\u00e4re er gestern geschrieben worden. Die Amigos hatten die Warnung damals schon erkannt. Und sich Gedanken gemacht, \u201edass wir f\u00fcr unsere Kinder und alle Generationen, die noch folgen werden, eine Welt hinterlassen, die lebenswert ist.\u201c Die Neuaufnahme von \u201eDiese Welt\u201c spiegelt den Zeitgeist und ist die erste&#8230;<\/p>\n","protected":false},"author":1,"featured_media":7923,"comment_status":"open","ping_status":"open","sticky":false,"template":"","format":"standard","meta":{"footnotes":""},"categories":[2],"tags":[52],"class_list":["post-7922","post","type-post","status-publish","format-standard","has-post-thumbnail","hentry","category-schlager","tag-amigos","wpcat-2-id"],"_links":{"self":[{"href":"https:\/\/bergers-schlagerparadies.de\/index.php?rest_route=\/wp\/v2\/posts\/7922","targetHints":{"allow":["GET"]}}],"collection":[{"href":"https:\/\/bergers-schlagerparadies.de\/index.php?rest_route=\/wp\/v2\/posts"}],"about":[{"href":"https:\/\/bergers-schlagerparadies.de\/index.php?rest_route=\/wp\/v2\/types\/post"}],"author":[{"embeddable":true,"href":"https:\/\/bergers-schlagerparadies.de\/index.php?rest_route=\/wp\/v2\/users\/1"}],"replies":[{"embeddable":true,"href":"https:\/\/bergers-schlagerparadies.de\/index.php?rest_route=%2Fwp%2Fv2%2Fcomments&post=7922"}],"version-history":[{"count":1,"href":"https:\/\/bergers-schlagerparadies.de\/index.php?rest_route=\/wp\/v2\/posts\/7922\/revisions"}],"predecessor-version":[{"id":7924,"href":"https:\/\/bergers-schlagerparadies.de\/index.php?rest_route=\/wp\/v2\/posts\/7922\/revisions\/7924"}],"wp:featuredmedia":[{"embeddable":true,"href":"https:\/\/bergers-schlagerparadies.de\/index.php?rest_route=\/wp\/v2\/media\/7923"}],"wp:attachment":[{"href":"https:\/\/bergers-schlagerparadies.de\/index.php?rest_route=%2Fwp%2Fv2%2Fmedia&parent=7922"}],"wp:term":[{"taxonomy":"category","embeddable":true,"href":"https:\/\/bergers-schlagerparadies.de\/index.php?rest_route=%2Fwp%2Fv2%2Fcategories&post=7922"},{"taxonomy":"post_tag","embeddable":true,"href":"https:\/\/bergers-schlagerparadies.de\/index.php?rest_route=%2Fwp%2Fv2%2Ftags&post=7922"}],"curies":[{"name":"wp","href":"https:\/\/api.w.org\/{rel}","templated":true}]}}