{"id":7691,"date":"2021-11-13T11:52:49","date_gmt":"2021-11-13T10:52:49","guid":{"rendered":"http:\/\/bergers-schlagerparadies.de\/?p=7691"},"modified":"2021-11-13T11:52:49","modified_gmt":"2021-11-13T10:52:49","slug":"stefan-zauner-helden-%c2%b7-bergers-schlagerparadies","status":"publish","type":"post","link":"https:\/\/bergers-schlagerparadies.de\/?p=7691","title":{"rendered":"Stefan Zauner &#8211; Helden \u00b7 Berger\u00b4s Schlagerparadies"},"content":{"rendered":"<p><img loading=\"lazy\" decoding=\"async\" class=\"size-medium wp-image-7692 alignleft\" src=\"https:\/\/bergers-schlagerparadies.de\/wp-content\/uploads\/2021\/11\/Stefan-Zauner-Helden-300x300.jpg\" alt=\"\" width=\"300\" height=\"300\" srcset=\"https:\/\/bergers-schlagerparadies.de\/wp-content\/uploads\/2021\/11\/Stefan-Zauner-Helden-300x300.jpg 300w, https:\/\/bergers-schlagerparadies.de\/wp-content\/uploads\/2021\/11\/Stefan-Zauner-Helden-1024x1024.jpg 1024w, https:\/\/bergers-schlagerparadies.de\/wp-content\/uploads\/2021\/11\/Stefan-Zauner-Helden-150x150.jpg 150w, https:\/\/bergers-schlagerparadies.de\/wp-content\/uploads\/2021\/11\/Stefan-Zauner-Helden-768x768.jpg 768w, https:\/\/bergers-schlagerparadies.de\/wp-content\/uploads\/2021\/11\/Stefan-Zauner-Helden.jpg 1200w, https:\/\/bergers-schlagerparadies.de\/wp-content\/uploads\/2021\/11\/Stefan-Zauner-Helden-1188x1188.jpg 1188w, https:\/\/bergers-schlagerparadies.de\/wp-content\/uploads\/2021\/11\/Stefan-Zauner-Helden-100x100.jpg 100w\" sizes=\"auto, (max-width: 300px) 100vw, 300px\" \/>Ein Jahr mit vielen Herausforderungen neigt sich dem Ende zu. Nach furchtbaren \u00dcberflutungen, dem G20 Gipfel, der Klimakonferenz in Glasgow und den aktuellen Corona-Entwicklungen haben wir das Gef\u00fchl, dass jeder von uns als &#8222;Held&#8220; gefragt ist. Ex-M\u00fcnchener Freiheit S\u00e4nger STEFAN ZAUNER hat diesem Lebensgef\u00fchl musikalisch Ausdruck verliehen und pr\u00e4sentiert uns ein Lied, das den Nerv der Zeit trifft. Ausgekoppelt aus seinem Album &#8222;Die Freiheit nehm ich mir&#8220; bekommt sein eing\u00e4nger aber auch eindringlicher Titel &#8222;Helden&#8220; eine ganz aktuelle Bedeutung!<\/p>\n<p>&nbsp;<\/p>\n<p>&nbsp;<\/p>\n<p><strong>Dieser Song ist ab dem 12.11.2021 in allen bekannten Onlineshops erh\u00e4ltlich!<\/strong><\/p>\n","protected":false},"excerpt":{"rendered":"<p>Ein Jahr mit vielen Herausforderungen neigt sich dem Ende zu. Nach furchtbaren \u00dcberflutungen, dem G20 Gipfel, der Klimakonferenz in Glasgow und den aktuellen Corona-Entwicklungen haben wir das Gef\u00fchl, dass jeder von uns als &#8222;Held&#8220; gefragt ist. Ex-M\u00fcnchener Freiheit S\u00e4nger STEFAN ZAUNER hat diesem Lebensgef\u00fchl musikalisch Ausdruck verliehen und pr\u00e4sentiert uns ein Lied, das den Nerv der Zeit trifft. Ausgekoppelt aus seinem Album &#8222;Die Freiheit nehm ich mir&#8220; bekommt sein eing\u00e4nger aber auch eindringlicher Titel &#8222;Helden&#8220; eine ganz aktuelle Bedeutung! &nbsp; &nbsp; Dieser Song ist ab dem 12.11.2021 in allen bekannten Onlineshops erh\u00e4ltlich!<\/p>\n","protected":false},"author":1,"featured_media":7692,"comment_status":"open","ping_status":"open","sticky":false,"template":"","format":"standard","meta":{"footnotes":""},"categories":[2],"tags":[994],"class_list":["post-7691","post","type-post","status-publish","format-standard","has-post-thumbnail","hentry","category-schlager","tag-stefan-zauner","wpcat-2-id"],"_links":{"self":[{"href":"https:\/\/bergers-schlagerparadies.de\/index.php?rest_route=\/wp\/v2\/posts\/7691","targetHints":{"allow":["GET"]}}],"collection":[{"href":"https:\/\/bergers-schlagerparadies.de\/index.php?rest_route=\/wp\/v2\/posts"}],"about":[{"href":"https:\/\/bergers-schlagerparadies.de\/index.php?rest_route=\/wp\/v2\/types\/post"}],"author":[{"embeddable":true,"href":"https:\/\/bergers-schlagerparadies.de\/index.php?rest_route=\/wp\/v2\/users\/1"}],"replies":[{"embeddable":true,"href":"https:\/\/bergers-schlagerparadies.de\/index.php?rest_route=%2Fwp%2Fv2%2Fcomments&post=7691"}],"version-history":[{"count":1,"href":"https:\/\/bergers-schlagerparadies.de\/index.php?rest_route=\/wp\/v2\/posts\/7691\/revisions"}],"predecessor-version":[{"id":7693,"href":"https:\/\/bergers-schlagerparadies.de\/index.php?rest_route=\/wp\/v2\/posts\/7691\/revisions\/7693"}],"wp:featuredmedia":[{"embeddable":true,"href":"https:\/\/bergers-schlagerparadies.de\/index.php?rest_route=\/wp\/v2\/media\/7692"}],"wp:attachment":[{"href":"https:\/\/bergers-schlagerparadies.de\/index.php?rest_route=%2Fwp%2Fv2%2Fmedia&parent=7691"}],"wp:term":[{"taxonomy":"category","embeddable":true,"href":"https:\/\/bergers-schlagerparadies.de\/index.php?rest_route=%2Fwp%2Fv2%2Fcategories&post=7691"},{"taxonomy":"post_tag","embeddable":true,"href":"https:\/\/bergers-schlagerparadies.de\/index.php?rest_route=%2Fwp%2Fv2%2Ftags&post=7691"}],"curies":[{"name":"wp","href":"https:\/\/api.w.org\/{rel}","templated":true}]}}