{"id":7688,"date":"2021-11-13T11:46:33","date_gmt":"2021-11-13T10:46:33","guid":{"rendered":"http:\/\/bergers-schlagerparadies.de\/?p=7688"},"modified":"2021-11-13T11:46:33","modified_gmt":"2021-11-13T10:46:33","slug":"simon-broch-wenns-draussen-kalt-wird-%c2%b7-bergers-schlagerparadies","status":"publish","type":"post","link":"https:\/\/bergers-schlagerparadies.de\/?p=7688","title":{"rendered":"SIMON BROCH &#8211; Wenns drau\u00dfen kalt wird \u00b7 Berger\u00b4s Schlagerparadies"},"content":{"rendered":"<p><img loading=\"lazy\" decoding=\"async\" class=\"size-medium wp-image-7689 alignleft\" src=\"https:\/\/bergers-schlagerparadies.de\/wp-content\/uploads\/2021\/11\/SIMON-BROCH-Wenns-draussen-kalt-wird-300x300.jpg\" alt=\"\" width=\"300\" height=\"300\" srcset=\"https:\/\/bergers-schlagerparadies.de\/wp-content\/uploads\/2021\/11\/SIMON-BROCH-Wenns-draussen-kalt-wird-300x300.jpg 300w, https:\/\/bergers-schlagerparadies.de\/wp-content\/uploads\/2021\/11\/SIMON-BROCH-Wenns-draussen-kalt-wird-1024x1024.jpg 1024w, https:\/\/bergers-schlagerparadies.de\/wp-content\/uploads\/2021\/11\/SIMON-BROCH-Wenns-draussen-kalt-wird-150x150.jpg 150w, https:\/\/bergers-schlagerparadies.de\/wp-content\/uploads\/2021\/11\/SIMON-BROCH-Wenns-draussen-kalt-wird-768x768.jpg 768w, https:\/\/bergers-schlagerparadies.de\/wp-content\/uploads\/2021\/11\/SIMON-BROCH-Wenns-draussen-kalt-wird.jpg 1200w, https:\/\/bergers-schlagerparadies.de\/wp-content\/uploads\/2021\/11\/SIMON-BROCH-Wenns-draussen-kalt-wird-1188x1188.jpg 1188w, https:\/\/bergers-schlagerparadies.de\/wp-content\/uploads\/2021\/11\/SIMON-BROCH-Wenns-draussen-kalt-wird-100x100.jpg 100w\" sizes=\"auto, (max-width: 300px) 100vw, 300px\" \/>Der Sommerhitparadenk\u00f6nig 2021 von &#8222;Immer wieder sonntags&#8220; hat auch den richtigen Titel f\u00fcr die k\u00fchlere Jahreszeit parat. Mit &#8222;Wenns drau\u00dfen kalt wird&#8220; zeigt uns Simon Broch die sch\u00f6nen Seiten des Winters, den er f\u00fcr uns musikalisch umrahmen m\u00f6chte. Der sympathische Schweizer sang sich im letzten Sommer in die Herzen der ARD-Zuschauer. Am 19.09.2021 gewann er das Finale der Sommerhitparade und am 20.09. wurde sein Album &#8222;Rosenkavalier&#8220; als Neuauflage mit 4 neuen Schlagern ver\u00f6ffentlicht.<\/p>\n<p>Simon Broch wuchs in einer 7-k\u00f6pfingen Familie im Kanton Luzern auf und steht schon seit vielen Jahren auf der B\u00fchne. Er machte stets kleine, aber sichere Schritte nach vorne und freute sich \u00fcber jeden neuen Erfolg. Das Jahr 2021 wurde sein bislang erfolgreichstes Jahr!<\/p>\n<p><strong>Dieser Song ist ab dem 12.11.2021 in allen bekannten Onlineshops erh\u00e4ltlich!<\/strong><\/p>\n<p><iframe style=\"width: 120px; height: 240px;\" src=\"\/\/ws-eu.amazon-adsystem.com\/widgets\/q?ServiceVersion=20070822&amp;OneJS=1&amp;Operation=GetAdHtml&amp;MarketPlace=DE&amp;source=ss&amp;ref=as_ss_li_til&amp;ad_type=product_link&amp;tracking_id=bergers-21&amp;language=de_DE&amp;marketplace=amazon&amp;region=DE&amp;placement=B09KMJJNPC&amp;asins=B09KMJJNPC&amp;linkId=f380d3e57007cdf2abe80c4ffc0845b5&amp;show_border=true&amp;link_opens_in_new_window=true\" frameborder=\"0\" marginwidth=\"0\" marginheight=\"0\" scrolling=\"no\"><\/iframe><\/p>\n","protected":false},"excerpt":{"rendered":"<p>Der Sommerhitparadenk\u00f6nig 2021 von &#8222;Immer wieder sonntags&#8220; hat auch den richtigen Titel f\u00fcr die k\u00fchlere Jahreszeit parat. Mit &#8222;Wenns drau\u00dfen kalt wird&#8220; zeigt uns Simon Broch die sch\u00f6nen Seiten des Winters, den er f\u00fcr uns musikalisch umrahmen m\u00f6chte. Der sympathische Schweizer sang sich im letzten Sommer in die Herzen der ARD-Zuschauer. Am 19.09.2021 gewann er das Finale der Sommerhitparade und am 20.09. wurde sein Album &#8222;Rosenkavalier&#8220; als Neuauflage mit 4 neuen Schlagern ver\u00f6ffentlicht. Simon Broch wuchs in einer 7-k\u00f6pfingen Familie im Kanton Luzern auf und steht schon seit vielen Jahren auf der B\u00fchne. Er machte stets kleine, aber sichere Schritte nach vorne und freute sich&#8230;<\/p>\n","protected":false},"author":1,"featured_media":7689,"comment_status":"open","ping_status":"open","sticky":false,"template":"","format":"standard","meta":{"footnotes":""},"categories":[2],"tags":[791],"class_list":["post-7688","post","type-post","status-publish","format-standard","has-post-thumbnail","hentry","category-schlager","tag-simon-broch","wpcat-2-id"],"_links":{"self":[{"href":"https:\/\/bergers-schlagerparadies.de\/index.php?rest_route=\/wp\/v2\/posts\/7688","targetHints":{"allow":["GET"]}}],"collection":[{"href":"https:\/\/bergers-schlagerparadies.de\/index.php?rest_route=\/wp\/v2\/posts"}],"about":[{"href":"https:\/\/bergers-schlagerparadies.de\/index.php?rest_route=\/wp\/v2\/types\/post"}],"author":[{"embeddable":true,"href":"https:\/\/bergers-schlagerparadies.de\/index.php?rest_route=\/wp\/v2\/users\/1"}],"replies":[{"embeddable":true,"href":"https:\/\/bergers-schlagerparadies.de\/index.php?rest_route=%2Fwp%2Fv2%2Fcomments&post=7688"}],"version-history":[{"count":1,"href":"https:\/\/bergers-schlagerparadies.de\/index.php?rest_route=\/wp\/v2\/posts\/7688\/revisions"}],"predecessor-version":[{"id":7690,"href":"https:\/\/bergers-schlagerparadies.de\/index.php?rest_route=\/wp\/v2\/posts\/7688\/revisions\/7690"}],"wp:featuredmedia":[{"embeddable":true,"href":"https:\/\/bergers-schlagerparadies.de\/index.php?rest_route=\/wp\/v2\/media\/7689"}],"wp:attachment":[{"href":"https:\/\/bergers-schlagerparadies.de\/index.php?rest_route=%2Fwp%2Fv2%2Fmedia&parent=7688"}],"wp:term":[{"taxonomy":"category","embeddable":true,"href":"https:\/\/bergers-schlagerparadies.de\/index.php?rest_route=%2Fwp%2Fv2%2Fcategories&post=7688"},{"taxonomy":"post_tag","embeddable":true,"href":"https:\/\/bergers-schlagerparadies.de\/index.php?rest_route=%2Fwp%2Fv2%2Ftags&post=7688"}],"curies":[{"name":"wp","href":"https:\/\/api.w.org\/{rel}","templated":true}]}}