{"id":7406,"date":"2021-11-05T18:26:55","date_gmt":"2021-11-05T17:26:55","guid":{"rendered":"http:\/\/bergers-schlagerparadies.de\/?p=7406"},"modified":"2021-11-05T18:26:55","modified_gmt":"2021-11-05T17:26:55","slug":"julian-reim-daemonen-%c2%b7-bergers-schlagerparadies","status":"publish","type":"post","link":"https:\/\/bergers-schlagerparadies.de\/?p=7406","title":{"rendered":"Julian Reim &#8211; D\u00e4monen \u00b7 Berger\u00b4s Schlagerparadies"},"content":{"rendered":"<p><img loading=\"lazy\" decoding=\"async\" class=\"size-medium wp-image-7407 alignleft\" src=\"https:\/\/bergers-schlagerparadies.de\/wp-content\/uploads\/2021\/11\/Julian-Reim-Daemonen-300x300.jpg\" alt=\"\" width=\"300\" height=\"300\" srcset=\"https:\/\/bergers-schlagerparadies.de\/wp-content\/uploads\/2021\/11\/Julian-Reim-Daemonen-300x300.jpg 300w, https:\/\/bergers-schlagerparadies.de\/wp-content\/uploads\/2021\/11\/Julian-Reim-Daemonen-1024x1024.jpg 1024w, https:\/\/bergers-schlagerparadies.de\/wp-content\/uploads\/2021\/11\/Julian-Reim-Daemonen-150x150.jpg 150w, https:\/\/bergers-schlagerparadies.de\/wp-content\/uploads\/2021\/11\/Julian-Reim-Daemonen-768x768.jpg 768w, https:\/\/bergers-schlagerparadies.de\/wp-content\/uploads\/2021\/11\/Julian-Reim-Daemonen-1200x1200.jpg 1200w, https:\/\/bergers-schlagerparadies.de\/wp-content\/uploads\/2021\/11\/Julian-Reim-Daemonen-1188x1188.jpg 1188w, https:\/\/bergers-schlagerparadies.de\/wp-content\/uploads\/2021\/11\/Julian-Reim-Daemonen-100x100.jpg 100w, https:\/\/bergers-schlagerparadies.de\/wp-content\/uploads\/2021\/11\/Julian-Reim-Daemonen.jpg 1500w\" sizes=\"auto, (max-width: 300px) 100vw, 300px\" \/>Oftmals sind gerade die D\u00e4monen, die man nicht wirklich sieht, sondern nur tief in sich f\u00fchlt, die schlimmsten. All die personifizierten Selbstzweifel und \u00c4ngste, die die Seele mit immer wiederkehrenden Gedankenschleifen qu\u00e4len und jeden Funken Lebensfreude wie einen dunklen Schleier unter sich ersticken. Auf seiner neuen Single stellt sich Julian Reim genau diesen negativen Emotionen und legt nun mit dem hoffnungsvoll-aufbauenden Song \u201eD\u00e4monen\u201c den n\u00e4chsten Vorboten aus seinem ungeduldig erwarteten Deb\u00fctalbum \u201eIn meinem Kopf\u201c vor.<\/p>\n<p>Die Musik ist sein ganz pers\u00f6nliches Medium, mit der Welt zu kommunizieren und seinen innersten Gef\u00fchlen Ausdruck zu verleihen. Julian Reim scheut sich nicht, sich in seinen Texten auch angreifbar zu machen, sondern trifft mit seiner unverstellten, direkten Art genau den Nerv seiner Fans. Eine Tatsache, die der 25-j\u00e4hrige Musiker in den vergangenen Monaten bereits mit seinen millionenfach gestreamten Single-Hits wie \u201eEuphorie\u201c, \u201eGravitation\u201c oder \u201eF\u00fchlen Wir Uns Gut An\u201c unterstrichen hat und f\u00fcr die er gerade frisch mit dem renommierten \u201eSWR4 Durchstarter des Jahres\u201c-Award in der Kategorie \u201eNewcomer des Jahres\u201c ausgezeichnet wurde. Mit \u201eD\u00e4monen\u201c legt Julian Reim nun eine ebenso nachdenkliche wie auch mutige Ballade vor, die wohl nicht besser in diese Zeit passen k\u00f6nnte.<\/p>\n<p>Mit seinem neuen Outtake kn\u00fcpft Julian Reim inhaltlich an seine 2019 releaste Deb\u00fctsingle \u201eGrau\u201c an, mit der er in Rekordzeit \u00fcber 6 Mio Audio- und Videostreams generieren konnte. Auf einf\u00fchlsame Art erz\u00e4hlt der S\u00e4nger und Produzent vom Kampf mit seinen ganz pers\u00f6nlichen \u201eD\u00e4monen\u201c: Von seinem Umgang mit Schw\u00e4chen und Einsamkeit, mit Trauer und dem irgendwie kaum greifbaren Gef\u00fchl, gefangen im eigenen Kopf zu sein. Und davon, sich diesen negativen Emotionen unerschrocken zu stellen \u2013 indem man sie gegen\u00fcber anderen Menschen thematisiert und ihnen so ihre Macht nimmt.<\/p>\n<p>\u201eSie ern\u00e4hren sich von Einsamkeit und vom Schweigen. Daraus beziehen sie ihre ganze Kraft\u201c, so Julian Reim \u00fcber \u201eD\u00e4monen\u201c. \u201eMan kann sie nur bezwingen, indem man ganz offen \u00fcber sie mit dem\/der Partner:in, Freunden oder der Familie spricht und sich Hilfe sucht. In diesem Song versuche ich zu erkl\u00e4ren, welcher D\u00e4mon in mir lebt oder lebte. Wie es f\u00fcr mich ist, mit psychischen Problemen umzugehen und trotzdem lieben zu k\u00f6nnen. D\u00e4monen sind h\u00e4sslich und sie tun einem nicht gut. Man muss versuchen, sie zu erkennen, zu benennen und offen \u00fcber sie zu sprechen. Dieser Song bedeutet f\u00fcr mich den ersten Schritt in die richtige Richtung.\u201c Ein Song, mit dem Julian Reim auch seinem Publikum Mut machen m\u00f6chte, in die Schlacht gegen die ganz pers\u00f6nlichen \u201eD\u00e4monen\u201c zu ziehen.<\/p>\n<p><strong>Dieser Song ist ab dem 05.11.2021 in allen bekannten Onlineshops erh\u00e4ltlich!<\/strong><\/p>\n<p><iframe style=\"width: 120px; height: 240px;\" src=\"\/\/ws-eu.amazon-adsystem.com\/widgets\/q?ServiceVersion=20070822&amp;OneJS=1&amp;Operation=GetAdHtml&amp;MarketPlace=DE&amp;source=ss&amp;ref=as_ss_li_til&amp;ad_type=product_link&amp;tracking_id=bergers-21&amp;language=de_DE&amp;marketplace=amazon&amp;region=DE&amp;placement=B09FKW1K2Q&amp;asins=B09FKW1K2Q&amp;linkId=460a71bc1ba1c9e217b4cfaeb878036e&amp;show_border=true&amp;link_opens_in_new_window=true\" frameborder=\"0\" marginwidth=\"0\" marginheight=\"0\" scrolling=\"no\"><\/iframe><\/p>\n","protected":false},"excerpt":{"rendered":"<p>Oftmals sind gerade die D\u00e4monen, die man nicht wirklich sieht, sondern nur tief in sich f\u00fchlt, die schlimmsten. All die personifizierten Selbstzweifel und \u00c4ngste, die die Seele mit immer wiederkehrenden Gedankenschleifen qu\u00e4len und jeden Funken Lebensfreude wie einen dunklen Schleier unter sich ersticken. Auf seiner neuen Single stellt sich Julian Reim genau diesen negativen Emotionen und legt nun mit dem hoffnungsvoll-aufbauenden Song \u201eD\u00e4monen\u201c den n\u00e4chsten Vorboten aus seinem ungeduldig erwarteten Deb\u00fctalbum \u201eIn meinem Kopf\u201c vor. Die Musik ist sein ganz pers\u00f6nliches Medium, mit der Welt zu kommunizieren und seinen innersten Gef\u00fchlen Ausdruck zu verleihen. Julian Reim scheut sich nicht, sich in seinen Texten auch angreifbar&#8230;<\/p>\n","protected":false},"author":1,"featured_media":7407,"comment_status":"open","ping_status":"open","sticky":false,"template":"","format":"standard","meta":{"footnotes":""},"categories":[2],"tags":[96],"class_list":["post-7406","post","type-post","status-publish","format-standard","has-post-thumbnail","hentry","category-schlager","tag-julian-reim","wpcat-2-id"],"_links":{"self":[{"href":"https:\/\/bergers-schlagerparadies.de\/index.php?rest_route=\/wp\/v2\/posts\/7406","targetHints":{"allow":["GET"]}}],"collection":[{"href":"https:\/\/bergers-schlagerparadies.de\/index.php?rest_route=\/wp\/v2\/posts"}],"about":[{"href":"https:\/\/bergers-schlagerparadies.de\/index.php?rest_route=\/wp\/v2\/types\/post"}],"author":[{"embeddable":true,"href":"https:\/\/bergers-schlagerparadies.de\/index.php?rest_route=\/wp\/v2\/users\/1"}],"replies":[{"embeddable":true,"href":"https:\/\/bergers-schlagerparadies.de\/index.php?rest_route=%2Fwp%2Fv2%2Fcomments&post=7406"}],"version-history":[{"count":1,"href":"https:\/\/bergers-schlagerparadies.de\/index.php?rest_route=\/wp\/v2\/posts\/7406\/revisions"}],"predecessor-version":[{"id":7409,"href":"https:\/\/bergers-schlagerparadies.de\/index.php?rest_route=\/wp\/v2\/posts\/7406\/revisions\/7409"}],"wp:featuredmedia":[{"embeddable":true,"href":"https:\/\/bergers-schlagerparadies.de\/index.php?rest_route=\/wp\/v2\/media\/7407"}],"wp:attachment":[{"href":"https:\/\/bergers-schlagerparadies.de\/index.php?rest_route=%2Fwp%2Fv2%2Fmedia&parent=7406"}],"wp:term":[{"taxonomy":"category","embeddable":true,"href":"https:\/\/bergers-schlagerparadies.de\/index.php?rest_route=%2Fwp%2Fv2%2Fcategories&post=7406"},{"taxonomy":"post_tag","embeddable":true,"href":"https:\/\/bergers-schlagerparadies.de\/index.php?rest_route=%2Fwp%2Fv2%2Ftags&post=7406"}],"curies":[{"name":"wp","href":"https:\/\/api.w.org\/{rel}","templated":true}]}}