{"id":7351,"date":"2021-11-05T12:57:46","date_gmt":"2021-11-05T11:57:46","guid":{"rendered":"http:\/\/bergers-schlagerparadies.de\/?p=7351"},"modified":"2021-11-05T12:57:46","modified_gmt":"2021-11-05T11:57:46","slug":"nomi-stern-feiert-das-leben-%c2%b7-bergers-schlagerparadies","status":"publish","type":"post","link":"https:\/\/bergers-schlagerparadies.de\/?p=7351","title":{"rendered":"NOMI STERN &#8211; Feiert das Leben \u00b7 Berger\u00b4s Schlagerparadies"},"content":{"rendered":"<p><img loading=\"lazy\" decoding=\"async\" class=\"size-medium wp-image-7352 alignleft\" src=\"https:\/\/bergers-schlagerparadies.de\/wp-content\/uploads\/2021\/11\/Nomi-Stern-Feiert-das-leben-300x300.jpg\" alt=\"\" width=\"300\" height=\"300\" srcset=\"https:\/\/bergers-schlagerparadies.de\/wp-content\/uploads\/2021\/11\/Nomi-Stern-Feiert-das-leben-300x300.jpg 300w, https:\/\/bergers-schlagerparadies.de\/wp-content\/uploads\/2021\/11\/Nomi-Stern-Feiert-das-leben-1024x1024.jpg 1024w, https:\/\/bergers-schlagerparadies.de\/wp-content\/uploads\/2021\/11\/Nomi-Stern-Feiert-das-leben-150x150.jpg 150w, https:\/\/bergers-schlagerparadies.de\/wp-content\/uploads\/2021\/11\/Nomi-Stern-Feiert-das-leben-768x768.jpg 768w, https:\/\/bergers-schlagerparadies.de\/wp-content\/uploads\/2021\/11\/Nomi-Stern-Feiert-das-leben-1536x1536.jpg 1536w, https:\/\/bergers-schlagerparadies.de\/wp-content\/uploads\/2021\/11\/Nomi-Stern-Feiert-das-leben-2048x2048.jpg 2048w, https:\/\/bergers-schlagerparadies.de\/wp-content\/uploads\/2021\/11\/Nomi-Stern-Feiert-das-leben-1200x1200.jpg 1200w, https:\/\/bergers-schlagerparadies.de\/wp-content\/uploads\/2021\/11\/Nomi-Stern-Feiert-das-leben-1188x1188.jpg 1188w, https:\/\/bergers-schlagerparadies.de\/wp-content\/uploads\/2021\/11\/Nomi-Stern-Feiert-das-leben-100x100.jpg 100w\" sizes=\"auto, (max-width: 300px) 100vw, 300px\" \/>Nomi Stern kommt mit ihrer eigenen 4 Single **Feiert das Leben** heraus, die l\u00e4chelnde 18-j\u00e4hrige Nomi liebt es, Menschen mit ihrem Gesang gl\u00fccklich zu machen, sie hat bereits gro\u00dfe Auftritte vor gro\u00dfem und kleinem Publikum erlebt. Nomi studiert flei\u00dfig und absolviert au\u00dferdem ein Praktikum in einer Kindertagesst\u00e4tte. Sie h\u00e4lt es f\u00fcr wichtig, ein Diplom zu erwerben.\u00a0 Sie singt gerne und zaubert vor allem ein L\u00e4cheln in die Gesichter von Jung und Alt.<\/p>\n<p>Ihr Repertoire umfasst nicht nur Deutsch, sondern auch Niederl\u00e4ndisch und Englisch. Mit diesem Lied Feiert Das Leben<\/p>\n<p>Sie m\u00f6chte den Menschen sagen, dass sie nach einem harten Arbeitstag, an dem es viel zu tun gibt, genie\u00dfen und Spa\u00df haben sollen, ein nettes Gespr\u00e4ch f\u00fchren, Eis essen, das Leben zu einer Party machen.<\/p>\n<p>Sie freut sich besonders \u00fcber alles, was ihr in kurzer Zeit widerfahren ist. Nomi hofft, Sie mit Feiert das Leben gl\u00fccklich zu machen.<\/p>\n<p>Ein volles Programm bedeutet, dass die meisten Vorstellungsgespr\u00e4che am Abend und vorzugsweise per Telefon stattfinden.<\/p>\n<hr \/>\n<p>Nomi Stern komt met haar 4 de eigen single **Feiert das Leben**,\u00a0 de goedlachse 18 jarige Nomi vind het prachtig om mensen blij te maken met haar zingen , ze heeft al mooie optredens mogen meemaken,\u00a0 voor groot en klein publiek. Nomi studeert hard en loopt ook nog stage bij een kinderdagverblijf. Ze vind het belangrijk om een diploma te behalen.\u00a0 Ze geniet van zingen en vooral jong en oud een lach op hun gezicht te bezorgen.<br \/>\nHaar repertoire is naast Duits ook Nederlands, Engelstalig. Met dit nummer Feiert Das Leben<br \/>\nWil ze mensen meegeven na een dag hard werken met dingen die moeten, vooral ook te genieten en plezier beleven, gezellig kletsen, ijsje eten, van het leven een feestje maken.<br \/>\nZe geniet vooral wat in korte tijd allemaal op haar pad is gekomen. Dit smaakt naar meer.Nomi hoopt jullie blij te maken met Feiert das Leben.<\/p>\n<p>Vol programma waardoor de meeste interviews s&#8217;avonds en het liefst telefonisch, in overleg via.<\/p>\n<p><strong>Dieser Song ist ab dem 05.11.2021 in allen bekannten Onlineshops erh\u00e4ltlich!<\/strong><\/p>\n<p><iframe style=\"width: 120px; height: 240px;\" src=\"\/\/ws-eu.amazon-adsystem.com\/widgets\/q?ServiceVersion=20070822&amp;OneJS=1&amp;Operation=GetAdHtml&amp;MarketPlace=DE&amp;source=ss&amp;ref=as_ss_li_til&amp;ad_type=product_link&amp;tracking_id=bergers-21&amp;language=de_DE&amp;marketplace=amazon&amp;region=DE&amp;placement=B09JXMYWJF&amp;asins=B09JXMYWJF&amp;linkId=a39e76187d1b521ac9bd7eff290678a7&amp;show_border=true&amp;link_opens_in_new_window=true\" frameborder=\"0\" marginwidth=\"0\" marginheight=\"0\" scrolling=\"no\"><\/iframe><\/p>\n","protected":false},"excerpt":{"rendered":"<p>Nomi Stern kommt mit ihrer eigenen 4 Single **Feiert das Leben** heraus, die l\u00e4chelnde 18-j\u00e4hrige Nomi liebt es, Menschen mit ihrem Gesang gl\u00fccklich zu machen, sie hat bereits gro\u00dfe Auftritte vor gro\u00dfem und kleinem Publikum erlebt. Nomi studiert flei\u00dfig und absolviert au\u00dferdem ein Praktikum in einer Kindertagesst\u00e4tte. Sie h\u00e4lt es f\u00fcr wichtig, ein Diplom zu erwerben.\u00a0 Sie singt gerne und zaubert vor allem ein L\u00e4cheln in die Gesichter von Jung und Alt. Ihr Repertoire umfasst nicht nur Deutsch, sondern auch Niederl\u00e4ndisch und Englisch. Mit diesem Lied Feiert Das Leben Sie m\u00f6chte den Menschen sagen, dass sie nach einem harten Arbeitstag, an dem es viel zu&#8230;<\/p>\n","protected":false},"author":1,"featured_media":7352,"comment_status":"open","ping_status":"open","sticky":false,"template":"","format":"standard","meta":{"footnotes":""},"categories":[2],"tags":[698],"class_list":["post-7351","post","type-post","status-publish","format-standard","has-post-thumbnail","hentry","category-schlager","tag-nomi-stern","wpcat-2-id"],"_links":{"self":[{"href":"https:\/\/bergers-schlagerparadies.de\/index.php?rest_route=\/wp\/v2\/posts\/7351","targetHints":{"allow":["GET"]}}],"collection":[{"href":"https:\/\/bergers-schlagerparadies.de\/index.php?rest_route=\/wp\/v2\/posts"}],"about":[{"href":"https:\/\/bergers-schlagerparadies.de\/index.php?rest_route=\/wp\/v2\/types\/post"}],"author":[{"embeddable":true,"href":"https:\/\/bergers-schlagerparadies.de\/index.php?rest_route=\/wp\/v2\/users\/1"}],"replies":[{"embeddable":true,"href":"https:\/\/bergers-schlagerparadies.de\/index.php?rest_route=%2Fwp%2Fv2%2Fcomments&post=7351"}],"version-history":[{"count":1,"href":"https:\/\/bergers-schlagerparadies.de\/index.php?rest_route=\/wp\/v2\/posts\/7351\/revisions"}],"predecessor-version":[{"id":7353,"href":"https:\/\/bergers-schlagerparadies.de\/index.php?rest_route=\/wp\/v2\/posts\/7351\/revisions\/7353"}],"wp:featuredmedia":[{"embeddable":true,"href":"https:\/\/bergers-schlagerparadies.de\/index.php?rest_route=\/wp\/v2\/media\/7352"}],"wp:attachment":[{"href":"https:\/\/bergers-schlagerparadies.de\/index.php?rest_route=%2Fwp%2Fv2%2Fmedia&parent=7351"}],"wp:term":[{"taxonomy":"category","embeddable":true,"href":"https:\/\/bergers-schlagerparadies.de\/index.php?rest_route=%2Fwp%2Fv2%2Fcategories&post=7351"},{"taxonomy":"post_tag","embeddable":true,"href":"https:\/\/bergers-schlagerparadies.de\/index.php?rest_route=%2Fwp%2Fv2%2Ftags&post=7351"}],"curies":[{"name":"wp","href":"https:\/\/api.w.org\/{rel}","templated":true}]}}