{"id":7270,"date":"2021-11-01T10:30:50","date_gmt":"2021-11-01T09:30:50","guid":{"rendered":"http:\/\/bergers-schlagerparadies.de\/?p=7270"},"modified":"2021-10-31T07:31:16","modified_gmt":"2021-10-31T06:31:16","slug":"jana-breman-perfekt-%c2%b7-bergers-schlagerparadies","status":"publish","type":"post","link":"https:\/\/bergers-schlagerparadies.de\/?p=7270","title":{"rendered":"Jana Breman &#8211; Perfekt \u00b7 Berger\u00b4s Schlagerparadies"},"content":{"rendered":"<p><img loading=\"lazy\" decoding=\"async\" class=\"size-medium wp-image-7271 alignleft\" src=\"https:\/\/bergers-schlagerparadies.de\/wp-content\/uploads\/2021\/10\/Jana-Breman-Perfekt-300x300.jpg\" alt=\"\" width=\"300\" height=\"300\" srcset=\"https:\/\/bergers-schlagerparadies.de\/wp-content\/uploads\/2021\/10\/Jana-Breman-Perfekt-300x300.jpg 300w, https:\/\/bergers-schlagerparadies.de\/wp-content\/uploads\/2021\/10\/Jana-Breman-Perfekt-150x150.jpg 150w, https:\/\/bergers-schlagerparadies.de\/wp-content\/uploads\/2021\/10\/Jana-Breman-Perfekt-768x768.jpg 768w, https:\/\/bergers-schlagerparadies.de\/wp-content\/uploads\/2021\/10\/Jana-Breman-Perfekt-100x100.jpg 100w, https:\/\/bergers-schlagerparadies.de\/wp-content\/uploads\/2021\/10\/Jana-Breman-Perfekt.jpg 800w\" sizes=\"auto, (max-width: 300px) 100vw, 300px\" \/>Die 20-j\u00e4hrige Jana Breman aus Wilsum hat seit fr\u00fchster Kindheit \u201eMusik im Blut\u201c und gilt als eines der gro\u00dfen Talente in ihrer Region.<br \/>\nBereits mit ihren ersten zwei Singles konnte sie die H\u00f6rer in der Grafschaft Bentheim und im Emsland \u00fcberzeugen. Auch \u00fcber die Grafschaft hinaus erreichte sie Menschen mit ihrer Musik. So \u00fcberrascht es nicht, dass sie bereits in jungen Jahren auf\u00a0 internationalen B\u00fchnen, wie in Japan oder Spanien stand.<\/p>\n<p>Mit ihrer neusten Single \u201ePerfekt\u201c meldet sie sich nun mit voller Power und einem Statement zur Selbstliebe zur\u00fcck.<br \/>\nIn Ihrem Song geht es vor allem darum sich selbst zu akzeptieren. Dabei betont sie, dass jeder \u201ePerfekt\u201c sei, wie er ist.<\/p>\n<p>Produziert wurde die Single von Nick Montes. Der ebenfalls mit den Gro\u00dfen, wie Wincent Weiss und Lea zusammenarbeitet.<br \/>\nDas Musikvideo wurde von Denny Fabian gedreht, welcher auch in der Schlagerwelt bekannt ist.<br \/>\nDer Text und die Melodie stammen aus der Feder der 20-j\u00e4hrigen K\u00fcnstlerin selbst.<\/p>\n<p><strong>Dieser Song ist ab dem 05.11.2021 in allen bekannten Onlineshops erh\u00e4ltlich!<\/strong><\/p>\n<p><iframe style=\"width: 120px; height: 240px;\" src=\"\/\/ws-eu.amazon-adsystem.com\/widgets\/q?ServiceVersion=20070822&amp;OneJS=1&amp;Operation=GetAdHtml&amp;MarketPlace=DE&amp;source=ss&amp;ref=as_ss_li_til&amp;ad_type=product_link&amp;tracking_id=bergers-21&amp;language=de_DE&amp;marketplace=amazon&amp;region=DE&amp;placement=B09JL331G6&amp;asins=B09JL331G6&amp;linkId=9b0bd7f098a4e23dda38485664729a2f&amp;show_border=true&amp;link_opens_in_new_window=true\" frameborder=\"0\" marginwidth=\"0\" marginheight=\"0\" scrolling=\"no\"><\/iframe><\/p>\n","protected":false},"excerpt":{"rendered":"<p>Die 20-j\u00e4hrige Jana Breman aus Wilsum hat seit fr\u00fchster Kindheit \u201eMusik im Blut\u201c und gilt als eines der gro\u00dfen Talente in ihrer Region. Bereits mit ihren ersten zwei Singles konnte sie die H\u00f6rer in der Grafschaft Bentheim und im Emsland \u00fcberzeugen. Auch \u00fcber die Grafschaft hinaus erreichte sie Menschen mit ihrer Musik. So \u00fcberrascht es nicht, dass sie bereits in jungen Jahren auf\u00a0 internationalen B\u00fchnen, wie in Japan oder Spanien stand. Mit ihrer neusten Single \u201ePerfekt\u201c meldet sie sich nun mit voller Power und einem Statement zur Selbstliebe zur\u00fcck. In Ihrem Song geht es vor allem darum sich selbst zu akzeptieren. Dabei betont sie, dass&#8230;<\/p>\n","protected":false},"author":1,"featured_media":7271,"comment_status":"open","ping_status":"open","sticky":false,"template":"","format":"standard","meta":{"footnotes":""},"categories":[2],"tags":[933],"class_list":["post-7270","post","type-post","status-publish","format-standard","has-post-thumbnail","hentry","category-schlager","tag-jana-breman","wpcat-2-id"],"_links":{"self":[{"href":"https:\/\/bergers-schlagerparadies.de\/index.php?rest_route=\/wp\/v2\/posts\/7270","targetHints":{"allow":["GET"]}}],"collection":[{"href":"https:\/\/bergers-schlagerparadies.de\/index.php?rest_route=\/wp\/v2\/posts"}],"about":[{"href":"https:\/\/bergers-schlagerparadies.de\/index.php?rest_route=\/wp\/v2\/types\/post"}],"author":[{"embeddable":true,"href":"https:\/\/bergers-schlagerparadies.de\/index.php?rest_route=\/wp\/v2\/users\/1"}],"replies":[{"embeddable":true,"href":"https:\/\/bergers-schlagerparadies.de\/index.php?rest_route=%2Fwp%2Fv2%2Fcomments&post=7270"}],"version-history":[{"count":1,"href":"https:\/\/bergers-schlagerparadies.de\/index.php?rest_route=\/wp\/v2\/posts\/7270\/revisions"}],"predecessor-version":[{"id":7272,"href":"https:\/\/bergers-schlagerparadies.de\/index.php?rest_route=\/wp\/v2\/posts\/7270\/revisions\/7272"}],"wp:featuredmedia":[{"embeddable":true,"href":"https:\/\/bergers-schlagerparadies.de\/index.php?rest_route=\/wp\/v2\/media\/7271"}],"wp:attachment":[{"href":"https:\/\/bergers-schlagerparadies.de\/index.php?rest_route=%2Fwp%2Fv2%2Fmedia&parent=7270"}],"wp:term":[{"taxonomy":"category","embeddable":true,"href":"https:\/\/bergers-schlagerparadies.de\/index.php?rest_route=%2Fwp%2Fv2%2Fcategories&post=7270"},{"taxonomy":"post_tag","embeddable":true,"href":"https:\/\/bergers-schlagerparadies.de\/index.php?rest_route=%2Fwp%2Fv2%2Ftags&post=7270"}],"curies":[{"name":"wp","href":"https:\/\/api.w.org\/{rel}","templated":true}]}}