{"id":7231,"date":"2021-10-30T12:13:03","date_gmt":"2021-10-30T10:13:03","guid":{"rendered":"http:\/\/bergers-schlagerparadies.de\/?p=7231"},"modified":"2021-10-30T18:23:22","modified_gmt":"2021-10-30T16:23:22","slug":"de-melodee-feat-chris-p-live-now-%c2%b7-bergers-schlagerparadies","status":"publish","type":"post","link":"https:\/\/bergers-schlagerparadies.de\/?p=7231","title":{"rendered":"D\u00e9 MeloD\u00e9e feat. Chris P. &#8211; Live Now \u00b7 Berger\u00b4s Schlagerparadies"},"content":{"rendered":"<p><span class=\"tojvnm2t a6sixzi8 abs2jz4q a8s20v7p t1p8iaqh k5wvi7nf q3lfd5jv pk4s997a bipmatt0 cebpdrjk qowsmv63 owwhemhu dp1hu0rb dhp61c6y iyyx5f41\"> <img loading=\"lazy\" decoding=\"async\" class=\"size-medium wp-image-7232 alignleft\" src=\"https:\/\/bergers-schlagerparadies.de\/wp-content\/uploads\/2021\/10\/De-MeloDee-feat.-Chris-P.-Live-Now-300x300.jpg\" alt=\"\" width=\"300\" height=\"300\" srcset=\"https:\/\/bergers-schlagerparadies.de\/wp-content\/uploads\/2021\/10\/De-MeloDee-feat.-Chris-P.-Live-Now-300x300.jpg 300w, https:\/\/bergers-schlagerparadies.de\/wp-content\/uploads\/2021\/10\/De-MeloDee-feat.-Chris-P.-Live-Now-1024x1024.jpg 1024w, https:\/\/bergers-schlagerparadies.de\/wp-content\/uploads\/2021\/10\/De-MeloDee-feat.-Chris-P.-Live-Now-150x150.jpg 150w, https:\/\/bergers-schlagerparadies.de\/wp-content\/uploads\/2021\/10\/De-MeloDee-feat.-Chris-P.-Live-Now-768x768.jpg 768w, https:\/\/bergers-schlagerparadies.de\/wp-content\/uploads\/2021\/10\/De-MeloDee-feat.-Chris-P.-Live-Now-1200x1200.jpg 1200w, https:\/\/bergers-schlagerparadies.de\/wp-content\/uploads\/2021\/10\/De-MeloDee-feat.-Chris-P.-Live-Now-1188x1188.jpg 1188w, https:\/\/bergers-schlagerparadies.de\/wp-content\/uploads\/2021\/10\/De-MeloDee-feat.-Chris-P.-Live-Now-100x100.jpg 100w, https:\/\/bergers-schlagerparadies.de\/wp-content\/uploads\/2021\/10\/De-MeloDee-feat.-Chris-P.-Live-Now.jpg 1500w\" sizes=\"auto, (max-width: 300px) 100vw, 300px\" \/>\u201eLive now\u201c ist an einm Dienstag, den 26.10.21. (\u00d6sterreichischer Nationalfeiertag) um 14:00 Uhr ver\u00f6ffentlicht worden und von da an auf allen digitalen Plattformen erh\u00e4ltlich.<\/span><\/p>\n","protected":false},"excerpt":{"rendered":"<p>\u201eLive now\u201c ist an einm Dienstag, den 26.10.21. (\u00d6sterreichischer Nationalfeiertag) um 14:00 Uhr ver\u00f6ffentlicht worden und von da an auf allen digitalen Plattformen erh\u00e4ltlich.<\/p>\n","protected":false},"author":1,"featured_media":7232,"comment_status":"open","ping_status":"open","sticky":false,"template":"","format":"standard","meta":{"footnotes":""},"categories":[2],"tags":[929],"class_list":["post-7231","post","type-post","status-publish","format-standard","has-post-thumbnail","hentry","category-schlager","tag-de-melodee-feat-chris-p","wpcat-2-id"],"_links":{"self":[{"href":"https:\/\/bergers-schlagerparadies.de\/index.php?rest_route=\/wp\/v2\/posts\/7231","targetHints":{"allow":["GET"]}}],"collection":[{"href":"https:\/\/bergers-schlagerparadies.de\/index.php?rest_route=\/wp\/v2\/posts"}],"about":[{"href":"https:\/\/bergers-schlagerparadies.de\/index.php?rest_route=\/wp\/v2\/types\/post"}],"author":[{"embeddable":true,"href":"https:\/\/bergers-schlagerparadies.de\/index.php?rest_route=\/wp\/v2\/users\/1"}],"replies":[{"embeddable":true,"href":"https:\/\/bergers-schlagerparadies.de\/index.php?rest_route=%2Fwp%2Fv2%2Fcomments&post=7231"}],"version-history":[{"count":3,"href":"https:\/\/bergers-schlagerparadies.de\/index.php?rest_route=\/wp\/v2\/posts\/7231\/revisions"}],"predecessor-version":[{"id":7244,"href":"https:\/\/bergers-schlagerparadies.de\/index.php?rest_route=\/wp\/v2\/posts\/7231\/revisions\/7244"}],"wp:featuredmedia":[{"embeddable":true,"href":"https:\/\/bergers-schlagerparadies.de\/index.php?rest_route=\/wp\/v2\/media\/7232"}],"wp:attachment":[{"href":"https:\/\/bergers-schlagerparadies.de\/index.php?rest_route=%2Fwp%2Fv2%2Fmedia&parent=7231"}],"wp:term":[{"taxonomy":"category","embeddable":true,"href":"https:\/\/bergers-schlagerparadies.de\/index.php?rest_route=%2Fwp%2Fv2%2Fcategories&post=7231"},{"taxonomy":"post_tag","embeddable":true,"href":"https:\/\/bergers-schlagerparadies.de\/index.php?rest_route=%2Fwp%2Fv2%2Ftags&post=7231"}],"curies":[{"name":"wp","href":"https:\/\/api.w.org\/{rel}","templated":true}]}}