{"id":7196,"date":"2021-11-08T10:30:22","date_gmt":"2021-11-08T09:30:22","guid":{"rendered":"http:\/\/bergers-schlagerparadies.de\/?p=7196"},"modified":"2021-10-29T15:54:30","modified_gmt":"2021-10-29T13:54:30","slug":"andre-parker-lieber-guter-weihnachtsmann-%c2%b7-bergers-schlagerparadies","status":"publish","type":"post","link":"https:\/\/bergers-schlagerparadies.de\/?p=7196","title":{"rendered":"Andr\u00e9 Parker &#8211; Lieber guter Weihnachtsmann \u00b7 Berger\u00b4s Schlagerparadies"},"content":{"rendered":"<p><span class=\"style-scope yt-formatted-string\" dir=\"auto\"><img loading=\"lazy\" decoding=\"async\" class=\"size-medium wp-image-7197 alignleft\" src=\"https:\/\/bergers-schlagerparadies.de\/wp-content\/uploads\/2021\/10\/Andre-Parker-Lieber-guter-Weihnachtsmann-300x300.jpg\" alt=\"\" width=\"300\" height=\"300\" srcset=\"https:\/\/bergers-schlagerparadies.de\/wp-content\/uploads\/2021\/10\/Andre-Parker-Lieber-guter-Weihnachtsmann-300x300.jpg 300w, https:\/\/bergers-schlagerparadies.de\/wp-content\/uploads\/2021\/10\/Andre-Parker-Lieber-guter-Weihnachtsmann-150x150.jpg 150w, https:\/\/bergers-schlagerparadies.de\/wp-content\/uploads\/2021\/10\/Andre-Parker-Lieber-guter-Weihnachtsmann-100x100.jpg 100w, https:\/\/bergers-schlagerparadies.de\/wp-content\/uploads\/2021\/10\/Andre-Parker-Lieber-guter-Weihnachtsmann.jpg 500w\" sizes=\"auto, (max-width: 300px) 100vw, 300px\" \/>Andr\u00e9 Parker meldete sich 2015, nach 20-j\u00e4hriger Pause, mit dem Titel und dem passenden Video \u201eBald ist Weihnachten\u201c im deutschen Schlager zur\u00fcck. Die von Andr\u00e9, f\u00fcr seine spanisch sprechenden Fans, gesungene und 2016 ver\u00f6ffentlichte Coverversion \u201ePronto es Navidad\u201c ist auch heute noch bei \u201eChristmas Radio Malta\u201c und dem weltgr\u00f6\u00dften Weihnachtssender \u201eSantaradio UK\u201c gelistet. Das Video zu \u201ePronto es Navidad\u201c wurde im letzten Jahr mehrfach in Gesamtlateinamerika im Rahmen der beliebten Familien-TV Sendung \u201ePuerto Latino International\u201c ausgestrahlt. Markant bei beiden Versionen ist, dass die Story von \u201eBald ist Weihnachten\u201c ein offenes Ende hatte. Mit \u201eLieber guter Weihnachtsmann\u201c, einem Discofox mit Shuffle-Elementen, meldet sich Andr\u00e9 Parker rechtzeitig zum diesj\u00e4hrigen Weihnachtsfest zur\u00fcck und wie es schon zu vermuten war, kommt es nach f\u00fcnf Jahren, mit der Hilfe von Santa Claus pers\u00f6nlich, 2021 zum Happy End der weihnachtlichen Geschichte. Seit der Zusammenarbeit (2020) mit dem Erfolgslabel Fiesta Records ist Andr\u00e9 Parker mit Titeln wie \u201eTe quiero Senorita\u201c, \u201eWas heut&#8216; passiert\u201c, \u201eIch suche Dich <\/span>#Herz<span class=\"style-scope yt-formatted-string\" dir=\"auto\"> in Not\u201c oder dem aktuellen Titel \u201eIch hau ab\u201c wieder im Schlager angekommen und Dauergast in zahlreichen Radiostationen und Hitparaden.<\/span><\/p>\n<p><strong>Dieser Song ist ab dem 12.11.2021 in allen bekannten Onlineshops erh\u00e4ltlich!<\/strong><\/p>\n<p><iframe style=\"width: 120px; height: 240px;\" src=\"\/\/ws-eu.amazon-adsystem.com\/widgets\/q?ServiceVersion=20070822&amp;OneJS=1&amp;Operation=GetAdHtml&amp;MarketPlace=DE&amp;source=ss&amp;ref=as_ss_li_til&amp;ad_type=product_link&amp;tracking_id=bergers-21&amp;language=de_DE&amp;marketplace=amazon&amp;region=DE&amp;placement=B09K4GY92H&amp;asins=B09K4GY92H&amp;linkId=76563e71a066a2f512641db3fd41df7e&amp;show_border=true&amp;link_opens_in_new_window=true\" frameborder=\"0\" marginwidth=\"0\" marginheight=\"0\" scrolling=\"no\"><\/iframe><\/p>\n","protected":false},"excerpt":{"rendered":"<p>Andr\u00e9 Parker meldete sich 2015, nach 20-j\u00e4hriger Pause, mit dem Titel und dem passenden Video \u201eBald ist Weihnachten\u201c im deutschen Schlager zur\u00fcck. Die von Andr\u00e9, f\u00fcr seine spanisch sprechenden Fans, gesungene und 2016 ver\u00f6ffentlichte Coverversion \u201ePronto es Navidad\u201c ist auch heute noch bei \u201eChristmas Radio Malta\u201c und dem weltgr\u00f6\u00dften Weihnachtssender \u201eSantaradio UK\u201c gelistet. Das Video zu \u201ePronto es Navidad\u201c wurde im letzten Jahr mehrfach in Gesamtlateinamerika im Rahmen der beliebten Familien-TV Sendung \u201ePuerto Latino International\u201c ausgestrahlt. Markant bei beiden Versionen ist, dass die Story von \u201eBald ist Weihnachten\u201c ein offenes Ende hatte. Mit \u201eLieber guter Weihnachtsmann\u201c, einem Discofox mit Shuffle-Elementen, meldet sich Andr\u00e9 Parker rechtzeitig&#8230;<\/p>\n","protected":false},"author":1,"featured_media":7197,"comment_status":"open","ping_status":"open","sticky":false,"template":"","format":"standard","meta":{"footnotes":""},"categories":[2],"tags":[133],"class_list":["post-7196","post","type-post","status-publish","format-standard","has-post-thumbnail","hentry","category-schlager","tag-andre-parker","wpcat-2-id"],"_links":{"self":[{"href":"https:\/\/bergers-schlagerparadies.de\/index.php?rest_route=\/wp\/v2\/posts\/7196","targetHints":{"allow":["GET"]}}],"collection":[{"href":"https:\/\/bergers-schlagerparadies.de\/index.php?rest_route=\/wp\/v2\/posts"}],"about":[{"href":"https:\/\/bergers-schlagerparadies.de\/index.php?rest_route=\/wp\/v2\/types\/post"}],"author":[{"embeddable":true,"href":"https:\/\/bergers-schlagerparadies.de\/index.php?rest_route=\/wp\/v2\/users\/1"}],"replies":[{"embeddable":true,"href":"https:\/\/bergers-schlagerparadies.de\/index.php?rest_route=%2Fwp%2Fv2%2Fcomments&post=7196"}],"version-history":[{"count":1,"href":"https:\/\/bergers-schlagerparadies.de\/index.php?rest_route=\/wp\/v2\/posts\/7196\/revisions"}],"predecessor-version":[{"id":7199,"href":"https:\/\/bergers-schlagerparadies.de\/index.php?rest_route=\/wp\/v2\/posts\/7196\/revisions\/7199"}],"wp:featuredmedia":[{"embeddable":true,"href":"https:\/\/bergers-schlagerparadies.de\/index.php?rest_route=\/wp\/v2\/media\/7197"}],"wp:attachment":[{"href":"https:\/\/bergers-schlagerparadies.de\/index.php?rest_route=%2Fwp%2Fv2%2Fmedia&parent=7196"}],"wp:term":[{"taxonomy":"category","embeddable":true,"href":"https:\/\/bergers-schlagerparadies.de\/index.php?rest_route=%2Fwp%2Fv2%2Fcategories&post=7196"},{"taxonomy":"post_tag","embeddable":true,"href":"https:\/\/bergers-schlagerparadies.de\/index.php?rest_route=%2Fwp%2Fv2%2Ftags&post=7196"}],"curies":[{"name":"wp","href":"https:\/\/api.w.org\/{rel}","templated":true}]}}