{"id":7186,"date":"2021-10-29T14:57:33","date_gmt":"2021-10-29T12:57:33","guid":{"rendered":"http:\/\/bergers-schlagerparadies.de\/?p=7186"},"modified":"2021-10-29T14:57:33","modified_gmt":"2021-10-29T12:57:33","slug":"chris-strasser-lass-uns-tanzen-%c2%b7-bergers-schlagerparadies","status":"publish","type":"post","link":"https:\/\/bergers-schlagerparadies.de\/?p=7186","title":{"rendered":"Chris Strasser &#8211; Lass uns Tanzen \u00b7 Berger\u00b4s Schlagerparadies"},"content":{"rendered":"<p><img loading=\"lazy\" decoding=\"async\" class=\"size-medium wp-image-7187 alignleft\" src=\"https:\/\/bergers-schlagerparadies.de\/wp-content\/uploads\/2021\/10\/Chris-Strasser-Lass-uns-Tanzen-300x300.jpg\" alt=\"\" width=\"300\" height=\"300\" srcset=\"https:\/\/bergers-schlagerparadies.de\/wp-content\/uploads\/2021\/10\/Chris-Strasser-Lass-uns-Tanzen-300x300.jpg 300w, https:\/\/bergers-schlagerparadies.de\/wp-content\/uploads\/2021\/10\/Chris-Strasser-Lass-uns-Tanzen-1024x1024.jpg 1024w, https:\/\/bergers-schlagerparadies.de\/wp-content\/uploads\/2021\/10\/Chris-Strasser-Lass-uns-Tanzen-150x150.jpg 150w, https:\/\/bergers-schlagerparadies.de\/wp-content\/uploads\/2021\/10\/Chris-Strasser-Lass-uns-Tanzen-768x768.jpg 768w, https:\/\/bergers-schlagerparadies.de\/wp-content\/uploads\/2021\/10\/Chris-Strasser-Lass-uns-Tanzen.jpg 1200w, https:\/\/bergers-schlagerparadies.de\/wp-content\/uploads\/2021\/10\/Chris-Strasser-Lass-uns-Tanzen-1188x1188.jpg 1188w, https:\/\/bergers-schlagerparadies.de\/wp-content\/uploads\/2021\/10\/Chris-Strasser-Lass-uns-Tanzen-100x100.jpg 100w\" sizes=\"auto, (max-width: 300px) 100vw, 300px\" \/>Mit seiner neuen Single \u201eLass uns Tanzen\u201c entfacht Chris Strasser ein Feuerwerk der Gef\u00fchle und liefert eine musikalische Liebeserkl\u00e4rung, die unter die Haut geht. Ein Song, der die perfekten Worte findet &#8211; stundenlanges Tanzen und schlaflose Herbstn\u00e4chte sind vorprogrammiert!<\/p>\n<p>Das offizielle Video zum Song wurde auf Mallorca gedreht und l\u00e4dt Verliebte zum Tr\u00e4umen ein.<\/p>\n<p>&nbsp;<\/p>\n<p>&nbsp;<\/p>\n<p>&nbsp;<\/p>\n<p><strong>Dieser Song ist ab dem 29.10.2021 in allen bekannten Onlineshops erh\u00e4ltlich!<\/strong><\/p>\n<p><iframe style=\"width: 120px; height: 240px;\" src=\"\/\/ws-eu.amazon-adsystem.com\/widgets\/q?ServiceVersion=20070822&amp;OneJS=1&amp;Operation=GetAdHtml&amp;MarketPlace=DE&amp;source=ss&amp;ref=as_ss_li_til&amp;ad_type=product_link&amp;tracking_id=bergers-21&amp;language=de_DE&amp;marketplace=amazon&amp;region=DE&amp;placement=B09J8WNHV5&amp;asins=B09J8WNHV5&amp;linkId=eed4d14ed2f15aed5214fc6139e46b45&amp;show_border=true&amp;link_opens_in_new_window=true\" frameborder=\"0\" marginwidth=\"0\" marginheight=\"0\" scrolling=\"no\"><\/iframe><\/p>\n","protected":false},"excerpt":{"rendered":"<p>Mit seiner neuen Single \u201eLass uns Tanzen\u201c entfacht Chris Strasser ein Feuerwerk der Gef\u00fchle und liefert eine musikalische Liebeserkl\u00e4rung, die unter die Haut geht. Ein Song, der die perfekten Worte findet &#8211; stundenlanges Tanzen und schlaflose Herbstn\u00e4chte sind vorprogrammiert! Das offizielle Video zum Song wurde auf Mallorca gedreht und l\u00e4dt Verliebte zum Tr\u00e4umen ein. &nbsp; &nbsp; &nbsp; Dieser Song ist ab dem 29.10.2021 in allen bekannten Onlineshops erh\u00e4ltlich!<\/p>\n","protected":false},"author":1,"featured_media":7187,"comment_status":"open","ping_status":"open","sticky":false,"template":"","format":"standard","meta":{"footnotes":""},"categories":[2],"tags":[135],"class_list":["post-7186","post","type-post","status-publish","format-standard","has-post-thumbnail","hentry","category-schlager","tag-chris-strasser","wpcat-2-id"],"_links":{"self":[{"href":"https:\/\/bergers-schlagerparadies.de\/index.php?rest_route=\/wp\/v2\/posts\/7186","targetHints":{"allow":["GET"]}}],"collection":[{"href":"https:\/\/bergers-schlagerparadies.de\/index.php?rest_route=\/wp\/v2\/posts"}],"about":[{"href":"https:\/\/bergers-schlagerparadies.de\/index.php?rest_route=\/wp\/v2\/types\/post"}],"author":[{"embeddable":true,"href":"https:\/\/bergers-schlagerparadies.de\/index.php?rest_route=\/wp\/v2\/users\/1"}],"replies":[{"embeddable":true,"href":"https:\/\/bergers-schlagerparadies.de\/index.php?rest_route=%2Fwp%2Fv2%2Fcomments&post=7186"}],"version-history":[{"count":1,"href":"https:\/\/bergers-schlagerparadies.de\/index.php?rest_route=\/wp\/v2\/posts\/7186\/revisions"}],"predecessor-version":[{"id":7189,"href":"https:\/\/bergers-schlagerparadies.de\/index.php?rest_route=\/wp\/v2\/posts\/7186\/revisions\/7189"}],"wp:featuredmedia":[{"embeddable":true,"href":"https:\/\/bergers-schlagerparadies.de\/index.php?rest_route=\/wp\/v2\/media\/7187"}],"wp:attachment":[{"href":"https:\/\/bergers-schlagerparadies.de\/index.php?rest_route=%2Fwp%2Fv2%2Fmedia&parent=7186"}],"wp:term":[{"taxonomy":"category","embeddable":true,"href":"https:\/\/bergers-schlagerparadies.de\/index.php?rest_route=%2Fwp%2Fv2%2Fcategories&post=7186"},{"taxonomy":"post_tag","embeddable":true,"href":"https:\/\/bergers-schlagerparadies.de\/index.php?rest_route=%2Fwp%2Fv2%2Ftags&post=7186"}],"curies":[{"name":"wp","href":"https:\/\/api.w.org\/{rel}","templated":true}]}}