{"id":7183,"date":"2021-10-29T14:50:05","date_gmt":"2021-10-29T12:50:05","guid":{"rendered":"http:\/\/bergers-schlagerparadies.de\/?p=7183"},"modified":"2021-11-02T18:10:19","modified_gmt":"2021-11-02T17:10:19","slug":"art-garfunkel-jr-wie-du-hommage-an-meinen-vater-album-%c2%b7-bergers-schlagerparadies","status":"publish","type":"post","link":"https:\/\/bergers-schlagerparadies.de\/?p=7183","title":{"rendered":"Art Garfunkel Jr. &#8211; Wie Du &#8211; Hommage an meinen Vater (Album) \u00b7 Berger\u00b4s Schlagerparadies"},"content":{"rendered":"<div id=\"perspective\">\n<div id=\"wrapper\" class=\"hasbg transparent\">\n<div id=\"page_content_wrapper\" class=\"\">\n<div class=\"inner\">\n<div class=\"inner_wrapper\">\n<div class=\"sidebar_content full_width\">\n<div class=\"elementor elementor-3271\" data-elementor-type=\"wp-post\" data-elementor-id=\"3271\" data-elementor-settings=\"[]\">\n<div class=\"elementor-inner\">\n<div class=\"elementor-section-wrap\">\n<section class=\"elementor-section elementor-top-section elementor-element elementor-element-d4e711a elementor-section-stretched elementor-section-height-full elementor-section-content-middle elementor-section-boxed elementor-section-height-default elementor-section-items-middle\" data-id=\"d4e711a\" data-element_type=\"section\" data-settings=\"{&quot;stretch_section&quot;:&quot;section-stretched&quot;,&quot;background_background&quot;:&quot;classic&quot;}\">\n<div class=\"elementor-background-overlay\">\n<div class=\"elementor-row\">\n<div class=\"elementor-column elementor-col-100 elementor-top-column elementor-element elementor-element-f125221 stellar\" data-id=\"f125221\" data-element_type=\"column\" data-stellar-ratio=\"1.2\">\n<div class=\"elementor-column-wrap elementor-element-populated\">\n<div class=\"elementor-widget-wrap\">\n<div class=\"elementor-element elementor-element-517dd55 elementor-widget elementor-widget-musico-animated-background-heading\" data-id=\"517dd55\" data-element_type=\"widget\" data-widget_type=\"musico-animated-background-heading.default\">\n<div class=\"elementor-widget-container\">\n<h1 class=\"tg_animated_heading\"><img loading=\"lazy\" decoding=\"async\" class=\"size-medium wp-image-7184 alignleft\" src=\"https:\/\/bergers-schlagerparadies.de\/wp-content\/uploads\/2021\/10\/Art-Garfunkel-Jr.-Wie-Du-Hommage-an-meinen-Vater-296x300.jpg\" alt=\"\" width=\"296\" height=\"300\" srcset=\"https:\/\/bergers-schlagerparadies.de\/wp-content\/uploads\/2021\/10\/Art-Garfunkel-Jr.-Wie-Du-Hommage-an-meinen-Vater-296x300.jpg 296w, https:\/\/bergers-schlagerparadies.de\/wp-content\/uploads\/2021\/10\/Art-Garfunkel-Jr.-Wie-Du-Hommage-an-meinen-Vater-1011x1024.jpg 1011w, https:\/\/bergers-schlagerparadies.de\/wp-content\/uploads\/2021\/10\/Art-Garfunkel-Jr.-Wie-Du-Hommage-an-meinen-Vater-768x778.jpg 768w, https:\/\/bergers-schlagerparadies.de\/wp-content\/uploads\/2021\/10\/Art-Garfunkel-Jr.-Wie-Du-Hommage-an-meinen-Vater-1184x1200.jpg 1184w, https:\/\/bergers-schlagerparadies.de\/wp-content\/uploads\/2021\/10\/Art-Garfunkel-Jr.-Wie-Du-Hommage-an-meinen-Vater-1188x1204.jpg 1188w, https:\/\/bergers-schlagerparadies.de\/wp-content\/uploads\/2021\/10\/Art-Garfunkel-Jr.-Wie-Du-Hommage-an-meinen-Vater-100x100.jpg 100w, https:\/\/bergers-schlagerparadies.de\/wp-content\/uploads\/2021\/10\/Art-Garfunkel-Jr.-Wie-Du-Hommage-an-meinen-Vater.jpg 1200w\" sizes=\"auto, (max-width: 296px) 100vw, 296px\" \/><span style=\"color: #333399;\">Art Garfunkel Junior<\/span><\/h1>\n<\/div>\n<\/div>\n<\/div>\n<\/div>\n<\/div>\n<\/div>\n<\/div>\n<\/section>\n<section class=\"elementor-section elementor-top-section elementor-element elementor-element-6b2e534 elementor-section-stretched elementor-section-boxed elementor-section-height-default elementor-section-height-default\" data-id=\"6b2e534\" data-element_type=\"section\" data-settings=\"{&quot;stretch_section&quot;:&quot;section-stretched&quot;,&quot;background_background&quot;:&quot;classic&quot;}\">\n<div class=\"elementor-container elementor-column-gap-default\">\n<div class=\"elementor-row\">\n<div class=\"elementor-column elementor-col-50 elementor-top-column elementor-element elementor-element-bb71fa9\" data-id=\"bb71fa9\" data-element_type=\"column\">\n<div class=\"elementor-column-wrap elementor-element-populated\">\n<div class=\"elementor-widget-wrap\">\n<div class=\"elementor-element elementor-element-69b40ea elementor-widget elementor-widget-text-editor\" data-id=\"69b40ea\" data-element_type=\"widget\" data-widget_type=\"text-editor.default\">\n<div class=\"elementor-widget-container\">\n<div class=\"elementor-text-editor elementor-clearfix\">\n<p><strong>Art Garfunkel Jr. ist der Sohn von Art Garfunkel Senior \u2013 der als Solok\u00fcnstler und S\u00e4nger des weltber\u00fchmten Duos Simon &amp; Garfunkel Musikgeschichte schrieb.<\/strong><br \/>\nUnvergessliche Klassiker, wie \u201eThe Sound of Silence\u201c, \u201eThe Boxer\u201c, \u201eMrs. Robinson\u201c oder \u201eBridge Over Troubled Water\u201c, setzten hohe Ma\u00dfst\u00e4be und begeistern seit Jahrzehnten Musikfans auf der ganzen Welt.<\/p>\n<p>Art Garfunkel Jr. wurde in New York in 1990 im Stadtteil Manhattan als erstes Kind von Art Garfunkel Senior und Kathryn Garfunkel geboren. Seine Kinder- und Jugendzeit verbrachte er zum Gro\u00dfteil in den USA. Seine Gro\u00dfeltern stammten aus dem deutschsprachigen Bereich, so dass er schon in jungen Jahren die deutsche Sprache erlernte und einen starken Bezug zu Europa aufbaute.<\/p>\n<\/div>\n<\/div>\n<\/div>\n<\/div>\n<\/div>\n<\/div>\n<div class=\"elementor-column elementor-col-50 elementor-top-column elementor-element elementor-element-1b563fe\" data-id=\"1b563fe\" data-element_type=\"column\">\n<div class=\"elementor-column-wrap elementor-element-populated\">\n<div class=\"elementor-widget-wrap\">\n<div class=\"elementor-element elementor-element-2e530b5 elementor-widget elementor-widget-text-editor\" data-id=\"2e530b5\" data-element_type=\"widget\" data-widget_type=\"text-editor.default\">\n<div class=\"elementor-widget-container\">\n<div class=\"elementor-text-editor elementor-clearfix\">\n<p>&nbsp;<\/p>\n<\/div>\n<\/div>\n<\/div>\n<\/div>\n<\/div>\n<\/div>\n<\/div>\n<\/div>\n<\/section>\n<section class=\"elementor-section elementor-top-section elementor-element elementor-element-56719dd elementor-section-boxed elementor-section-height-default elementor-section-height-default\" data-id=\"56719dd\" data-element_type=\"section\">\n<div class=\"elementor-container elementor-column-gap-default\">\n<div class=\"elementor-row\">\n<div class=\"elementor-column elementor-col-100 elementor-top-column elementor-element elementor-element-d353dc3\" data-id=\"d353dc3\" data-element_type=\"column\">\n<div class=\"elementor-column-wrap elementor-element-populated\">\n<div class=\"elementor-widget-wrap\">\n<div class=\"elementor-element elementor-element-90b641a elementor-widget elementor-widget-text-editor\" data-id=\"90b641a\" data-element_type=\"widget\" data-widget_type=\"text-editor.default\">\n<div class=\"elementor-widget-container\">\n<div class=\"elementor-text-editor elementor-clearfix\">\n<p>Sein Interesse an Geschichte, Reisen, politischen und gesellschaftlichen Themen wurden bereits in der Schulzeit geweckt und pr\u00e4gten seinen weiteren Lebensweg. So nahm er an verschiedenen Studienreisen teil und belegte zahlreiche Seminare, Schulungen und Kurse an bekannten Bildungsinstitutionen.<\/p>\n<p>Als <strong>Sohn einer K\u00fcnstlerfamilie<\/strong> entdeckte er schnell seine Leidenschaft zur Musik und sang h\u00e4ufig auch mit seiner Mutter und Gro\u00dfmutter auf privaten Festen und Events. Dar\u00fcber hinaus stand er mit seinem Vater bereits mit knapp drei Jahren auf der B\u00fchne und begleitete ihn auf Tourneen und Events in \u00fcber 50 L\u00e4ndern, wie Japan, USA, Deutschland, Frankreich, Niederlande, Spanien, S\u00fcdamerika, Australien oder Osteuropa.<\/p>\n<p>Legend\u00e4re Auftritte, wie die Konzerte in der Royal Albert Hall in London, der Carnegie Hall in New York, dem Sydney Opera House oder der US Open Tennis Event in 2002 best\u00e4rkten ihn, in die Fu\u00dfstapfen seines Vaters zu treten und Musik zu seiner professionellen Leidenschaft zu machen. <strong>Weisheiten wie \u201eDie Musik dr\u00fcckt das aus, was nicht gesagt werden kann und wor\u00fcber zu schweigen unm\u00f6glich ist\u201c inspirierten nicht nur seinen Vater, sondern auch Art Garfunkel jr. Musik als ein Bindeglied zwischen Menschen, Nationen oder Kulturen zu interpretieren und mit ihren Liedern alle zu vereinen.<\/strong><\/p>\n<\/div>\n<\/div>\n<\/div>\n<div class=\"elementor-element elementor-element-94c5488 elementor-widget elementor-widget-text-editor\" data-id=\"94c5488\" data-element_type=\"widget\" data-widget_type=\"text-editor.default\">\n<div class=\"elementor-widget-container\">\n<div class=\"elementor-text-editor elementor-clearfix\">\n<p><strong>Die gemeinsamen Reisen mit der Familie pr\u00e4gten auch sein kulturelles Interesse und er\u00f6ffneten ihm fr\u00fch, einzigartige Chancen f\u00fcr seinen sp\u00e4teren Lebensweg.<\/strong> Als Teenager besuchte er die renommierte \u201e<strong>Rudolf Steiner Schule<\/strong>\u201c in New York City und absolvierte verschiedene Sprach- und Sportkurse. Das Interesse an deutscher Schlager- und Volksmusik erwachte bereits sehr fr\u00fch bei Art Garfunkel jr. Deshalb verbrachte er seine Ferien oft auch in Deutschland, \u00d6sterreich und der Schweiz. Nach Beendigung der High School ging er auf Reisen und war lange Zeit in Europa. <strong>So engagierte er sich als junger Erwachsener in verschiedenen Regionalprojekten, trat in diversen Formaten und Shows im deutschen TV auf und entwickelte sich als K\u00fcnstler weiter.<\/strong><\/p>\n<p>Art Garfunkel jr. ist gegenw\u00e4rtig auch im sozialen Bereich engagiert und h\u00e4ufiger in Osteuropa, Russland und anderen L\u00e4ndern unterwegs, um soziale Projekte zu unterst\u00fctzen. Neben seiner Muttersprache spricht er flie\u00dfend Russisch, Moldawisch und Deutsch und singt russische, deutsche und englische Songs.<\/p>\n<p>Art Garfunkel jr. hat seinen Lebensmittelpunkt nach Europa verlegt und h\u00e4lt sich meist in der Schweiz und in Deutschland auf. Sein Lebensmotto \u201eAchte auf Deine Gedanken \u2013 sie sind der Anfang Deiner Taten\u201c pr\u00e4gt ihn seit Jahren.<\/p>\n<\/div>\n<\/div>\n<\/div>\n<div class=\"elementor-element elementor-element-da31cef elementor-widget elementor-widget-text-editor\" data-id=\"da31cef\" data-element_type=\"widget\" data-widget_type=\"text-editor.default\">\n<div class=\"elementor-widget-container\">\n<div class=\"elementor-text-editor elementor-clearfix\">\n<p><strong>In 2018 und 2019 war er mit seinem Vater in Deutschland auf gro\u00dfer Tour.<\/strong> So sangen Vater und Sohn vor begeisterten Fans in vielen St\u00e4dten, wie Dresden, Frankfurt, M\u00fcnchen, Stuttgart, Berlin oder Hamburg. Zudem tritt er zunehmend auch als Solok\u00fcnstler auf privaten Events und regionalen Musikveranstaltungen im deutschsprachigen Bereich auf. Dabei singt er eigene Songs, Evergreens und nat\u00fcrlich auf die Top-Hits seines Vaters.<\/p>\n<p><strong>Im Sommer 2021 wird sein erstes Schlager-Solo-Album auf dem Markt erscheinen.<\/strong> Die erste Single ist f\u00fcr Fr\u00fchsommer 2021 geplant. Als Perfektionist und K\u00fcnstler aus Leidenschaft hat er lange an seinem ersten Album in Kooperation mit Erfolgsproduzenten aus dem Schlager-Business gearbeitet und nun ein facettenreiches und ausdrucksstarkes Werk fertiggestellt. Die Fans k\u00f6nnen sehr gespannt sein!<\/p>\n<p>Ab 2021 sind zahlreiche Auftritte, Events und Konzerte geplant, auf denen Art Garfunkel Jr. live erlebt werden kann. Zudem wird er weiterhin mit seinem Vater Art Garfunkel Senior auf der B\u00fchne stehen und die Musikfans mit seiner au\u00dfergew\u00f6hnlichen Stimme begeistern.<\/p>\n<\/div>\n<\/div>\n<\/div>\n<\/div>\n<\/div>\n<\/div>\n<\/div>\n<\/div>\n<\/section>\n<section class=\"elementor-section elementor-top-section elementor-element elementor-element-bc978b7 elementor-section-stretched elementor-section-boxed elementor-section-height-default elementor-section-height-default\" data-id=\"bc978b7\" data-element_type=\"section\" data-settings=\"{&quot;stretch_section&quot;:&quot;section-stretched&quot;,&quot;background_background&quot;:&quot;classic&quot;}\">\n<div class=\"elementor-container elementor-column-gap-default\">\n<div class=\"elementor-row\">\n<div class=\"elementor-column elementor-col-50 elementor-top-column elementor-element elementor-element-c7cacd6\" data-id=\"c7cacd6\" data-element_type=\"column\">\n<div class=\"elementor-column-wrap elementor-element-populated\">\n<div class=\"elementor-widget-wrap\">\n<div class=\"elementor-element elementor-element-ce937f6 elementor-widget elementor-widget-text-editor\" data-id=\"ce937f6\" data-element_type=\"widget\" data-widget_type=\"text-editor.default\">\n<div class=\"elementor-widget-container\">\n<div class=\"elementor-text-editor elementor-clearfix\">\n<p><strong>Drei Fragen an Art Garfunkel Jr.:<\/strong><br \/>\n<em><strong><br \/>\nFrage 1: Wie w\u00fcrden Sie sich als Mensch beschreiben?<\/strong><\/em><br \/>\nEs ist immer schwer, sich selber einzusch\u00e4tzen bzw. sich zu beschreiben. Ich bin sehr dankbar f\u00fcr die Unterst\u00fctzung durch meine Familie und Freunde und die M\u00f6glichkeiten, die ich in meinem Leben bis jetzt erhalten habe. Alles ist nicht immer einfach, wie es auf den ersten Blick scheint. Ich w\u00fcrde mich als positiven und aufgeschlossenen Menschen charakterisieren. Zudem bin ich sehr bodenst\u00e4ndig und lerne gerne Neues kennen.<\/p>\n<p><strong><em>Frage 2: Was m\u00f6gen Sie an deutschsprachiger Musik und an Schlager so gerne?<\/em><\/strong><br \/>\nIch liebe die deutsche Sprache einfach und habe bereits als Kind mit meinen Gro\u00dfeltern deutsch gesprochen und deutsche Lieder angeh\u00f6rt. Der Sprachklang gef\u00e4llt mir sehr und ich lerne jeden Tag dazu. Ich bin schon seit vielen Jahren Fan deutschsprachiger Musik und h\u00f6re gerne Schlager und Volksmusik. Es ist eine \u201eehrliche Musik\u201c, die Freude bereitet und von Herzen kommt.<br \/>\n<strong><em><br \/>\nFrage 3: Was machen Sie in Ihrer Freizeit und was planen Sie f\u00fcr die Zukunft?<\/em><\/strong><br \/>\nIch bin immer sehr viel unterwegs und verreise gerne. Dar\u00fcber hinaus engagiere ich mich sozial und bin auch kulturell sehr interessiert. Ich mache oft St\u00e4dtetrips. Als Ausgleich zu den Auftritten und den Tourneen mache ich Sport, lese viel und bin oft in der Natur unterwegs. F\u00fcr die Zukunft plane ich einige neue Musik-Projekte, die sehr spannend sein werden. Mehr m\u00f6chte ich erst mal nicht verraten.<\/p>\n<p><strong>Dieser Song ist ab dem 29.10.2021 in allen bekannten Onlineshops erh\u00e4ltlich!<\/strong><\/p>\n<p><iframe style=\"width: 120px; height: 240px;\" src=\"\/\/ws-eu.amazon-adsystem.com\/widgets\/q?ServiceVersion=20070822&amp;OneJS=1&amp;Operation=GetAdHtml&amp;MarketPlace=DE&amp;source=ss&amp;ref=as_ss_li_til&amp;ad_type=product_link&amp;tracking_id=bergers-21&amp;language=de_DE&amp;marketplace=amazon&amp;region=DE&amp;placement=B09FS5DLL2&amp;asins=B09FS5DLL2&amp;linkId=54102a7b2ee90fa3c8651911cca4c665&amp;show_border=true&amp;link_opens_in_new_window=true\" frameborder=\"0\" marginwidth=\"0\" marginheight=\"0\" scrolling=\"no\"><\/iframe><\/p>\n<\/div>\n<\/div>\n<\/div>\n<\/div>\n<\/div>\n<\/div>\n<\/div>\n<\/div>\n<\/section>\n<\/div>\n<\/div>\n<\/div>\n<\/div>\n<\/div>\n<\/div>\n<\/div>\n<\/div>\n<\/div>\n","protected":false},"excerpt":{"rendered":"<p>Art Garfunkel Junior Art Garfunkel Jr. ist der Sohn von Art Garfunkel Senior \u2013 der als Solok\u00fcnstler und S\u00e4nger des weltber\u00fchmten Duos Simon &amp; Garfunkel Musikgeschichte schrieb. Unvergessliche Klassiker, wie \u201eThe Sound of Silence\u201c, \u201eThe Boxer\u201c, \u201eMrs. Robinson\u201c oder \u201eBridge Over Troubled Water\u201c, setzten hohe Ma\u00dfst\u00e4be und begeistern seit Jahrzehnten Musikfans auf der ganzen Welt. Art Garfunkel Jr. wurde in New York in 1990 im Stadtteil Manhattan als erstes Kind von Art Garfunkel Senior und Kathryn Garfunkel geboren. Seine Kinder- und Jugendzeit verbrachte er zum Gro\u00dfteil in den USA. Seine Gro\u00dfeltern stammten aus dem deutschsprachigen Bereich, so dass er schon in jungen Jahren die deutsche&#8230;<\/p>\n","protected":false},"author":1,"featured_media":7184,"comment_status":"open","ping_status":"open","sticky":false,"template":"","format":"standard","meta":{"footnotes":""},"categories":[2],"tags":[919],"class_list":["post-7183","post","type-post","status-publish","format-standard","has-post-thumbnail","hentry","category-schlager","tag-art-garfunkel-jr","wpcat-2-id"],"_links":{"self":[{"href":"https:\/\/bergers-schlagerparadies.de\/index.php?rest_route=\/wp\/v2\/posts\/7183","targetHints":{"allow":["GET"]}}],"collection":[{"href":"https:\/\/bergers-schlagerparadies.de\/index.php?rest_route=\/wp\/v2\/posts"}],"about":[{"href":"https:\/\/bergers-schlagerparadies.de\/index.php?rest_route=\/wp\/v2\/types\/post"}],"author":[{"embeddable":true,"href":"https:\/\/bergers-schlagerparadies.de\/index.php?rest_route=\/wp\/v2\/users\/1"}],"replies":[{"embeddable":true,"href":"https:\/\/bergers-schlagerparadies.de\/index.php?rest_route=%2Fwp%2Fv2%2Fcomments&post=7183"}],"version-history":[{"count":2,"href":"https:\/\/bergers-schlagerparadies.de\/index.php?rest_route=\/wp\/v2\/posts\/7183\/revisions"}],"predecessor-version":[{"id":7327,"href":"https:\/\/bergers-schlagerparadies.de\/index.php?rest_route=\/wp\/v2\/posts\/7183\/revisions\/7327"}],"wp:featuredmedia":[{"embeddable":true,"href":"https:\/\/bergers-schlagerparadies.de\/index.php?rest_route=\/wp\/v2\/media\/7184"}],"wp:attachment":[{"href":"https:\/\/bergers-schlagerparadies.de\/index.php?rest_route=%2Fwp%2Fv2%2Fmedia&parent=7183"}],"wp:term":[{"taxonomy":"category","embeddable":true,"href":"https:\/\/bergers-schlagerparadies.de\/index.php?rest_route=%2Fwp%2Fv2%2Fcategories&post=7183"},{"taxonomy":"post_tag","embeddable":true,"href":"https:\/\/bergers-schlagerparadies.de\/index.php?rest_route=%2Fwp%2Fv2%2Ftags&post=7183"}],"curies":[{"name":"wp","href":"https:\/\/api.w.org\/{rel}","templated":true}]}}