{"id":7180,"date":"2021-10-29T14:19:51","date_gmt":"2021-10-29T12:19:51","guid":{"rendered":"http:\/\/bergers-schlagerparadies.de\/?p=7180"},"modified":"2021-10-30T11:20:36","modified_gmt":"2021-10-30T09:20:36","slug":"anita-hegerland-kay-doerfel-das-leben-ist-ein-wunder-%c2%b7-bergers-schlagerparadies","status":"publish","type":"post","link":"https:\/\/bergers-schlagerparadies.de\/?p=7180","title":{"rendered":"Anita Hegerland &#038; Kay D\u00f6rfel &#8211; Das Leben ist ein Wunder \u00b7 Berger\u00b4s Schlagerparadies"},"content":{"rendered":"<p><span id=\"page3R_mcid31\" class=\"markedContent\"><span dir=\"ltr\" role=\"presentation\"><img loading=\"lazy\" decoding=\"async\" class=\"size-medium wp-image-7181 alignleft\" src=\"https:\/\/bergers-schlagerparadies.de\/wp-content\/uploads\/2021\/10\/Anita-Hegerland-Kay-Doerfel-Das-Leben-ist-ein-Wunder-300x300.jpg\" alt=\"\" width=\"300\" height=\"300\" srcset=\"https:\/\/bergers-schlagerparadies.de\/wp-content\/uploads\/2021\/10\/Anita-Hegerland-Kay-Doerfel-Das-Leben-ist-ein-Wunder-300x300.jpg 300w, https:\/\/bergers-schlagerparadies.de\/wp-content\/uploads\/2021\/10\/Anita-Hegerland-Kay-Doerfel-Das-Leben-ist-ein-Wunder-1024x1024.jpg 1024w, https:\/\/bergers-schlagerparadies.de\/wp-content\/uploads\/2021\/10\/Anita-Hegerland-Kay-Doerfel-Das-Leben-ist-ein-Wunder-150x150.jpg 150w, https:\/\/bergers-schlagerparadies.de\/wp-content\/uploads\/2021\/10\/Anita-Hegerland-Kay-Doerfel-Das-Leben-ist-ein-Wunder-768x768.jpg 768w, https:\/\/bergers-schlagerparadies.de\/wp-content\/uploads\/2021\/10\/Anita-Hegerland-Kay-Doerfel-Das-Leben-ist-ein-Wunder-1200x1200.jpg 1200w, https:\/\/bergers-schlagerparadies.de\/wp-content\/uploads\/2021\/10\/Anita-Hegerland-Kay-Doerfel-Das-Leben-ist-ein-Wunder-1188x1188.jpg 1188w, https:\/\/bergers-schlagerparadies.de\/wp-content\/uploads\/2021\/10\/Anita-Hegerland-Kay-Doerfel-Das-Leben-ist-ein-Wunder-100x100.jpg 100w, https:\/\/bergers-schlagerparadies.de\/wp-content\/uploads\/2021\/10\/Anita-Hegerland-Kay-Doerfel-Das-Leben-ist-ein-Wunder.jpg 1420w\" sizes=\"auto, (max-width: 300px) 100vw, 300px\" \/>Dem deutschsprachigen Publikum wurde <\/span><span dir=\"ltr\" role=\"presentation\">Anita Hegerland<\/span> <span dir=\"ltr\" role=\"presentation\">1971 bekannt, als sie als Zehnj\u00e4hrige <\/span><br role=\"presentation\" \/><span dir=\"ltr\" role=\"presentation\">zusammen mit<\/span> <span dir=\"ltr\" role=\"presentation\">Ro<\/span><span dir=\"ltr\" role=\"presentation\">y Black <\/span><span dir=\"ltr\" role=\"presentation\">den Titel<\/span> <span dir=\"ltr\" role=\"presentation\">\u201e<\/span><span dir=\"ltr\" role=\"presentation\">Sch\u00f6n ist es auf der Welt zu sei<\/span><span dir=\"ltr\" role=\"presentation\">n<\/span><span dir=\"ltr\" role=\"presentation\">\u201c<\/span> <span dir=\"ltr\" role=\"presentation\">aufnahm. Dieses Lied sang sie <\/span><br role=\"presentation\" \/><span dir=\"ltr\" role=\"presentation\">mit Roy Black<\/span> <span dir=\"ltr\" role=\"presentation\">u.a. auch<\/span> <span dir=\"ltr\" role=\"presentation\">im Film<\/span> <span dir=\"ltr\" role=\"presentation\">\u201e<\/span><span dir=\"ltr\" role=\"presentation\">Wenn mein Sch\u00e4tzchen auf d<\/span><span dir=\"ltr\" role=\"presentation\">ie Pauke haut<\/span><span dir=\"ltr\" role=\"presentation\">\u201c<\/span> <span dir=\"ltr\" role=\"presentation\">u<\/span><span dir=\"ltr\" role=\"presentation\">nd <\/span><span dir=\"ltr\" role=\"presentation\">es <\/span><span dir=\"ltr\" role=\"presentation\">entwickelte sich <\/span><br role=\"presentation\" \/><span dir=\"ltr\" role=\"presentation\">zu einem gro\u00dfen Hit. Anita und Roy erhielten gleich zweimal Gold f\u00fcr diesen Titel sowie den goldenen <\/span><br role=\"presentation\" \/><span dir=\"ltr\" role=\"presentation\">L\u00f6wen von Radio Luxemburg und die Goldene Schallplatte f\u00fcr mehr als 1 Million verkaufter <\/span><br role=\"presentation\" \/><span dir=\"ltr\" role=\"presentation\">Schallplatten. <\/span><span dir=\"ltr\" role=\"presentation\">Kay D\u00f6rfel h\u00e4lt seit vielen <\/span><span dir=\"ltr\" role=\"presentation\">J<\/span><span dir=\"ltr\" role=\"presentation\">ahren das And<\/span><span dir=\"ltr\" role=\"presentation\">enken an sein gro\u00dfes Vorbild Roy Black, u.a. <\/span><br role=\"presentation\" \/><span dir=\"ltr\" role=\"presentation\">mit Konzerttourneen und der allj\u00e4hrlichen Gedenkgala <\/span><span dir=\"ltr\" role=\"presentation\">N\u00e4he Aug<\/span><span dir=\"ltr\" role=\"presentation\">sburg wach<\/span><span dir=\"ltr\" role=\"presentation\">. Dazu lud er 2019 <\/span><br role=\"presentation\" \/><span dir=\"ltr\" role=\"presentation\">erstmals Anita mi<\/span><span dir=\"ltr\" role=\"presentation\">t ein und es entstand der Wunsch<\/span><span dir=\"ltr\" role=\"presentation\">, neben der Neuauff\u00fchrung von <\/span><span dir=\"ltr\" role=\"presentation\">\u201e<\/span><span dir=\"ltr\" role=\"presentation\">Sch\u00f6n ist es auf <\/span><br role=\"presentation\" \/><span dir=\"ltr\" role=\"presentation\">der Welt zu sein<\/span><span dir=\"ltr\" role=\"presentation\">\u201c<\/span> <span dir=\"ltr\" role=\"presentation\">auch ein eigenes neues Duett zu produzieren.<\/span> <\/span><span id=\"page3R_mcid32\" class=\"markedContent\"><br role=\"presentation\" \/><\/span><span id=\"page3R_mcid33\" class=\"markedContent\"><\/span><span id=\"page3R_mcid34\" class=\"markedContent\"><br role=\"presentation\" \/><span dir=\"ltr\" role=\"presentation\">D<\/span><span dir=\"ltr\" role=\"presentation\">as brandneue Duett von Anita &amp; Kay zeigt einmal mehr, wie wichtig es i<\/span><span dir=\"ltr\" role=\"presentation\">st unser einziges Leben zu <\/span><br role=\"presentation\" \/><span dir=\"ltr\" role=\"presentation\">ge<\/span><span dir=\"ltr\" role=\"presentation\">nie\u00dfen u<\/span><span dir=\"ltr\" role=\"presentation\">nd alle Dinge, die es bereiche<\/span><span dir=\"ltr\" role=\"presentation\">rn wertzusch\u00e4tzen. Familie<\/span> <span dir=\"ltr\" role=\"presentation\">und<\/span> <span dir=\"ltr\" role=\"presentation\">Freundschaft<\/span> <span dir=\"ltr\" role=\"presentation\">bilden die Basis <\/span><br role=\"presentation\" \/><span dir=\"ltr\" role=\"presentation\">f\u00fcr ein harmonisches Miteinander<\/span><span dir=\"ltr\" role=\"presentation\">. <\/span><span dir=\"ltr\" role=\"presentation\">Mit dieser positiven Aussage lassen sich viel H\u00fcrden nehmen <\/span><span dir=\"ltr\" role=\"presentation\">und <\/span><br role=\"presentation\" \/><span dir=\"ltr\" role=\"presentation\">auch schwierigere Krisen \u00fcberstehen. <\/span><span dir=\"ltr\" role=\"presentation\">Genie\u00dfen wir unser Leben und die wunderbare Musik in <\/span><br role=\"presentation\" \/><span dir=\"ltr\" role=\"presentation\">deutscher Sp<\/span><span dir=\"ltr\" role=\"presentation\">rache, wie hier von Anita Hegerland &amp; Kay D\u00f6rfel.<\/span> <\/span><span id=\"page3R_mcid35\" class=\"markedContent\"><br role=\"presentation\" \/><\/span><span id=\"page3R_mcid36\" class=\"markedContent\"><\/span><span id=\"page3R_mcid37\" class=\"markedContent\"><br role=\"presentation\" \/><span dir=\"ltr\" role=\"presentation\">Am 09.10.2021 wurde der Song erstmals live in der Sin<\/span><span dir=\"ltr\" role=\"presentation\">goldhalle in Bobingen<\/span> <span dir=\"ltr\" role=\"presentation\">(<\/span><span dir=\"ltr\" role=\"presentation\">Heimat von Roy Black)<\/span> <br role=\"presentation\" \/><span dir=\"ltr\" role=\"presentation\">dem Pu<\/span><span dir=\"ltr\" role=\"presentation\">b<\/span><span dir=\"ltr\" role=\"presentation\">likum<\/span><span dir=\"ltr\" role=\"presentation\">, welches <\/span><span dir=\"ltr\" role=\"presentation\">mit <\/span><span dir=\"ltr\" role=\"presentation\">\u201e<\/span><span dir=\"ltr\" role=\"presentation\">Standing Ovations<\/span><span dir=\"ltr\" role=\"presentation\">\u201c<\/span> <span dir=\"ltr\" role=\"presentation\">antwortete<\/span><span dir=\"ltr\" role=\"presentation\">, <\/span><span dir=\"ltr\" role=\"presentation\">vor<\/span><span dir=\"ltr\" role=\"presentation\">gestellt.<\/span> <\/span><span id=\"page3R_mcid38\" class=\"markedContent\"><br role=\"presentation\" \/><\/span><span id=\"page3R_mcid39\" class=\"markedContent\"><br role=\"presentation\" \/><span dir=\"ltr\" role=\"presentation\">D<\/span><span dir=\"ltr\" role=\"presentation\">er Song <\/span><span dir=\"ltr\" role=\"presentation\">durchl\u00e4uft p\u00fcnktlich <\/span><span dir=\"ltr\" role=\"presentation\">zur V\u00d6 auch die <\/span><span dir=\"ltr\" role=\"presentation\">MPN<\/span><span dir=\"ltr\" role=\"presentation\">&#8211;<\/span><span dir=\"ltr\" role=\"presentation\">Promotion.<\/span><\/span><\/p>\n<p><strong>Dieser Song ist ab dem 29.10.2021 in allen bekannten Onlineshops erh\u00e4ltlich!<\/strong><\/p>\n<p><iframe style=\"width: 120px; height: 240px;\" src=\"\/\/ws-eu.amazon-adsystem.com\/widgets\/q?ServiceVersion=20070822&amp;OneJS=1&amp;Operation=GetAdHtml&amp;MarketPlace=DE&amp;source=ss&amp;ref=as_ss_li_til&amp;ad_type=product_link&amp;tracking_id=bergers-21&amp;language=de_DE&amp;marketplace=amazon&amp;region=DE&amp;placement=B09K3G84M7&amp;asins=B09K3G84M7&amp;linkId=ba37c263311febb00b14977ee2b0b83b&amp;show_border=true&amp;link_opens_in_new_window=true\" frameborder=\"0\" marginwidth=\"0\" marginheight=\"0\" scrolling=\"no\"><\/iframe><\/p>\n","protected":false},"excerpt":{"rendered":"<p>Dem deutschsprachigen Publikum wurde Anita Hegerland 1971 bekannt, als sie als Zehnj\u00e4hrige zusammen mit Roy Black den Titel \u201eSch\u00f6n ist es auf der Welt zu sein\u201c aufnahm. Dieses Lied sang sie mit Roy Black u.a. auch im Film \u201eWenn mein Sch\u00e4tzchen auf die Pauke haut\u201c und es entwickelte sich zu einem gro\u00dfen Hit. Anita und Roy erhielten gleich zweimal Gold f\u00fcr diesen Titel sowie den goldenen L\u00f6wen von Radio Luxemburg und die Goldene Schallplatte f\u00fcr mehr als 1 Million verkaufter Schallplatten. Kay D\u00f6rfel h\u00e4lt seit vielen Jahren das Andenken an sein gro\u00dfes Vorbild Roy Black, u.a. mit Konzerttourneen und der allj\u00e4hrlichen Gedenkgala N\u00e4he Augsburg wach&#8230;.<\/p>\n","protected":false},"author":1,"featured_media":7181,"comment_status":"open","ping_status":"open","sticky":false,"template":"","format":"standard","meta":{"footnotes":""},"categories":[2],"tags":[918],"class_list":["post-7180","post","type-post","status-publish","format-standard","has-post-thumbnail","hentry","category-schlager","tag-anita-hegerland-kay-doerfel","wpcat-2-id"],"_links":{"self":[{"href":"https:\/\/bergers-schlagerparadies.de\/index.php?rest_route=\/wp\/v2\/posts\/7180","targetHints":{"allow":["GET"]}}],"collection":[{"href":"https:\/\/bergers-schlagerparadies.de\/index.php?rest_route=\/wp\/v2\/posts"}],"about":[{"href":"https:\/\/bergers-schlagerparadies.de\/index.php?rest_route=\/wp\/v2\/types\/post"}],"author":[{"embeddable":true,"href":"https:\/\/bergers-schlagerparadies.de\/index.php?rest_route=\/wp\/v2\/users\/1"}],"replies":[{"embeddable":true,"href":"https:\/\/bergers-schlagerparadies.de\/index.php?rest_route=%2Fwp%2Fv2%2Fcomments&post=7180"}],"version-history":[{"count":1,"href":"https:\/\/bergers-schlagerparadies.de\/index.php?rest_route=\/wp\/v2\/posts\/7180\/revisions"}],"predecessor-version":[{"id":7182,"href":"https:\/\/bergers-schlagerparadies.de\/index.php?rest_route=\/wp\/v2\/posts\/7180\/revisions\/7182"}],"wp:featuredmedia":[{"embeddable":true,"href":"https:\/\/bergers-schlagerparadies.de\/index.php?rest_route=\/wp\/v2\/media\/7181"}],"wp:attachment":[{"href":"https:\/\/bergers-schlagerparadies.de\/index.php?rest_route=%2Fwp%2Fv2%2Fmedia&parent=7180"}],"wp:term":[{"taxonomy":"category","embeddable":true,"href":"https:\/\/bergers-schlagerparadies.de\/index.php?rest_route=%2Fwp%2Fv2%2Fcategories&post=7180"},{"taxonomy":"post_tag","embeddable":true,"href":"https:\/\/bergers-schlagerparadies.de\/index.php?rest_route=%2Fwp%2Fv2%2Ftags&post=7180"}],"curies":[{"name":"wp","href":"https:\/\/api.w.org\/{rel}","templated":true}]}}