{"id":7068,"date":"2021-10-22T16:21:37","date_gmt":"2021-10-22T14:21:37","guid":{"rendered":"http:\/\/bergers-schlagerparadies.de\/?p=7068"},"modified":"2021-10-22T16:22:19","modified_gmt":"2021-10-22T14:22:19","slug":"jana-sammer-als-waer-nichts-gewesen-%c2%b7-bergers-schlagerparadies","status":"publish","type":"post","link":"https:\/\/bergers-schlagerparadies.de\/?p=7068","title":{"rendered":"Jana Sammer &#8211; ALS W\u00c4R NICHTS GEWESEN \u00b7 Berger\u00b4s Schlagerparadies"},"content":{"rendered":"<p><img loading=\"lazy\" decoding=\"async\" class=\"size-medium wp-image-7069 alignleft\" src=\"https:\/\/bergers-schlagerparadies.de\/wp-content\/uploads\/2021\/10\/Jana-Sammer-ALS-WAeR-NICHTS-GEWESEN-300x300.jpg\" alt=\"\" width=\"300\" height=\"300\" srcset=\"https:\/\/bergers-schlagerparadies.de\/wp-content\/uploads\/2021\/10\/Jana-Sammer-ALS-WAeR-NICHTS-GEWESEN-300x300.jpg 300w, https:\/\/bergers-schlagerparadies.de\/wp-content\/uploads\/2021\/10\/Jana-Sammer-ALS-WAeR-NICHTS-GEWESEN-1024x1024.jpg 1024w, https:\/\/bergers-schlagerparadies.de\/wp-content\/uploads\/2021\/10\/Jana-Sammer-ALS-WAeR-NICHTS-GEWESEN-150x150.jpg 150w, https:\/\/bergers-schlagerparadies.de\/wp-content\/uploads\/2021\/10\/Jana-Sammer-ALS-WAeR-NICHTS-GEWESEN-768x768.jpg 768w, https:\/\/bergers-schlagerparadies.de\/wp-content\/uploads\/2021\/10\/Jana-Sammer-ALS-WAeR-NICHTS-GEWESEN-1200x1200.jpg 1200w, https:\/\/bergers-schlagerparadies.de\/wp-content\/uploads\/2021\/10\/Jana-Sammer-ALS-WAeR-NICHTS-GEWESEN-1188x1188.jpg 1188w, https:\/\/bergers-schlagerparadies.de\/wp-content\/uploads\/2021\/10\/Jana-Sammer-ALS-WAeR-NICHTS-GEWESEN-100x100.jpg 100w, https:\/\/bergers-schlagerparadies.de\/wp-content\/uploads\/2021\/10\/Jana-Sammer-ALS-WAeR-NICHTS-GEWESEN.jpg 1417w\" sizes=\"auto, (max-width: 300px) 100vw, 300px\" \/>Der emotionale Song f\u00fcr alle, die weggehen mussten und alle R\u00fcckkehrer, die die alte Heimat &#8211; und die alte Liebe &#8211; wieder f\u00fcr sich entdecken. \u201cJUGENDLIEBE\u201d trifft \u201eICH BIN WIEDER HIER\u201c, in einem mitrei\u00dfenden und poppigen Schlagerarrangement.<\/p>\n<p>Aus Ihrem Album \u201eDAS GANZE PAKET\u201c ver\u00f6ffentlicht JANA SAMMER diesen Song in Kollaboration mit MICHAEL KUX.<\/p>\n<p>TEXT: KATHLEEN TIELSCHER<br \/>\nMUSIK: JENS M\u00d6LLER<br \/>\nPRODUCER: JENS M\u00d6LLER<br \/>\nLABEL: BLUE LIGHT RECORDS LC 10151<br \/>\nTRACK ISRC DEU422100001<\/p>\n<p><strong>Dieser Song ist ab dem 22.10.2021 in allen bekannten Onlineshops erh\u00e4ltlich!<\/strong><\/p>\n<p><iframe style=\"width: 120px; height: 240px;\" src=\"\/\/ws-eu.amazon-adsystem.com\/widgets\/q?ServiceVersion=20070822&amp;OneJS=1&amp;Operation=GetAdHtml&amp;MarketPlace=DE&amp;source=ss&amp;ref=as_ss_li_til&amp;ad_type=product_link&amp;tracking_id=bergers-21&amp;language=de_DE&amp;marketplace=amazon&amp;region=DE&amp;placement=B09HY53QF9&amp;asins=B09HY53QF9&amp;linkId=7b290227c0a577b171e6c62e6bf91fdd&amp;show_border=true&amp;link_opens_in_new_window=true\" frameborder=\"0\" marginwidth=\"0\" marginheight=\"0\" scrolling=\"no\"><\/iframe><\/p>\n","protected":false},"excerpt":{"rendered":"<p>Der emotionale Song f\u00fcr alle, die weggehen mussten und alle R\u00fcckkehrer, die die alte Heimat &#8211; und die alte Liebe &#8211; wieder f\u00fcr sich entdecken. \u201cJUGENDLIEBE\u201d trifft \u201eICH BIN WIEDER HIER\u201c, in einem mitrei\u00dfenden und poppigen Schlagerarrangement. Aus Ihrem Album \u201eDAS GANZE PAKET\u201c ver\u00f6ffentlicht JANA SAMMER diesen Song in Kollaboration mit MICHAEL KUX. TEXT: KATHLEEN TIELSCHER MUSIK: JENS M\u00d6LLER PRODUCER: JENS M\u00d6LLER LABEL: BLUE LIGHT RECORDS LC 10151 TRACK ISRC DEU422100001 Dieser Song ist ab dem 22.10.2021 in allen bekannten Onlineshops erh\u00e4ltlich!<\/p>\n","protected":false},"author":1,"featured_media":7069,"comment_status":"open","ping_status":"open","sticky":false,"template":"","format":"standard","meta":{"footnotes":""},"categories":[2],"tags":[906],"class_list":["post-7068","post","type-post","status-publish","format-standard","has-post-thumbnail","hentry","category-schlager","tag-jana-sammer","wpcat-2-id"],"_links":{"self":[{"href":"https:\/\/bergers-schlagerparadies.de\/index.php?rest_route=\/wp\/v2\/posts\/7068","targetHints":{"allow":["GET"]}}],"collection":[{"href":"https:\/\/bergers-schlagerparadies.de\/index.php?rest_route=\/wp\/v2\/posts"}],"about":[{"href":"https:\/\/bergers-schlagerparadies.de\/index.php?rest_route=\/wp\/v2\/types\/post"}],"author":[{"embeddable":true,"href":"https:\/\/bergers-schlagerparadies.de\/index.php?rest_route=\/wp\/v2\/users\/1"}],"replies":[{"embeddable":true,"href":"https:\/\/bergers-schlagerparadies.de\/index.php?rest_route=%2Fwp%2Fv2%2Fcomments&post=7068"}],"version-history":[{"count":2,"href":"https:\/\/bergers-schlagerparadies.de\/index.php?rest_route=\/wp\/v2\/posts\/7068\/revisions"}],"predecessor-version":[{"id":7072,"href":"https:\/\/bergers-schlagerparadies.de\/index.php?rest_route=\/wp\/v2\/posts\/7068\/revisions\/7072"}],"wp:featuredmedia":[{"embeddable":true,"href":"https:\/\/bergers-schlagerparadies.de\/index.php?rest_route=\/wp\/v2\/media\/7069"}],"wp:attachment":[{"href":"https:\/\/bergers-schlagerparadies.de\/index.php?rest_route=%2Fwp%2Fv2%2Fmedia&parent=7068"}],"wp:term":[{"taxonomy":"category","embeddable":true,"href":"https:\/\/bergers-schlagerparadies.de\/index.php?rest_route=%2Fwp%2Fv2%2Fcategories&post=7068"},{"taxonomy":"post_tag","embeddable":true,"href":"https:\/\/bergers-schlagerparadies.de\/index.php?rest_route=%2Fwp%2Fv2%2Ftags&post=7068"}],"curies":[{"name":"wp","href":"https:\/\/api.w.org\/{rel}","templated":true}]}}