{"id":7022,"date":"2021-10-22T10:30:57","date_gmt":"2021-10-22T08:30:57","guid":{"rendered":"http:\/\/bergers-schlagerparadies.de\/?p=7022"},"modified":"2021-10-22T10:28:32","modified_gmt":"2021-10-22T08:28:32","slug":"anna-carina-woitschack-kuess-mich-wach-zero-deniro-remix-%c2%b7-bergers-schlagerparadies","status":"publish","type":"post","link":"https:\/\/bergers-schlagerparadies.de\/?p=7022","title":{"rendered":"Anna Carina Woitschack K\u00fcss mich wach (Zero &#038; DeNiro Remix) \u00b7 Berger\u00b4s Schlagerparadies"},"content":{"rendered":"<p><img loading=\"lazy\" decoding=\"async\" class=\"size-medium wp-image-7021 alignleft\" src=\"https:\/\/bergers-schlagerparadies.de\/wp-content\/uploads\/2021\/10\/Anna-Carina-Woitschack-Kuess-mich-wach-Zero-DeNiro-Remix-300x300.jpg\" alt=\"\" width=\"300\" height=\"300\" srcset=\"https:\/\/bergers-schlagerparadies.de\/wp-content\/uploads\/2021\/10\/Anna-Carina-Woitschack-Kuess-mich-wach-Zero-DeNiro-Remix-300x300.jpg 300w, https:\/\/bergers-schlagerparadies.de\/wp-content\/uploads\/2021\/10\/Anna-Carina-Woitschack-Kuess-mich-wach-Zero-DeNiro-Remix-150x150.jpg 150w, https:\/\/bergers-schlagerparadies.de\/wp-content\/uploads\/2021\/10\/Anna-Carina-Woitschack-Kuess-mich-wach-Zero-DeNiro-Remix-100x100.jpg 100w, https:\/\/bergers-schlagerparadies.de\/wp-content\/uploads\/2021\/10\/Anna-Carina-Woitschack-Kuess-mich-wach-Zero-DeNiro-Remix.jpg 768w\" sizes=\"auto, (max-width: 300px) 100vw, 300px\" \/>In diesem Jahr feierte Anna-Carina Woitschack ihr 10-j\u00e4hriges B\u00fchnenjubil\u00e4um mit einem neuen Solo-Album. Am 13.08.2021 wurde die zweite Single \u201eK\u00fcss mich wach\u201c aus dem Top 10 Album \u201eTr\u00e4umer\u201c ver\u00f6ffentlicht. Jetzt hat sich Zero &amp; De Niro an die Single gewagt und aus dieser einen Remix gemacht. Der \u201eK\u00fcss mich wach\u201c Remix erscheint am 22. Oktober 2021.<\/p>\n<p>Der Remix von Zero &amp; DeNiro schafft eine weitere, noch tanzbarere Version des Songs \u201eK\u00fcss mich wach\u201c.<\/p>\n<p>Der Gute-Laune-Titel \u201eK\u00fcss mich wach\u201c \u00fcberzeugt mit seinem Refrain, der sofort ins Ohr geht. F\u00e4ngt der Track noch etwas langsamer an, baut sich die Spannung immer mehr auf bis es zum explosiven Refrain kommt. Harmonische Strophen wechseln sich mit der kraftvollen, sofort tanzbaren Hookline ab. Zeilen wie \u201eLass uns fliegen\u201c oder \u201eMit dir das ist Liebe\u201c malen poetische Bilder, die perfekt das sch\u00f6nste Gef\u00fchl der Welt beschreiben: das Verliebt sein.<\/p>\n<p>\u201eIch finde es ist ein wahnsinnig positiver Titel \u2013 mit dem passenden Text dazu, der sehr lebensbejahend ist. Gerade die Zeile \u201aDas Leben wach k\u00fcssen\u2018 trifft es perfekt. Nach so einer speziellen Zeit, die wir erlebt haben, sollte man einmal mehr das Leben genie\u00dfen!\u201c so Anna-Carina Woitschack \u00fcber ihren neuen Song.<\/p>\n<p>Die Single ist in einer virtuellen Songwriting-Session entstanden. Anna-Carina erz\u00e4hlte den verschiedenen Textern ihre Wunsch-Themen mit dem klaren Ziel: Ein bisschen mehr zur\u00fcck zum urspr\u00fcnglichen Schlager. Der Text des neuen Titels stammt von Tom Marquardt, Terence Olivier und Alex Wende.<br \/>\nProduziert wurde der neue Song von Hit-Produzent Oliver Nova.<\/p>\n<p>\u201eK\u00fcss mich wach\u201c klingt so, wie Anna-Carina selbst den Schlager am liebsten mag. \u201eKonservative Kl\u00e4nge treffen auf moderne Elemente. Diesen Sound liebe ich einfach und m\u00f6chte ihn gerne meinen Fans n\u00e4herbringen\u201c.<\/p>\n<p>Der \u201eK\u00fcss mich wach\u201c Dance-Remix von Anna-Carina Woitschack erscheint am 22.10.2021 als Digital-Single bei TELAMO.<\/p>\n<p>Homepage: <a href=\"https:\/\/www.annacarinawoitschack.de\">https:\/\/www.annacarinawoitschack.de<\/a><br \/>\nFacebook: <a href=\"https:\/\/www.facebook.com\/AnnaCarinaMusik\/\">https:\/\/www.facebook.com\/AnnaCarinaMusik\/<\/a><br \/>\nInstagram: <a href=\"https:\/\/www.instagram.com\/anna.carina.woitschack\/\">https:\/\/www.instagram.com\/anna.carina.woitschack\/<\/a><\/p>\n<div class=\"artists-info\">\n<div><\/div>\n<div>\n<div class=\"links\">\n<h3>Dieser Song ist ab dem 22.10.2021 in allen bekannten Onlineshops erh\u00e4ltlich!<\/h3>\n<p><iframe style=\"width: 120px; height: 240px;\" src=\"\/\/ws-eu.amazon-adsystem.com\/widgets\/q?ServiceVersion=20070822&amp;OneJS=1&amp;Operation=GetAdHtml&amp;MarketPlace=DE&amp;source=ss&amp;ref=as_ss_li_til&amp;ad_type=product_link&amp;tracking_id=bergers-21&amp;language=de_DE&amp;marketplace=amazon&amp;region=DE&amp;placement=B09JDK7GSK&amp;asins=B09JDK7GSK&amp;linkId=a6bef46bc6d09c26652909d87c6d3622&amp;show_border=true&amp;link_opens_in_new_window=true\" frameborder=\"0\" marginwidth=\"0\" marginheight=\"0\" scrolling=\"no\"><\/iframe><\/p>\n<\/div>\n<\/div>\n<\/div>\n","protected":false},"excerpt":{"rendered":"<p>In diesem Jahr feierte Anna-Carina Woitschack ihr 10-j\u00e4hriges B\u00fchnenjubil\u00e4um mit einem neuen Solo-Album. Am 13.08.2021 wurde die zweite Single \u201eK\u00fcss mich wach\u201c aus dem Top 10 Album \u201eTr\u00e4umer\u201c ver\u00f6ffentlicht. Jetzt hat sich Zero &amp; De Niro an die Single gewagt und aus dieser einen Remix gemacht. Der \u201eK\u00fcss mich wach\u201c Remix erscheint am 22. Oktober 2021. Der Remix von Zero &amp; DeNiro schafft eine weitere, noch tanzbarere Version des Songs \u201eK\u00fcss mich wach\u201c. Der Gute-Laune-Titel \u201eK\u00fcss mich wach\u201c \u00fcberzeugt mit seinem Refrain, der sofort ins Ohr geht. F\u00e4ngt der Track noch etwas langsamer an, baut sich die Spannung immer mehr auf bis es zum explosiven&#8230;<\/p>\n","protected":false},"author":1,"featured_media":7021,"comment_status":"open","ping_status":"open","sticky":false,"template":"","format":"standard","meta":{"footnotes":""},"categories":[2],"tags":[567],"class_list":["post-7022","post","type-post","status-publish","format-standard","has-post-thumbnail","hentry","category-schlager","tag-anna-carina-woitschack","wpcat-2-id"],"_links":{"self":[{"href":"https:\/\/bergers-schlagerparadies.de\/index.php?rest_route=\/wp\/v2\/posts\/7022","targetHints":{"allow":["GET"]}}],"collection":[{"href":"https:\/\/bergers-schlagerparadies.de\/index.php?rest_route=\/wp\/v2\/posts"}],"about":[{"href":"https:\/\/bergers-schlagerparadies.de\/index.php?rest_route=\/wp\/v2\/types\/post"}],"author":[{"embeddable":true,"href":"https:\/\/bergers-schlagerparadies.de\/index.php?rest_route=\/wp\/v2\/users\/1"}],"replies":[{"embeddable":true,"href":"https:\/\/bergers-schlagerparadies.de\/index.php?rest_route=%2Fwp%2Fv2%2Fcomments&post=7022"}],"version-history":[{"count":1,"href":"https:\/\/bergers-schlagerparadies.de\/index.php?rest_route=\/wp\/v2\/posts\/7022\/revisions"}],"predecessor-version":[{"id":7023,"href":"https:\/\/bergers-schlagerparadies.de\/index.php?rest_route=\/wp\/v2\/posts\/7022\/revisions\/7023"}],"wp:featuredmedia":[{"embeddable":true,"href":"https:\/\/bergers-schlagerparadies.de\/index.php?rest_route=\/wp\/v2\/media\/7021"}],"wp:attachment":[{"href":"https:\/\/bergers-schlagerparadies.de\/index.php?rest_route=%2Fwp%2Fv2%2Fmedia&parent=7022"}],"wp:term":[{"taxonomy":"category","embeddable":true,"href":"https:\/\/bergers-schlagerparadies.de\/index.php?rest_route=%2Fwp%2Fv2%2Fcategories&post=7022"},{"taxonomy":"post_tag","embeddable":true,"href":"https:\/\/bergers-schlagerparadies.de\/index.php?rest_route=%2Fwp%2Fv2%2Ftags&post=7022"}],"curies":[{"name":"wp","href":"https:\/\/api.w.org\/{rel}","templated":true}]}}