{"id":6977,"date":"2021-10-20T10:20:04","date_gmt":"2021-10-20T08:20:04","guid":{"rendered":"http:\/\/bergers-schlagerparadies.de\/?p=6977"},"modified":"2021-10-20T10:20:04","modified_gmt":"2021-10-20T08:20:04","slug":"marcel-de-van-featuring-anna-jones-i-wanna-run-away-%c2%b7-bergers-schlagerparadies","status":"publish","type":"post","link":"https:\/\/bergers-schlagerparadies.de\/?p=6977","title":{"rendered":"MARCEL DE VAN featuring Anna Jones &#8211; I Wanna Run Away \u00b7 Berger\u00b4s Schlagerparadies"},"content":{"rendered":"<div class=\"o9v6fnle cxmmr5t8 oygrvhab hcukyx3x c1et5uql ii04i59q\">\n<div dir=\"auto\"><img loading=\"lazy\" decoding=\"async\" class=\"size-medium wp-image-6978 alignleft\" src=\"https:\/\/bergers-schlagerparadies.de\/wp-content\/uploads\/2021\/10\/MARCEL-DE-VAN-featuring-Anna-Jones-I-Wanna-Run-Away-300x300.jpg\" alt=\"\" width=\"300\" height=\"300\" srcset=\"https:\/\/bergers-schlagerparadies.de\/wp-content\/uploads\/2021\/10\/MARCEL-DE-VAN-featuring-Anna-Jones-I-Wanna-Run-Away-300x300.jpg 300w, https:\/\/bergers-schlagerparadies.de\/wp-content\/uploads\/2021\/10\/MARCEL-DE-VAN-featuring-Anna-Jones-I-Wanna-Run-Away-1024x1024.jpg 1024w, https:\/\/bergers-schlagerparadies.de\/wp-content\/uploads\/2021\/10\/MARCEL-DE-VAN-featuring-Anna-Jones-I-Wanna-Run-Away-150x150.jpg 150w, https:\/\/bergers-schlagerparadies.de\/wp-content\/uploads\/2021\/10\/MARCEL-DE-VAN-featuring-Anna-Jones-I-Wanna-Run-Away-768x768.jpg 768w, https:\/\/bergers-schlagerparadies.de\/wp-content\/uploads\/2021\/10\/MARCEL-DE-VAN-featuring-Anna-Jones-I-Wanna-Run-Away-1536x1536.jpg 1536w, https:\/\/bergers-schlagerparadies.de\/wp-content\/uploads\/2021\/10\/MARCEL-DE-VAN-featuring-Anna-Jones-I-Wanna-Run-Away-2048x2048.jpg 2048w, https:\/\/bergers-schlagerparadies.de\/wp-content\/uploads\/2021\/10\/MARCEL-DE-VAN-featuring-Anna-Jones-I-Wanna-Run-Away-1200x1200.jpg 1200w, https:\/\/bergers-schlagerparadies.de\/wp-content\/uploads\/2021\/10\/MARCEL-DE-VAN-featuring-Anna-Jones-I-Wanna-Run-Away-1188x1188.jpg 1188w, https:\/\/bergers-schlagerparadies.de\/wp-content\/uploads\/2021\/10\/MARCEL-DE-VAN-featuring-Anna-Jones-I-Wanna-Run-Away-100x100.jpg 100w\" sizes=\"auto, (max-width: 300px) 100vw, 300px\" \/>Am 22.10.21 erscheint unsere neue Single!<\/div>\n<\/div>\n<div class=\"o9v6fnle cxmmr5t8 oygrvhab hcukyx3x c1et5uql ii04i59q\">\n<div dir=\"auto\">\u201eMarcelDeVan feat. Anna Jones &#8211; ich will weglaufen&#8220;<\/div>\n<\/div>\n<div class=\"o9v6fnle cxmmr5t8 oygrvhab hcukyx3x c1et5uql ii04i59q\">\n<div dir=\"auto\">Das Offizielle Musikvideo hat ebenfalls am 22.10.21 um 18 Uhr (MEZ) Weltpremiere.<\/div>\n<\/div>\n<div class=\"o9v6fnle cxmmr5t8 oygrvhab hcukyx3x c1et5uql ii04i59q\">\n<div dir=\"auto\">\u2117 tkbz media \/ Universal Music Deutschland 2021<\/div>\n<div dir=\"auto\">\u00a9 tkbz media \/ Universal Music Deutschland<\/div>\n<div dir=\"auto\">Herausgegeben bei Edition tokabeatz \/ Grand H Music Publishing<\/div>\n<\/div>\n<div class=\"o9v6fnle cxmmr5t8 oygrvhab hcukyx3x c1et5uql ii04i59q\">\n<div dir=\"auto\"><\/div>\n<\/div>\n<div class=\"o9v6fnle cxmmr5t8 oygrvhab hcukyx3x c1et5uql ii04i59q\">\n<div dir=\"auto\">Mittlerweile ist es das vierte Lied von Marcel De Van und Anna Jones seit ihrer ersten Ver\u00f6ffentlichung namens &#8222;In my dreams&#8220; im Jahr 2016. Beide sind bekannte und erfolgreiche Produzenten und Songwriter in Deutschland. Ihre Songs und Produktionen sind in mehrere Hitlisten und Charts eingestiegen. MarcelDeVan ist bekannt f\u00fcr seinen beliebten You Tube-Kanal mit \u00fcber 3 Millionen Plays. Dort ver\u00f6ffentlicht er fast jede Woche neue Songs und Mixe. Marcel und Anna planen, 2022 ihr erstes Album mit neuen Tracks und Remixen zu ver\u00f6ffentlichen.<\/div>\n<div dir=\"auto\"><\/div>\n<div dir=\"auto\"><strong>Dieser Song ist ab dem 22.10.2021 in allen bekannten Onlineshops erh\u00e4ltlich!<\/strong><\/div>\n<\/div>\n","protected":false},"excerpt":{"rendered":"<p>Am 22.10.21 erscheint unsere neue Single! \u201eMarcelDeVan feat. Anna Jones &#8211; ich will weglaufen&#8220; Das Offizielle Musikvideo hat ebenfalls am 22.10.21 um 18 Uhr (MEZ) Weltpremiere. \u2117 tkbz media \/ Universal Music Deutschland 2021 \u00a9 tkbz media \/ Universal Music Deutschland Herausgegeben bei Edition tokabeatz \/ Grand H Music Publishing Mittlerweile ist es das vierte Lied von Marcel De Van und Anna Jones seit ihrer ersten Ver\u00f6ffentlichung namens &#8222;In my dreams&#8220; im Jahr 2016. Beide sind bekannte und erfolgreiche Produzenten und Songwriter in Deutschland. Ihre Songs und Produktionen sind in mehrere Hitlisten und Charts eingestiegen. MarcelDeVan ist bekannt f\u00fcr seinen beliebten You Tube-Kanal mit \u00fcber&#8230;<\/p>\n","protected":false},"author":1,"featured_media":6978,"comment_status":"open","ping_status":"open","sticky":false,"template":"","format":"standard","meta":{"footnotes":""},"categories":[2],"tags":[895],"class_list":["post-6977","post","type-post","status-publish","format-standard","has-post-thumbnail","hentry","category-schlager","tag-marcel-de-van-featuring-anna-jones","wpcat-2-id"],"_links":{"self":[{"href":"https:\/\/bergers-schlagerparadies.de\/index.php?rest_route=\/wp\/v2\/posts\/6977","targetHints":{"allow":["GET"]}}],"collection":[{"href":"https:\/\/bergers-schlagerparadies.de\/index.php?rest_route=\/wp\/v2\/posts"}],"about":[{"href":"https:\/\/bergers-schlagerparadies.de\/index.php?rest_route=\/wp\/v2\/types\/post"}],"author":[{"embeddable":true,"href":"https:\/\/bergers-schlagerparadies.de\/index.php?rest_route=\/wp\/v2\/users\/1"}],"replies":[{"embeddable":true,"href":"https:\/\/bergers-schlagerparadies.de\/index.php?rest_route=%2Fwp%2Fv2%2Fcomments&post=6977"}],"version-history":[{"count":1,"href":"https:\/\/bergers-schlagerparadies.de\/index.php?rest_route=\/wp\/v2\/posts\/6977\/revisions"}],"predecessor-version":[{"id":6980,"href":"https:\/\/bergers-schlagerparadies.de\/index.php?rest_route=\/wp\/v2\/posts\/6977\/revisions\/6980"}],"wp:featuredmedia":[{"embeddable":true,"href":"https:\/\/bergers-schlagerparadies.de\/index.php?rest_route=\/wp\/v2\/media\/6978"}],"wp:attachment":[{"href":"https:\/\/bergers-schlagerparadies.de\/index.php?rest_route=%2Fwp%2Fv2%2Fmedia&parent=6977"}],"wp:term":[{"taxonomy":"category","embeddable":true,"href":"https:\/\/bergers-schlagerparadies.de\/index.php?rest_route=%2Fwp%2Fv2%2Fcategories&post=6977"},{"taxonomy":"post_tag","embeddable":true,"href":"https:\/\/bergers-schlagerparadies.de\/index.php?rest_route=%2Fwp%2Fv2%2Ftags&post=6977"}],"curies":[{"name":"wp","href":"https:\/\/api.w.org\/{rel}","templated":true}]}}