{"id":6971,"date":"2021-10-19T18:15:51","date_gmt":"2021-10-19T16:15:51","guid":{"rendered":"http:\/\/bergers-schlagerparadies.de\/?p=6971"},"modified":"2021-10-19T18:15:51","modified_gmt":"2021-10-19T16:15:51","slug":"alex-engel-bianca-ich-fuehl-mich-wie-im-himmel-%c2%b7-bergers-schlagerparadies","status":"publish","type":"post","link":"https:\/\/bergers-schlagerparadies.de\/?p=6971","title":{"rendered":"Alex Engel &#038; Bianca &#8211; Ich f\u00fchl mich wie im Himmel \u00b7 Berger\u00b4s Schlagerparadies"},"content":{"rendered":"<p><img loading=\"lazy\" decoding=\"async\" class=\"size-medium wp-image-6972 alignleft\" src=\"https:\/\/bergers-schlagerparadies.de\/wp-content\/uploads\/2021\/10\/Alex-Engel-Bianca-Ich-fuehl-mich-wie-im-Himmel-300x300.jpg\" alt=\"\" width=\"300\" height=\"300\" srcset=\"https:\/\/bergers-schlagerparadies.de\/wp-content\/uploads\/2021\/10\/Alex-Engel-Bianca-Ich-fuehl-mich-wie-im-Himmel-300x300.jpg 300w, https:\/\/bergers-schlagerparadies.de\/wp-content\/uploads\/2021\/10\/Alex-Engel-Bianca-Ich-fuehl-mich-wie-im-Himmel-1024x1024.jpg 1024w, https:\/\/bergers-schlagerparadies.de\/wp-content\/uploads\/2021\/10\/Alex-Engel-Bianca-Ich-fuehl-mich-wie-im-Himmel-150x150.jpg 150w, https:\/\/bergers-schlagerparadies.de\/wp-content\/uploads\/2021\/10\/Alex-Engel-Bianca-Ich-fuehl-mich-wie-im-Himmel-768x768.jpg 768w, https:\/\/bergers-schlagerparadies.de\/wp-content\/uploads\/2021\/10\/Alex-Engel-Bianca-Ich-fuehl-mich-wie-im-Himmel.jpg 1200w, https:\/\/bergers-schlagerparadies.de\/wp-content\/uploads\/2021\/10\/Alex-Engel-Bianca-Ich-fuehl-mich-wie-im-Himmel-1188x1188.jpg 1188w, https:\/\/bergers-schlagerparadies.de\/wp-content\/uploads\/2021\/10\/Alex-Engel-Bianca-Ich-fuehl-mich-wie-im-Himmel-100x100.jpg 100w\" sizes=\"auto, (max-width: 300px) 100vw, 300px\" \/>Alex Engel &amp; Bianca f\u00fchlen sich wie im Himmel<\/p>\n<p>Nichts ist sch\u00f6ner, als wieder mit jemandem vereint zu sein, den man vermisst hat. Darin sind sich S\u00e4nger Alex Engel und Newcomerin Bianca einig. Ab dem 22. Oktober 2021 bringen sie das Gef\u00fchl dieses magischen Moments auf den Punkt: \u201eIch f\u00fchl\u2018 mich wie im Himmel\u201c.<\/p>\n<p>&nbsp;<\/p>\n<p>&nbsp;<\/p>\n<p>&nbsp;<\/p>\n<p>&nbsp;<\/p>\n<p><strong>Dieser Song ist ab dem 22.10.2021 in allen bekannten Onlineshops erh\u00e4ltlich!<\/strong><\/p>\n<p><iframe style=\"width: 120px; height: 240px;\" src=\"\/\/ws-eu.amazon-adsystem.com\/widgets\/q?ServiceVersion=20070822&amp;OneJS=1&amp;Operation=GetAdHtml&amp;MarketPlace=DE&amp;source=ss&amp;ref=as_ss_li_til&amp;ad_type=product_link&amp;tracking_id=bergers-21&amp;language=de_DE&amp;marketplace=amazon&amp;region=DE&amp;placement=B09HSFDL5V&amp;asins=B09HSFDL5V&amp;linkId=a8a761769b872c1dba9b8234099cb462&amp;show_border=true&amp;link_opens_in_new_window=true\" frameborder=\"0\" marginwidth=\"0\" marginheight=\"0\" scrolling=\"no\"><\/iframe><\/p>\n","protected":false},"excerpt":{"rendered":"<p>Alex Engel &amp; Bianca f\u00fchlen sich wie im Himmel Nichts ist sch\u00f6ner, als wieder mit jemandem vereint zu sein, den man vermisst hat. Darin sind sich S\u00e4nger Alex Engel und Newcomerin Bianca einig. Ab dem 22. Oktober 2021 bringen sie das Gef\u00fchl dieses magischen Moments auf den Punkt: \u201eIch f\u00fchl\u2018 mich wie im Himmel\u201c. &nbsp; &nbsp; &nbsp; &nbsp; Dieser Song ist ab dem 22.10.2021 in allen bekannten Onlineshops erh\u00e4ltlich!<\/p>\n","protected":false},"author":1,"featured_media":6972,"comment_status":"open","ping_status":"open","sticky":false,"template":"","format":"standard","meta":{"footnotes":""},"categories":[2],"tags":[893],"class_list":["post-6971","post","type-post","status-publish","format-standard","has-post-thumbnail","hentry","category-schlager","tag-alex-engel-bianca","wpcat-2-id"],"_links":{"self":[{"href":"https:\/\/bergers-schlagerparadies.de\/index.php?rest_route=\/wp\/v2\/posts\/6971","targetHints":{"allow":["GET"]}}],"collection":[{"href":"https:\/\/bergers-schlagerparadies.de\/index.php?rest_route=\/wp\/v2\/posts"}],"about":[{"href":"https:\/\/bergers-schlagerparadies.de\/index.php?rest_route=\/wp\/v2\/types\/post"}],"author":[{"embeddable":true,"href":"https:\/\/bergers-schlagerparadies.de\/index.php?rest_route=\/wp\/v2\/users\/1"}],"replies":[{"embeddable":true,"href":"https:\/\/bergers-schlagerparadies.de\/index.php?rest_route=%2Fwp%2Fv2%2Fcomments&post=6971"}],"version-history":[{"count":1,"href":"https:\/\/bergers-schlagerparadies.de\/index.php?rest_route=\/wp\/v2\/posts\/6971\/revisions"}],"predecessor-version":[{"id":6973,"href":"https:\/\/bergers-schlagerparadies.de\/index.php?rest_route=\/wp\/v2\/posts\/6971\/revisions\/6973"}],"wp:featuredmedia":[{"embeddable":true,"href":"https:\/\/bergers-schlagerparadies.de\/index.php?rest_route=\/wp\/v2\/media\/6972"}],"wp:attachment":[{"href":"https:\/\/bergers-schlagerparadies.de\/index.php?rest_route=%2Fwp%2Fv2%2Fmedia&parent=6971"}],"wp:term":[{"taxonomy":"category","embeddable":true,"href":"https:\/\/bergers-schlagerparadies.de\/index.php?rest_route=%2Fwp%2Fv2%2Fcategories&post=6971"},{"taxonomy":"post_tag","embeddable":true,"href":"https:\/\/bergers-schlagerparadies.de\/index.php?rest_route=%2Fwp%2Fv2%2Ftags&post=6971"}],"curies":[{"name":"wp","href":"https:\/\/api.w.org\/{rel}","templated":true}]}}