{"id":6788,"date":"2021-10-14T12:42:44","date_gmt":"2021-10-14T10:42:44","guid":{"rendered":"http:\/\/bergers-schlagerparadies.de\/?p=6788"},"modified":"2021-10-14T12:42:44","modified_gmt":"2021-10-14T10:42:44","slug":"patrick-lindner-hat-dir-jemand-schon-gesagt-%c2%b7-bergers-schlagerparadies","status":"publish","type":"post","link":"https:\/\/bergers-schlagerparadies.de\/?p=6788","title":{"rendered":"Patrick Lindner &#8211; Hat Dir jemand schon gesagt \u00b7 Berger\u00b4s Schlagerparadies"},"content":{"rendered":"<div class=\"o9v6fnle cxmmr5t8 oygrvhab hcukyx3x c1et5uql ii04i59q\">\n<div dir=\"auto\"><img loading=\"lazy\" decoding=\"async\" class=\"size-medium wp-image-6789 alignleft\" src=\"https:\/\/bergers-schlagerparadies.de\/wp-content\/uploads\/2021\/10\/Patrick-Lindner-Hat-Dir-jemand-schon-gesagt-300x300.jpg\" alt=\"\" width=\"300\" height=\"300\" srcset=\"https:\/\/bergers-schlagerparadies.de\/wp-content\/uploads\/2021\/10\/Patrick-Lindner-Hat-Dir-jemand-schon-gesagt-300x300.jpg 300w, https:\/\/bergers-schlagerparadies.de\/wp-content\/uploads\/2021\/10\/Patrick-Lindner-Hat-Dir-jemand-schon-gesagt.jpg 1024w, https:\/\/bergers-schlagerparadies.de\/wp-content\/uploads\/2021\/10\/Patrick-Lindner-Hat-Dir-jemand-schon-gesagt-150x150.jpg 150w, https:\/\/bergers-schlagerparadies.de\/wp-content\/uploads\/2021\/10\/Patrick-Lindner-Hat-Dir-jemand-schon-gesagt-768x768.jpg 768w, https:\/\/bergers-schlagerparadies.de\/wp-content\/uploads\/2021\/10\/Patrick-Lindner-Hat-Dir-jemand-schon-gesagt-100x100.jpg 100w\" sizes=\"auto, (max-width: 300px) 100vw, 300px\" \/>Patrick Lindner hat in den vergangenen Jahrzehnten immer wieder neue Facetten in seine Musik eingebracht, er hat sich wiederholt neu erfunden und dabei wieder und wieder neue Schwerpunkte gesetzt. Dieser Tage geht es dem sympathischen M\u00fcnchener ganz klar um bedeutsame Botschaften und Songs, die den Zusammenhalt f\u00f6rdern, indem sie wichtige Inhalte transportieren: Lindners neueste Single \u201eHat Dir jemand schon gesagt\u201c, ein vertontes Dankesch\u00f6n an seine Mitmenschen, erscheint am 15. Oktober 2021 bei TELAMO.<\/div>\n<\/div>\n<div class=\"o9v6fnle cxmmr5t8 oygrvhab hcukyx3x c1et5uql ii04i59q\">\n<div dir=\"auto\">\u201eDu bis immer f\u00fcr mich da\/fragst nicht wann, warum, wieso\u201c, beginnt die neue Single, die diese Dankbarkeit und dieses Hochgef\u00fchl auch musikalisch sofort zum Ausdruck bringt \u2013 daf\u00fcr sorgt das hochfliegende Arrangement aus der Feder von Paul Falk, Tim Peters und Alexander Scholz. Im Text artikuliert der S\u00e4nger dann, was er schon l\u00e4ngst mal loswerden wollte: Er sagt aufrichtig Danke \u2013 f\u00fcr selbstloses Handeln, f\u00fcrs Helfen, f\u00fcr gemeinn\u00fctzige Taten und Herzen aus Gold, die er darin erkennt; dazu unterstreicht er, wie wichtig Respekt, Lob und Anerkennung sind im menschlichen Miteinander \u2013 \u201ehat Dir jemand schon gesagt, dass Du was ganz Besonderes bist?!\u201c<\/div>\n<\/div>\n<div class=\"o9v6fnle cxmmr5t8 oygrvhab hcukyx3x c1et5uql ii04i59q\">\n<div dir=\"auto\">W\u00e4hrend die Single \u201eHat Dir jemand schon gesagt\u201c auf so ziemlich jede zwischenmenschliche Konstellation und jede Form des Miteinander passt, schwingt besonders in der zweiten Strophe auch ein gro\u00dfes Dankesch\u00f6n f\u00fcr diejenigen mit, die sich beruflich rund um die Uhr um andere Menschen k\u00fcmmern, Pflegerinnen und Pfleger etwa, wenn es hei\u00dft: \u201eWenn die anderen schlafen gehen, dann beginnt f\u00fcr Dich der Tag\u2026\u201c Noch einen Schritt weiter geht Patrick Lindner \u00fcbrigens als prominenter Gast der neuen SAT.1-Reportagereihe \u201eDie Herzblut-Aufgabe\u201c, wo er unter dem Motto \u201ePromis in der Pflege\u201c selbst im Krankenhaus mit anpackt und im Verlauf der Show von seinen Erfahrungen berichtet.<\/div>\n<\/div>\n<div class=\"o9v6fnle cxmmr5t8 oygrvhab hcukyx3x c1et5uql ii04i59q\">\n<div dir=\"auto\">Seit \u00fcber 30 Jahren ist <span class=\"nc684nl6\">Patrick Lindner<\/span> nun schon eine feste Gr\u00f6\u00dfe in der deutschsprachigen Musiklandschaft: Von Volksmusik zu Schlager, von Schlager zu Popschlager, erfand sich der seit 1989 erfolgreiche S\u00e4nger immer wieder neu und gewann so bereits 3x Platin und 6x Gold, flankiert von f\u00fcnf Goldenen Stimmgabeln, vier #1-Titeln bei der ZDF Hitparade und einem Bambi. Gefeiert als Musiker, kennt man den M\u00fcnchner zudem als Koch, als Moderator, der auf mehrere Dutzend eigene Shows f\u00fcr ZDF und ARD zur\u00fcckblicken kann (u.a. \u201eSo ein Tag mit guten Freunden\u201c, \u201ePatrick Lindner pers\u00f6nlich\u201c, \u201ePatrick Lindner Show\u201c), sowie als Primetime-Schauspieler (u. a. \u201eTraumschiff\u201c, \u201eSOKO\u201c) und Operetten-Star (\u201eIm Wei\u00dfen R\u00f6ssl\u201c, 2015). Selbst die Top-40-Platzierung des 2018 ver\u00f6ffentlichten \u201eLeb dein Leben\u201c-Albums \u00fcbertraf er im Jahr drauf, als die Jubil\u00e4ums-LP \u201eIch feier\u2019 die Zeit\u201c nicht nur auf Platz 27 in die deutschen Charts einstieg, sondern obendrein sogar die Top-5 der Schlager-Bestenlisten aufmischte. Die vorab ver\u00f6ffentlichte Single \u201eWeil du mich liebst\u201c war parallel dazu bis auf Platz #1 der Konservativ-Pop-Airplay-Charts geklettert. Zuletzt hatte Lindner im September 2020 die erweiterte Jubil\u00e4ums-Edition von \u201eIch feier\u2019 die Zeit\u201c vorgelegt.<\/div>\n<div dir=\"auto\"><\/div>\n<\/div>\n<div class=\"o9v6fnle cxmmr5t8 oygrvhab hcukyx3x c1et5uql ii04i59q\">\n<div dir=\"auto\"><strong>Die neue Single \u201eHat Dir jemand schon gesagt\u201c erscheint am 15. Oktober 2021 bei TELAMO.<\/strong><\/div>\n<\/div>\n","protected":false},"excerpt":{"rendered":"<p>Patrick Lindner hat in den vergangenen Jahrzehnten immer wieder neue Facetten in seine Musik eingebracht, er hat sich wiederholt neu erfunden und dabei wieder und wieder neue Schwerpunkte gesetzt. Dieser Tage geht es dem sympathischen M\u00fcnchener ganz klar um bedeutsame Botschaften und Songs, die den Zusammenhalt f\u00f6rdern, indem sie wichtige Inhalte transportieren: Lindners neueste Single \u201eHat Dir jemand schon gesagt\u201c, ein vertontes Dankesch\u00f6n an seine Mitmenschen, erscheint am 15. Oktober 2021 bei TELAMO. \u201eDu bis immer f\u00fcr mich da\/fragst nicht wann, warum, wieso\u201c, beginnt die neue Single, die diese Dankbarkeit und dieses Hochgef\u00fchl auch musikalisch sofort zum Ausdruck bringt \u2013 daf\u00fcr sorgt das hochfliegende Arrangement&#8230;<\/p>\n","protected":false},"author":1,"featured_media":6789,"comment_status":"open","ping_status":"open","sticky":false,"template":"","format":"standard","meta":{"footnotes":""},"categories":[2],"tags":[869],"class_list":["post-6788","post","type-post","status-publish","format-standard","has-post-thumbnail","hentry","category-schlager","tag-patrick-lindner","wpcat-2-id"],"_links":{"self":[{"href":"https:\/\/bergers-schlagerparadies.de\/index.php?rest_route=\/wp\/v2\/posts\/6788","targetHints":{"allow":["GET"]}}],"collection":[{"href":"https:\/\/bergers-schlagerparadies.de\/index.php?rest_route=\/wp\/v2\/posts"}],"about":[{"href":"https:\/\/bergers-schlagerparadies.de\/index.php?rest_route=\/wp\/v2\/types\/post"}],"author":[{"embeddable":true,"href":"https:\/\/bergers-schlagerparadies.de\/index.php?rest_route=\/wp\/v2\/users\/1"}],"replies":[{"embeddable":true,"href":"https:\/\/bergers-schlagerparadies.de\/index.php?rest_route=%2Fwp%2Fv2%2Fcomments&post=6788"}],"version-history":[{"count":1,"href":"https:\/\/bergers-schlagerparadies.de\/index.php?rest_route=\/wp\/v2\/posts\/6788\/revisions"}],"predecessor-version":[{"id":6790,"href":"https:\/\/bergers-schlagerparadies.de\/index.php?rest_route=\/wp\/v2\/posts\/6788\/revisions\/6790"}],"wp:featuredmedia":[{"embeddable":true,"href":"https:\/\/bergers-schlagerparadies.de\/index.php?rest_route=\/wp\/v2\/media\/6789"}],"wp:attachment":[{"href":"https:\/\/bergers-schlagerparadies.de\/index.php?rest_route=%2Fwp%2Fv2%2Fmedia&parent=6788"}],"wp:term":[{"taxonomy":"category","embeddable":true,"href":"https:\/\/bergers-schlagerparadies.de\/index.php?rest_route=%2Fwp%2Fv2%2Fcategories&post=6788"},{"taxonomy":"post_tag","embeddable":true,"href":"https:\/\/bergers-schlagerparadies.de\/index.php?rest_route=%2Fwp%2Fv2%2Ftags&post=6788"}],"curies":[{"name":"wp","href":"https:\/\/api.w.org\/{rel}","templated":true}]}}