{"id":6676,"date":"2021-10-08T11:41:35","date_gmt":"2021-10-08T09:41:35","guid":{"rendered":"http:\/\/bergers-schlagerparadies.de\/?p=6676"},"modified":"2021-10-08T11:41:35","modified_gmt":"2021-10-08T09:41:35","slug":"frank-lars-der-wundervollste-mensch-%c2%b7-bergers-schlagerparadies","status":"publish","type":"post","link":"https:\/\/bergers-schlagerparadies.de\/?p=6676","title":{"rendered":"Frank Lars &#8211; Der wundervollste Mensch \u00b7 Berger\u00b4s Schlagerparadies"},"content":{"rendered":"<p><img loading=\"lazy\" decoding=\"async\" class=\"size-medium wp-image-6677 alignleft\" src=\"https:\/\/bergers-schlagerparadies.de\/wp-content\/uploads\/2021\/10\/Frank-Lars-Der-wundervollste-Mensch-300x300.jpg\" alt=\"\" width=\"300\" height=\"300\" srcset=\"https:\/\/bergers-schlagerparadies.de\/wp-content\/uploads\/2021\/10\/Frank-Lars-Der-wundervollste-Mensch-300x300.jpg 300w, https:\/\/bergers-schlagerparadies.de\/wp-content\/uploads\/2021\/10\/Frank-Lars-Der-wundervollste-Mensch-1024x1024.jpg 1024w, https:\/\/bergers-schlagerparadies.de\/wp-content\/uploads\/2021\/10\/Frank-Lars-Der-wundervollste-Mensch-150x150.jpg 150w, https:\/\/bergers-schlagerparadies.de\/wp-content\/uploads\/2021\/10\/Frank-Lars-Der-wundervollste-Mensch-768x768.jpg 768w, https:\/\/bergers-schlagerparadies.de\/wp-content\/uploads\/2021\/10\/Frank-Lars-Der-wundervollste-Mensch-1200x1200.jpg 1200w, https:\/\/bergers-schlagerparadies.de\/wp-content\/uploads\/2021\/10\/Frank-Lars-Der-wundervollste-Mensch-1188x1188.jpg 1188w, https:\/\/bergers-schlagerparadies.de\/wp-content\/uploads\/2021\/10\/Frank-Lars-Der-wundervollste-Mensch-100x100.jpg 100w, https:\/\/bergers-schlagerparadies.de\/wp-content\/uploads\/2021\/10\/Frank-Lars-Der-wundervollste-Mensch.jpg 1440w\" sizes=\"auto, (max-width: 300px) 100vw, 300px\" \/>Was f\u00fcr ein Comeback! Was f\u00fcr ein Start in den Herbst! Mit seinem neuen Album \u201eAuf Liebe gesetzt\u201c konnte sich FRANK LARS Anfang September von Null auf Platz 27 der Deutschen Albumcharts sowie Platz 5 der Deutschen Schlagercharts platzieren. Doch ein noch gr\u00f6\u00dferes Gl\u00fcck erlebte er im Privaten: Ende des Monats gaben sich Frank und seine Lebensgef\u00e4hrtin Petra das Ja-Wort. F\u00fcr sie hat er auch den Titel DER WUNDERVOLLSTE MENSCH geschrieben, der nun in die Radios kommt.<\/p>\n<p>\u201eEs hat 25 Jahre gebraucht, um das so zu erleben.\u201c, so Frank Lars \u00fcber seine Platzierung in den Hitparaden. \u201eAls Songschreiber f\u00fcr andere K\u00fcnstler habe ich mich schon mehrmals \u00fcber tolle Chartpositionen freuen d\u00fcrfen &#8211; aber als S\u00e4nger nach zehn Jahren Pause direkt auf Platz 27 zu charten, ist unbeschreiblich sch\u00f6n!\u201c<\/p>\n<p>Noch sch\u00f6ner ist wohl nur die Liebe, weswegen sich der Wahl-Wuppertaler jetzt auch \u201egetraut\u201c hat\u2026 \u201ePetra ist meine gro\u00dfe Liebe. Wir genie\u00dfen das Leben gemeinsam. Sie unterst\u00fctzt mich als S\u00e4nger, als Musikproduzent, als Songschreiber. Auch privat steht sie voll hinter mir. Das tut mir unheimlich gut und nat\u00fcrlich befl\u00fcgelt mich das extrem, sch\u00f6ne Musik zu schreiben und zu singen. Wir f\u00fchlen eine Verbundenheit, eine Vertrautheit, kennen keine Langeweile, alles ist ohne Druck und keiner muss.\u201c<\/p>\n<p>Deswegen stand f\u00fcr Frank auch au\u00dfer Frage, dass seine Petra im Video zu seiner neuen Single \u201eDer wundervollste Mensch\u201c dabei sein muss \u2013 schlie\u00dflich ist der Song ihr gewidmet.<\/p>\n<p>Wie fast alle seine Lieder, stammt \u201eDer wundervollste Mensch\u201c zu 100% aus der Feder von Frank Lars. Dass er ein unglaubliches Gesp\u00fcr f\u00fcr Hits und ein au\u00dfergew\u00f6hnliches Talent f\u00fcr Melodien und Texte hat, wurde sp\u00e4testens 2010 klar, denn in diesem Jahr erhielt er goldene Schallplatten, Platin-Auszeichnungen und den Deutschen Musikpreis Echo. Der Grund: Frank schrieb den bis heute erfolgreichsten Song des Schlager-Duos Die Amigos: \u201eWei\u00dft Du was Du f\u00fcr mich bist?\u201c. Viele weitere Hits sollten folgen, u.a. f\u00fcr K\u00fcnstler wie J\u00fcrgen Drews, Olaf der Flipper, Daniela Alfinito, Die Grubertaler oder Christian Anders.<\/p>\n<p>Auf seinem neuen Album \u201eAuf Liebe gesetzt\u201c, welches am 03.09.2021 als Doppel-CD und als 4-CD Box erschienen ist, sind, neben den neuen Songs, erstmals alle seine gro\u00dfen Erfolge als S\u00e4nger und auch als Songwriter versammelt.<\/p>\n<p>&nbsp;<\/p>\n<p>Mehr Informationen zum Album \u201eAuf Liebe gesetzt \u2013 Meine gr\u00f6\u00dften Erfolge und neue Hits\u201c \u2013 inkl. Video zur aktuellen Single \u201eDer wundervollste Mensch\u201c \u2013 von Frank Lars finden Sie unter dem Preview-Link:<br \/>\nFrank Lars \u2013 Auf Liebe gesetzt \u2013 Meine gr\u00f6\u00dften Erfolge \u2013 TELAMO (b2b-telamo.de)<\/p>\n<p>Kontakt Telamo: presse@telamo.de<br \/>\nKontakt K\u00fcnstler &amp; PR: dagmarambach@textour-agentur.com (Agentur TexTour, Dagmar Ambach)<br \/>\ndimitrov@x-and-i.com (X&amp;I Entertainment, Alexander Dimitrov)<\/p>\n<p>K\u00fcnstler-Website: www.frank-lars.net<br \/>\nFacebook: https:\/\/www.facebook.com\/musikfranklars<br \/>\nInstagram: https:\/\/www.instagram.com\/frank.lars.offiziell\/<\/p>\n<p><strong>Dieser Song ist ab dem 08.10.2021 in allen bekannten Onlineshops erh\u00e4ltlich!<\/strong><\/p>\n","protected":false},"excerpt":{"rendered":"<p>Was f\u00fcr ein Comeback! Was f\u00fcr ein Start in den Herbst! Mit seinem neuen Album \u201eAuf Liebe gesetzt\u201c konnte sich FRANK LARS Anfang September von Null auf Platz 27 der Deutschen Albumcharts sowie Platz 5 der Deutschen Schlagercharts platzieren. Doch ein noch gr\u00f6\u00dferes Gl\u00fcck erlebte er im Privaten: Ende des Monats gaben sich Frank und seine Lebensgef\u00e4hrtin Petra das Ja-Wort. F\u00fcr sie hat er auch den Titel DER WUNDERVOLLSTE MENSCH geschrieben, der nun in die Radios kommt. \u201eEs hat 25 Jahre gebraucht, um das so zu erleben.\u201c, so Frank Lars \u00fcber seine Platzierung in den Hitparaden. \u201eAls Songschreiber f\u00fcr andere K\u00fcnstler habe ich mich schon&#8230;<\/p>\n","protected":false},"author":1,"featured_media":6677,"comment_status":"open","ping_status":"open","sticky":false,"template":"","format":"standard","meta":{"footnotes":""},"categories":[2],"tags":[511],"class_list":["post-6676","post","type-post","status-publish","format-standard","has-post-thumbnail","hentry","category-schlager","tag-frank-lars","wpcat-2-id"],"_links":{"self":[{"href":"https:\/\/bergers-schlagerparadies.de\/index.php?rest_route=\/wp\/v2\/posts\/6676","targetHints":{"allow":["GET"]}}],"collection":[{"href":"https:\/\/bergers-schlagerparadies.de\/index.php?rest_route=\/wp\/v2\/posts"}],"about":[{"href":"https:\/\/bergers-schlagerparadies.de\/index.php?rest_route=\/wp\/v2\/types\/post"}],"author":[{"embeddable":true,"href":"https:\/\/bergers-schlagerparadies.de\/index.php?rest_route=\/wp\/v2\/users\/1"}],"replies":[{"embeddable":true,"href":"https:\/\/bergers-schlagerparadies.de\/index.php?rest_route=%2Fwp%2Fv2%2Fcomments&post=6676"}],"version-history":[{"count":1,"href":"https:\/\/bergers-schlagerparadies.de\/index.php?rest_route=\/wp\/v2\/posts\/6676\/revisions"}],"predecessor-version":[{"id":6678,"href":"https:\/\/bergers-schlagerparadies.de\/index.php?rest_route=\/wp\/v2\/posts\/6676\/revisions\/6678"}],"wp:featuredmedia":[{"embeddable":true,"href":"https:\/\/bergers-schlagerparadies.de\/index.php?rest_route=\/wp\/v2\/media\/6677"}],"wp:attachment":[{"href":"https:\/\/bergers-schlagerparadies.de\/index.php?rest_route=%2Fwp%2Fv2%2Fmedia&parent=6676"}],"wp:term":[{"taxonomy":"category","embeddable":true,"href":"https:\/\/bergers-schlagerparadies.de\/index.php?rest_route=%2Fwp%2Fv2%2Fcategories&post=6676"},{"taxonomy":"post_tag","embeddable":true,"href":"https:\/\/bergers-schlagerparadies.de\/index.php?rest_route=%2Fwp%2Fv2%2Ftags&post=6676"}],"curies":[{"name":"wp","href":"https:\/\/api.w.org\/{rel}","templated":true}]}}