{"id":6626,"date":"2021-10-06T15:36:59","date_gmt":"2021-10-06T13:36:59","guid":{"rendered":"http:\/\/bergers-schlagerparadies.de\/?p=6626"},"modified":"2021-12-02T14:07:52","modified_gmt":"2021-12-02T13:07:52","slug":"klaus-p-ich-hab-mein-herz-im-flug-verloren-%c2%b7-bergers-schlagerparadies","status":"publish","type":"post","link":"https:\/\/bergers-schlagerparadies.de\/?p=6626","title":{"rendered":"Klaus P. \u2013 Ich hab mein Herz im Flug verloren \u00b7 Berger\u00b4s Schlagerparadies"},"content":{"rendered":"<p><img loading=\"lazy\" decoding=\"async\" class=\"size-medium wp-image-6627 alignleft\" src=\"https:\/\/bergers-schlagerparadies.de\/wp-content\/uploads\/2021\/10\/Klaus-P.-\u2013-Ich-hab-mein-Herz-im-Flug-verloren-300x300.jpg\" alt=\"\" width=\"300\" height=\"300\" srcset=\"https:\/\/bergers-schlagerparadies.de\/wp-content\/uploads\/2021\/10\/Klaus-P.-\u2013-Ich-hab-mein-Herz-im-Flug-verloren-300x300.jpg 300w, https:\/\/bergers-schlagerparadies.de\/wp-content\/uploads\/2021\/10\/Klaus-P.-\u2013-Ich-hab-mein-Herz-im-Flug-verloren-1024x1024.jpg 1024w, https:\/\/bergers-schlagerparadies.de\/wp-content\/uploads\/2021\/10\/Klaus-P.-\u2013-Ich-hab-mein-Herz-im-Flug-verloren-150x150.jpg 150w, https:\/\/bergers-schlagerparadies.de\/wp-content\/uploads\/2021\/10\/Klaus-P.-\u2013-Ich-hab-mein-Herz-im-Flug-verloren-768x768.jpg 768w, https:\/\/bergers-schlagerparadies.de\/wp-content\/uploads\/2021\/10\/Klaus-P.-\u2013-Ich-hab-mein-Herz-im-Flug-verloren-1536x1536.jpg 1536w, https:\/\/bergers-schlagerparadies.de\/wp-content\/uploads\/2021\/10\/Klaus-P.-\u2013-Ich-hab-mein-Herz-im-Flug-verloren-2048x2048.jpg 2048w, https:\/\/bergers-schlagerparadies.de\/wp-content\/uploads\/2021\/10\/Klaus-P.-\u2013-Ich-hab-mein-Herz-im-Flug-verloren-1200x1200.jpg 1200w, https:\/\/bergers-schlagerparadies.de\/wp-content\/uploads\/2021\/10\/Klaus-P.-\u2013-Ich-hab-mein-Herz-im-Flug-verloren-1188x1188.jpg 1188w, https:\/\/bergers-schlagerparadies.de\/wp-content\/uploads\/2021\/10\/Klaus-P.-\u2013-Ich-hab-mein-Herz-im-Flug-verloren-100x100.jpg 100w\" sizes=\"auto, (max-width: 300px) 100vw, 300px\" \/>Klaus P. meldet sich mit einem Ohrwurm der romantischen Art zur\u00fcck! Der Song \u201eIch hab mein Herz im Flug verloren\u201c packt den Schlagerfan vom ersten Augenblick und verbindet das Fernweh, das vielen vertraut ist, mit echtem Schlagerfeeling. Im Mittelpunkt steht eine Romanze auf dem Flug zur wundersch\u00f6nen Insel Gran Canaria, die vom Interpreten Klaus P. mit seiner samtweichen Stimme\u00a0 mit viel Gef\u00fchl pr\u00e4sentiert wird. Zum ersten Mal ist Klaus P. auch als Texter beteiligt und l\u00e4sst uns mit seinen Worten an seiner Gef\u00fchlswelt teilhaben. Wer die ganze Geschichte erfahren will, darf sich neben dem \u201eRadio Edit\u201c auch auf den \u201eFox Mix\u201c freuen, der mit kr\u00e4ftigem \u201eDruck auf die Ohren\u201c zum Tanzen einl\u00e4dt.<\/p>\n<p>Schon seit Mitte der 90er Jahre ist Klaus P. als Tanzmusiker in Hessen unterwegs. Seine Leidenschaft ist schon seit vielen Jahren der deutsche Schlager. Bereits im Jahr 2002 kam der Wunsch auf, neben Coverversionen auch eigene Schlagertitel zu ver\u00f6ffentlichen. Klaus` Motto: Gef\u00fchlvoller, gut tanzbarer und melodi\u00f6ser Pop-Schlager \u2013 Musik, die ins Ohr und in die Beine geht.<\/p>\n<p><span style=\"color: #800000;\"><strong>Dieser Song ist ab dem 08.10.2021 in allen bekannten Onlineshops erh\u00e4ltlich!<\/strong><\/span><\/p>\n<p><iframe style=\"width: 120px; height: 240px;\" src=\"\/\/ws-eu.amazon-adsystem.com\/widgets\/q?ServiceVersion=20070822&amp;OneJS=1&amp;Operation=GetAdHtml&amp;MarketPlace=DE&amp;source=ss&amp;ref=as_ss_li_til&amp;ad_type=product_link&amp;tracking_id=bergers-21&amp;language=de_DE&amp;marketplace=amazon&amp;region=DE&amp;placement=B09H334B6Y&amp;asins=B09H334B6Y&amp;linkId=9159962233330698d499807b2324d18d&amp;show_border=true&amp;link_opens_in_new_window=true\" frameborder=\"0\" marginwidth=\"0\" marginheight=\"0\" scrolling=\"no\"><\/iframe><\/p>\n","protected":false},"excerpt":{"rendered":"<p>Klaus P. meldet sich mit einem Ohrwurm der romantischen Art zur\u00fcck! Der Song \u201eIch hab mein Herz im Flug verloren\u201c packt den Schlagerfan vom ersten Augenblick und verbindet das Fernweh, das vielen vertraut ist, mit echtem Schlagerfeeling. Im Mittelpunkt steht eine Romanze auf dem Flug zur wundersch\u00f6nen Insel Gran Canaria, die vom Interpreten Klaus P. mit seiner samtweichen Stimme\u00a0 mit viel Gef\u00fchl pr\u00e4sentiert wird. Zum ersten Mal ist Klaus P. auch als Texter beteiligt und l\u00e4sst uns mit seinen Worten an seiner Gef\u00fchlswelt teilhaben. Wer die ganze Geschichte erfahren will, darf sich neben dem \u201eRadio Edit\u201c auch auf den \u201eFox Mix\u201c freuen, der mit kr\u00e4ftigem&#8230;<\/p>\n","protected":false},"author":1,"featured_media":6627,"comment_status":"open","ping_status":"open","sticky":false,"template":"","format":"standard","meta":{"footnotes":""},"categories":[2],"tags":[847],"class_list":["post-6626","post","type-post","status-publish","format-standard","has-post-thumbnail","hentry","category-schlager","tag-klaus-p","wpcat-2-id"],"_links":{"self":[{"href":"https:\/\/bergers-schlagerparadies.de\/index.php?rest_route=\/wp\/v2\/posts\/6626","targetHints":{"allow":["GET"]}}],"collection":[{"href":"https:\/\/bergers-schlagerparadies.de\/index.php?rest_route=\/wp\/v2\/posts"}],"about":[{"href":"https:\/\/bergers-schlagerparadies.de\/index.php?rest_route=\/wp\/v2\/types\/post"}],"author":[{"embeddable":true,"href":"https:\/\/bergers-schlagerparadies.de\/index.php?rest_route=\/wp\/v2\/users\/1"}],"replies":[{"embeddable":true,"href":"https:\/\/bergers-schlagerparadies.de\/index.php?rest_route=%2Fwp%2Fv2%2Fcomments&post=6626"}],"version-history":[{"count":2,"href":"https:\/\/bergers-schlagerparadies.de\/index.php?rest_route=\/wp\/v2\/posts\/6626\/revisions"}],"predecessor-version":[{"id":8056,"href":"https:\/\/bergers-schlagerparadies.de\/index.php?rest_route=\/wp\/v2\/posts\/6626\/revisions\/8056"}],"wp:featuredmedia":[{"embeddable":true,"href":"https:\/\/bergers-schlagerparadies.de\/index.php?rest_route=\/wp\/v2\/media\/6627"}],"wp:attachment":[{"href":"https:\/\/bergers-schlagerparadies.de\/index.php?rest_route=%2Fwp%2Fv2%2Fmedia&parent=6626"}],"wp:term":[{"taxonomy":"category","embeddable":true,"href":"https:\/\/bergers-schlagerparadies.de\/index.php?rest_route=%2Fwp%2Fv2%2Fcategories&post=6626"},{"taxonomy":"post_tag","embeddable":true,"href":"https:\/\/bergers-schlagerparadies.de\/index.php?rest_route=%2Fwp%2Fv2%2Ftags&post=6626"}],"curies":[{"name":"wp","href":"https:\/\/api.w.org\/{rel}","templated":true}]}}