{"id":6433,"date":"2021-10-11T10:30:05","date_gmt":"2021-10-11T08:30:05","guid":{"rendered":"http:\/\/bergers-schlagerparadies.de\/?p=6433"},"modified":"2021-09-29T08:17:20","modified_gmt":"2021-09-29T06:17:20","slug":"de-lancaster-ich-schenke-dir-fluegel-%c2%b7-bergers-schlagerparadies","status":"publish","type":"post","link":"https:\/\/bergers-schlagerparadies.de\/?p=6433","title":{"rendered":"DE LANCASTER &#8211; Ich schenke Dir Fl\u00fcgel \u00b7 Berger\u00b4s Schlagerparadies"},"content":{"rendered":"<div class=\"kvgmc6g5 cxmmr5t8 oygrvhab hcukyx3x c1et5uql ii04i59q\">\n<div dir=\"auto\"><img loading=\"lazy\" decoding=\"async\" class=\"size-medium wp-image-6434 alignleft\" src=\"https:\/\/bergers-schlagerparadies.de\/wp-content\/uploads\/2021\/09\/DE-LANCASTER-Ich-schenke-Dir-Fluegel-300x300.jpg\" alt=\"\" width=\"300\" height=\"300\" srcset=\"https:\/\/bergers-schlagerparadies.de\/wp-content\/uploads\/2021\/09\/DE-LANCASTER-Ich-schenke-Dir-Fluegel-300x300.jpg 300w, https:\/\/bergers-schlagerparadies.de\/wp-content\/uploads\/2021\/09\/DE-LANCASTER-Ich-schenke-Dir-Fluegel-150x150.jpg 150w, https:\/\/bergers-schlagerparadies.de\/wp-content\/uploads\/2021\/09\/DE-LANCASTER-Ich-schenke-Dir-Fluegel-768x768.jpg 768w, https:\/\/bergers-schlagerparadies.de\/wp-content\/uploads\/2021\/09\/DE-LANCASTER-Ich-schenke-Dir-Fluegel-100x100.jpg 100w, https:\/\/bergers-schlagerparadies.de\/wp-content\/uploads\/2021\/09\/DE-LANCASTER-Ich-schenke-Dir-Fluegel.jpg 843w\" sizes=\"auto, (max-width: 300px) 100vw, 300px\" \/>Es wird das f\u00fcr mich das emotionalste Lied von DE LANCASTER werden. Nur wer Texte wirklich h\u00f6rt , kann auch unsere Produktionen verstehen. F\u00fcr die einen ist es ein Lied &#8211; f\u00fcr mich ist es viel mehr \u2026.<\/div>\n<div dir=\"auto\">Unsere Single erscheint am 15.10. und das neue Album am 22.10.<\/div>\n<\/div>\n<div class=\"o9v6fnle cxmmr5t8 oygrvhab hcukyx3x c1et5uql ii04i59q\">\n<div dir=\"auto\">DE LANCASTER &#8211; Ich schenke Dir Fl\u00fcgel<\/div>\n<div dir=\"auto\">\u201eIch schenke Dir Fl\u00fcgel\u201c , diese Zeile des Refrains sagt alles aus . Es ist die Sehsucht , die Einsamkeit , die Erinnerung, es sind die Gedanken an einen ganz besonderen Menschen, die solch ein Geschenk erkl\u00e4ren .<\/div>\n<div dir=\"auto\">Die neue Single von DE LANCASTER erz\u00e4hlt genau diese Geschichte. \u201eUns ist es wichtig, mit jedem Song egal ob es ein Cover oder eigener Song ist, eine ganz pers\u00f6nlich erlebte Situation zu erz\u00e4hlen\u201c<\/div>\n<div dir=\"auto\">Auch dieser J\u00fcrgen Drews Song, ist eigentlich ein ganzes Buch in ein Lied verpackt . Leider blieb das Lied einfach nur ein Song im Jahre 1992 . Jedoch jetzt erz\u00e4hlen DE LANCASTER das Lied und dessen Geschichte noch einmal neu !<\/div>\n<\/div>\n<div class=\"o9v6fnle cxmmr5t8 oygrvhab hcukyx3x c1et5uql ii04i59q\">\n<div dir=\"auto\">Fertig machen zum Abflug in das Reich der Sehnsucht , W\u00fcnsche und Tr\u00e4ume ..<\/div>\n<div dir=\"auto\"><\/div>\n<div dir=\"auto\"><strong>Dieser Song ist ab dem 15.10.2021 in allen bekannten Onlineshops erh\u00e4ltlich!<\/strong><\/div>\n<\/div>\n<p><iframe style=\"width: 120px; height: 240px;\" src=\"\/\/ws-eu.amazon-adsystem.com\/widgets\/q?ServiceVersion=20070822&amp;OneJS=1&amp;Operation=GetAdHtml&amp;MarketPlace=DE&amp;source=ss&amp;ref=as_ss_li_til&amp;ad_type=product_link&amp;tracking_id=bergers-21&amp;language=de_DE&amp;marketplace=amazon&amp;region=DE&amp;placement=B09H9QQKQ8&amp;asins=B09H9QQKQ8&amp;linkId=23a27573eb82877b7630125228b4fa39&amp;show_border=true&amp;link_opens_in_new_window=true\" frameborder=\"0\" marginwidth=\"0\" marginheight=\"0\" scrolling=\"no\"><\/iframe><\/p>\n","protected":false},"excerpt":{"rendered":"<p>Es wird das f\u00fcr mich das emotionalste Lied von DE LANCASTER werden. Nur wer Texte wirklich h\u00f6rt , kann auch unsere Produktionen verstehen. F\u00fcr die einen ist es ein Lied &#8211; f\u00fcr mich ist es viel mehr \u2026. Unsere Single erscheint am 15.10. und das neue Album am 22.10. DE LANCASTER &#8211; Ich schenke Dir Fl\u00fcgel \u201eIch schenke Dir Fl\u00fcgel\u201c , diese Zeile des Refrains sagt alles aus . Es ist die Sehsucht , die Einsamkeit , die Erinnerung, es sind die Gedanken an einen ganz besonderen Menschen, die solch ein Geschenk erkl\u00e4ren . Die neue Single von DE LANCASTER erz\u00e4hlt genau diese Geschichte. \u201eUns&#8230;<\/p>\n","protected":false},"author":1,"featured_media":6434,"comment_status":"open","ping_status":"open","sticky":false,"template":"","format":"standard","meta":{"footnotes":""},"categories":[2],"tags":[518],"class_list":["post-6433","post","type-post","status-publish","format-standard","has-post-thumbnail","hentry","category-schlager","tag-de-lancaster","wpcat-2-id"],"_links":{"self":[{"href":"https:\/\/bergers-schlagerparadies.de\/index.php?rest_route=\/wp\/v2\/posts\/6433","targetHints":{"allow":["GET"]}}],"collection":[{"href":"https:\/\/bergers-schlagerparadies.de\/index.php?rest_route=\/wp\/v2\/posts"}],"about":[{"href":"https:\/\/bergers-schlagerparadies.de\/index.php?rest_route=\/wp\/v2\/types\/post"}],"author":[{"embeddable":true,"href":"https:\/\/bergers-schlagerparadies.de\/index.php?rest_route=\/wp\/v2\/users\/1"}],"replies":[{"embeddable":true,"href":"https:\/\/bergers-schlagerparadies.de\/index.php?rest_route=%2Fwp%2Fv2%2Fcomments&post=6433"}],"version-history":[{"count":1,"href":"https:\/\/bergers-schlagerparadies.de\/index.php?rest_route=\/wp\/v2\/posts\/6433\/revisions"}],"predecessor-version":[{"id":6435,"href":"https:\/\/bergers-schlagerparadies.de\/index.php?rest_route=\/wp\/v2\/posts\/6433\/revisions\/6435"}],"wp:featuredmedia":[{"embeddable":true,"href":"https:\/\/bergers-schlagerparadies.de\/index.php?rest_route=\/wp\/v2\/media\/6434"}],"wp:attachment":[{"href":"https:\/\/bergers-schlagerparadies.de\/index.php?rest_route=%2Fwp%2Fv2%2Fmedia&parent=6433"}],"wp:term":[{"taxonomy":"category","embeddable":true,"href":"https:\/\/bergers-schlagerparadies.de\/index.php?rest_route=%2Fwp%2Fv2%2Fcategories&post=6433"},{"taxonomy":"post_tag","embeddable":true,"href":"https:\/\/bergers-schlagerparadies.de\/index.php?rest_route=%2Fwp%2Fv2%2Ftags&post=6433"}],"curies":[{"name":"wp","href":"https:\/\/api.w.org\/{rel}","templated":true}]}}