{"id":6342,"date":"2021-09-24T13:22:15","date_gmt":"2021-09-24T11:22:15","guid":{"rendered":"http:\/\/bergers-schlagerparadies.de\/?p=6342"},"modified":"2021-09-24T13:22:15","modified_gmt":"2021-09-24T11:22:15","slug":"helene-fischer-volle-kraft-voraus-%c2%b7-bergers-schlagerparadies","status":"publish","type":"post","link":"https:\/\/bergers-schlagerparadies.de\/?p=6342","title":{"rendered":"Helene Fischer &#8211; Volle Kraft Voraus \u00b7 Berger\u00b4s Schlagerparadies"},"content":{"rendered":"<p><img loading=\"lazy\" decoding=\"async\" class=\"size-medium wp-image-6343 alignleft\" src=\"https:\/\/bergers-schlagerparadies.de\/wp-content\/uploads\/2021\/09\/Helene-Fischer-Volle-Kraft-Voraus-300x300.jpg\" alt=\"\" width=\"300\" height=\"300\" srcset=\"https:\/\/bergers-schlagerparadies.de\/wp-content\/uploads\/2021\/09\/Helene-Fischer-Volle-Kraft-Voraus-300x300.jpg 300w, https:\/\/bergers-schlagerparadies.de\/wp-content\/uploads\/2021\/09\/Helene-Fischer-Volle-Kraft-Voraus-150x150.jpg 150w, https:\/\/bergers-schlagerparadies.de\/wp-content\/uploads\/2021\/09\/Helene-Fischer-Volle-Kraft-Voraus-768x768.jpg 768w, https:\/\/bergers-schlagerparadies.de\/wp-content\/uploads\/2021\/09\/Helene-Fischer-Volle-Kraft-Voraus-100x100.jpg 100w, https:\/\/bergers-schlagerparadies.de\/wp-content\/uploads\/2021\/09\/Helene-Fischer-Volle-Kraft-Voraus.jpg 800w\" sizes=\"auto, (max-width: 300px) 100vw, 300px\" \/>Helene Fischer \u00b7 Heute am Freitag erscheint ihre neue Vorabsingle \u00b7 Volle Kraft voraus \u00b7 aus dem Album Rausch.<\/p>\n<p><em><strong>\u00a0\u00b7 Da haben die Fans gl\u00fchen drauf gewartet \u00b7<\/strong><\/em><\/p>\n<p>Die zweite voraus Single aus dem am 15.10.2021 erscheinenden Album Rausch hei\u00dft \u00b7 Volle Kraft voraus \u00b7 Mit diesem Lied startet Helene Fischer laut Angaben der Plattenfirma in eine neue Phase ihrer Karriere, weil das Lied auch von Ver\u00e4nderung und Umbr\u00fcchen handle. Interessant ist, worum es in dem Lied geht \u00b7 die Plattenfirma beschreibt das wie folgt:<\/p>\n<p>Ob dieser Blick nach vorne und die bewusste Abkehr vom Vergangenen ein Hinweis auf die weitere Karriere von Helene Fischer ist, dar\u00fcber kann man jetzt spekulieren \u00b7 dazu muss man wohl schon das gesamte Album h\u00f6ren. Aber ein interessanter Aspekt in ihrer aktuellen Entwicklung ist das wohl sicherlich.<\/p>\n<p><em><strong>\u00a0\u00b7 Folgende Autoren haben volle Kraft voraus geschrieben \u00b7\u00a0<\/strong><\/em><\/p>\n<ul style=\"list-style-type: square;\">\n<li>Helene Fischer<\/li>\n<li>Farsad Zoroofchi<\/li>\n<li>Malte Kuhn<\/li>\n<li>Benjamin Asare<\/li>\n<li>Robin Haefs<\/li>\n<\/ul>\n<p>Beste Chart Entry ihrer Karriere<\/p>\n<p>Immerhin: Mit der ersten Vorabsingle \u00b7 Vamos a marte \u00b7 gelang Helene Fischer der Best Single Chart Einstieg ihrer gesamten Karriere. Da liegt die Messlatte f\u00fcr volle Kraft voraus schon hoch. Die Beschreibung der neuen Nummer h\u00f6rt sich viel versprechend an: \u00b7 Sie steigert sich aus einer zarten Klavier Ballade in ein dramatisches Finale mit Beats und Streichern hinein \u00b7.<\/p>\n<p><em><strong>\u00a0\u00b7 Einblicke in die Fotosession \u00b7\u00a0<\/strong><\/em><\/p>\n<p>Auch bei sozialen Medien gibt es Neuigkeiten \u00b7 Dort hat Helene Fischer Einblicke in die Fotosession mit Fotografin Lina Tsch gegeben und verspricht eine sch\u00f6ne 48-seitiges Booklet, das mit einem Kalender und der Alternativen Mixes CD in der Deluxe Fanbox zu finden ist.<\/p>\n<p><em><strong>\u00a0\u00b7 Presse Text \u00b7\u00a0<\/strong><\/em><\/p>\n<p>Volle Kraft voraus \u00b7 so startet Helene Fischer in eine neue Phase ihres Lebens und ihre Karriere, mit einer Musik, die so leidenschaftlich, abwechslungsreich und mitrei\u00dfend ist, wie man es sich zu w\u00fcnschen vermag. \u00b7 Volle Kraft voraus \u00b7<\/p>\n<p>So hei\u00dft ihre neue Single, die am Freitag erscheint. Sie handelt von der Ver\u00e4nderung und von den Umbr\u00fcchen des Lebens \u00b7 und von der Befreiung, die jede Ver\u00e4nderung mit sich bringt, weil das Leben neu anders, neu, offener weitergehen kann. Man muss sich von der Vergangenheit l\u00f6sen und den Blick nach vorn, auf den Horizont wenden. \u00a0\u00b7 Volle Kraft voraus \u00b7 Zur\u00fcck aufs offene Meer hinaus \u00b7<\/p>\n<p>Zur\u00fcck aufs offene Meer \u00b7 Das k\u00f6nnte das Motto der neuen Helene Fischer sein, die uns hier entgegentritt. Sie hat sich schon einmal erfunden, als Diva, als S\u00e4ngerin, als Beobachterin kleiner und gro\u00dfer Dinge. \u00dcber 4 Jahre haben wir auf neue Musik von ihr warten m\u00fcssen, am 15. Oktober erscheint nun endlich das Album \u00b7 Rausch \u00b7 Die Spannung war enorm, aber Helene Fischer erf\u00fcllt alle Erwartungen und \u00fcberschreitet sie noch.<\/p>\n<p>Schon mit der ersten Single Ver\u00f6ffentlichung, \u00b7 Vamos A Marte \u00b7 ist ihr ein fulminanter Auftakt gelungen. Das Duett mit latin Pop Superstar Luis Fonsi stieg auf Platz 2 der deutschen Single Charts ein und bescherte ihren den besten Chart Entry ihre Karriere, und es zeigt sich dabei, wie sehr Helene Fischer in den letzten Jahren gerade als S\u00e4ngerin greift und gewachsen ist.<\/p>\n<p>So auch hier \u00b7 Volle Kraft voraus \u00b7 Noch nie Klang die Stimme von Helene Fischer so strahlend und sicher. Sie stiftet Mut und gibt Kraft, sie steigert sich aus zarten Klavier Balladen und einem dramatischen Finale mit Beats und Streichern hinein. \u00b7 Volle Kraft voraus \u00b7 Das ist ein Lied voller Kraft und voller Zuversicht in die Zukunft; ein Lied von f\u00fcr alle, die sich vom Wandel der Zeiten und vom Wandel des Lebens nicht entmutigen lassen sondern, dieser Wandel der Herausforderungen sehen sie sehen und als Chance. \u00b7 Volle Kraft voraus \u00b7 zur\u00fcck aufs offene Meer hinaus.<\/p>\n<p><strong>Dieser Song ist ab dem 24.09.2021 in allen bekannten Onlineshops erh\u00e4ltlich!<\/strong><\/p>\n<p><iframe style=\"width: 120px; height: 240px;\" src=\"\/\/ws-eu.amazon-adsystem.com\/widgets\/q?ServiceVersion=20070822&amp;OneJS=1&amp;Operation=GetAdHtml&amp;MarketPlace=DE&amp;source=ss&amp;ref=as_ss_li_til&amp;ad_type=product_link&amp;tracking_id=bergers-21&amp;language=de_DE&amp;marketplace=amazon&amp;region=DE&amp;placement=B09DL5X297&amp;asins=B09DL5X297&amp;linkId=0ea7e3a8effb507fbdd38a7376c8739d&amp;show_border=true&amp;link_opens_in_new_window=true\" frameborder=\"0\" marginwidth=\"0\" marginheight=\"0\" scrolling=\"no\"><\/iframe><\/p>\n","protected":false},"excerpt":{"rendered":"<p>Helene Fischer \u00b7 Heute am Freitag erscheint ihre neue Vorabsingle \u00b7 Volle Kraft voraus \u00b7 aus dem Album Rausch. \u00a0\u00b7 Da haben die Fans gl\u00fchen drauf gewartet \u00b7 Die zweite voraus Single aus dem am 15.10.2021 erscheinenden Album Rausch hei\u00dft \u00b7 Volle Kraft voraus \u00b7 Mit diesem Lied startet Helene Fischer laut Angaben der Plattenfirma in eine neue Phase ihrer Karriere, weil das Lied auch von Ver\u00e4nderung und Umbr\u00fcchen handle. Interessant ist, worum es in dem Lied geht \u00b7 die Plattenfirma beschreibt das wie folgt: Ob dieser Blick nach vorne und die bewusste Abkehr vom Vergangenen ein Hinweis auf die weitere Karriere von Helene Fischer&#8230;<\/p>\n","protected":false},"author":1,"featured_media":6343,"comment_status":"open","ping_status":"open","sticky":false,"template":"","format":"standard","meta":{"footnotes":""},"categories":[2],"tags":[313],"class_list":["post-6342","post","type-post","status-publish","format-standard","has-post-thumbnail","hentry","category-schlager","tag-helene-fischer","wpcat-2-id"],"_links":{"self":[{"href":"https:\/\/bergers-schlagerparadies.de\/index.php?rest_route=\/wp\/v2\/posts\/6342","targetHints":{"allow":["GET"]}}],"collection":[{"href":"https:\/\/bergers-schlagerparadies.de\/index.php?rest_route=\/wp\/v2\/posts"}],"about":[{"href":"https:\/\/bergers-schlagerparadies.de\/index.php?rest_route=\/wp\/v2\/types\/post"}],"author":[{"embeddable":true,"href":"https:\/\/bergers-schlagerparadies.de\/index.php?rest_route=\/wp\/v2\/users\/1"}],"replies":[{"embeddable":true,"href":"https:\/\/bergers-schlagerparadies.de\/index.php?rest_route=%2Fwp%2Fv2%2Fcomments&post=6342"}],"version-history":[{"count":1,"href":"https:\/\/bergers-schlagerparadies.de\/index.php?rest_route=\/wp\/v2\/posts\/6342\/revisions"}],"predecessor-version":[{"id":6344,"href":"https:\/\/bergers-schlagerparadies.de\/index.php?rest_route=\/wp\/v2\/posts\/6342\/revisions\/6344"}],"wp:featuredmedia":[{"embeddable":true,"href":"https:\/\/bergers-schlagerparadies.de\/index.php?rest_route=\/wp\/v2\/media\/6343"}],"wp:attachment":[{"href":"https:\/\/bergers-schlagerparadies.de\/index.php?rest_route=%2Fwp%2Fv2%2Fmedia&parent=6342"}],"wp:term":[{"taxonomy":"category","embeddable":true,"href":"https:\/\/bergers-schlagerparadies.de\/index.php?rest_route=%2Fwp%2Fv2%2Fcategories&post=6342"},{"taxonomy":"post_tag","embeddable":true,"href":"https:\/\/bergers-schlagerparadies.de\/index.php?rest_route=%2Fwp%2Fv2%2Ftags&post=6342"}],"curies":[{"name":"wp","href":"https:\/\/api.w.org\/{rel}","templated":true}]}}