{"id":6338,"date":"2021-09-24T11:00:43","date_gmt":"2021-09-24T09:00:43","guid":{"rendered":"http:\/\/bergers-schlagerparadies.de\/?p=6338"},"modified":"2021-09-24T11:00:43","modified_gmt":"2021-09-24T09:00:43","slug":"marie-reim-ich-bin-so-verliebt-%c2%b7-bergers-schlagerparadies","status":"publish","type":"post","link":"https:\/\/bergers-schlagerparadies.de\/?p=6338","title":{"rendered":"Marie Reim &#8211; Ich bin so verliebt  \u00b7 Berger\u00b4s Schlagerparadies"},"content":{"rendered":"<p><img loading=\"lazy\" decoding=\"async\" class=\"size-medium wp-image-6340 alignleft\" src=\"https:\/\/bergers-schlagerparadies.de\/wp-content\/uploads\/2021\/09\/Marie-Reim-Ich-bin-so-verliebt-300x300.jpg\" alt=\"\" width=\"300\" height=\"300\" srcset=\"https:\/\/bergers-schlagerparadies.de\/wp-content\/uploads\/2021\/09\/Marie-Reim-Ich-bin-so-verliebt-300x300.jpg 300w, https:\/\/bergers-schlagerparadies.de\/wp-content\/uploads\/2021\/09\/Marie-Reim-Ich-bin-so-verliebt-150x150.jpg 150w, https:\/\/bergers-schlagerparadies.de\/wp-content\/uploads\/2021\/09\/Marie-Reim-Ich-bin-so-verliebt-768x768.jpg 768w, https:\/\/bergers-schlagerparadies.de\/wp-content\/uploads\/2021\/09\/Marie-Reim-Ich-bin-so-verliebt-100x100.jpg 100w, https:\/\/bergers-schlagerparadies.de\/wp-content\/uploads\/2021\/09\/Marie-Reim-Ich-bin-so-verliebt.jpg 960w\" sizes=\"auto, (max-width: 300px) 100vw, 300px\" \/>Schon seit der Ver\u00f6ffentlichung ihres im vergangenen Jahr erschienenen Deb\u00fctalbums \u201e14 Phasen\u201c ist Marie Reim nicht mehr aus der deutschsprachigen Musiklandschaft wegzudenken.<\/p>\n<p>Mit ihrem modernen, tanzbaren Mix aus Pop und Schlager konnte Marie Reim bisher \u00fcber 8 Millionen Audiostreams und mehr als 5 Millionen Views ihrer Videos generieren. Mit ihrer neuen Single \u201eIch bin so verliebt\u201c leitet die 21-J\u00e4hrige nun eine ganz neue Phase ihres Schaffens ein!<\/p>\n<p>Mit \u201eIch bin so verliebt\u201c legt Marie Reim den ersten neuen Song seit Release ihres viel beachteten Longplay-Erstlings vor, mit dem sie im Sommer 2020 ihre Visitenkarte als eines der h\u00f6renswertesten neuen Talente im deutschsprachigen Popschlager abgab.<\/p>\n<p>Viel ist seit der Ver\u00f6ffentlichung ihres Deb\u00fcts passiert im Leben der 21-j\u00e4hrigen S\u00e4ngerin \u2013 eine Tatsache, die sich nicht nur in ihrem ver\u00e4nderten Look widerspiegelt, sondern auch im weiterentwickelten Sound der K\u00f6lnerin. Schon auf ihrem Deb\u00fctalbum stammten neun von insgesamt vierzehn Songs u.a. direkt aus Maries Feder. Und auch auf ihrer brandneuen Single zeichnet Marie wieder als Co-Autorin verantwortlich.<\/p>\n<p>Und wie schon auf ihrem ersten Album spielt die Liebe auch auf Maries neuer Single eine wichtige Rolle &#8211; nur heute aus einer anderen, ver\u00e4nderten Sichtweise. Ganz neue Emotionen und Erfahrungen, die Marie auf \u201eIch bin so verliebt\u201c zu rockigen Gitarren und ihren sofort unter die Haut gehenden Vocals transportiert: Auf ihrem brandneuen Track verarbeitet die S\u00e4ngerin das Gef\u00fchl, von ihrem angehimmelten Gegen\u00fcber nicht wahrgenommen zu werden. Dieses brennende Verlangen aus der Distanz, das bei jeder zuf\u00e4lligen Begegnung kurz vor dem Explodieren steht. Mit \u201eIch bin so verliebt\u201c pr\u00e4sentiert sich Marie Reim so angreifbar, aber gleichzeitig auch so mutig, leidenschaftlich und stark wie nie zuvor!<\/p>\n<p><strong>Dieser Song ist ab dem 24.09.2021 in allen bekannten Onlineshops erh\u00e4ltlich!<\/strong><\/p>\n<p><iframe style=\"width: 120px; height: 240px;\" src=\"\/\/ws-eu.amazon-adsystem.com\/widgets\/q?ServiceVersion=20070822&amp;OneJS=1&amp;Operation=GetAdHtml&amp;MarketPlace=DE&amp;source=ss&amp;ref=as_ss_li_til&amp;ad_type=product_link&amp;tracking_id=bergers-21&amp;language=de_DE&amp;marketplace=amazon&amp;region=DE&amp;placement=B09D8ZBRCL&amp;asins=B09D8ZBRCL&amp;linkId=043f6265ceb6582de9f985376a82a706&amp;show_border=true&amp;link_opens_in_new_window=true\" frameborder=\"0\" marginwidth=\"0\" marginheight=\"0\" scrolling=\"no\"><\/iframe><\/p>\n","protected":false},"excerpt":{"rendered":"<p>Schon seit der Ver\u00f6ffentlichung ihres im vergangenen Jahr erschienenen Deb\u00fctalbums \u201e14 Phasen\u201c ist Marie Reim nicht mehr aus der deutschsprachigen Musiklandschaft wegzudenken. Mit ihrem modernen, tanzbaren Mix aus Pop und Schlager konnte Marie Reim bisher \u00fcber 8 Millionen Audiostreams und mehr als 5 Millionen Views ihrer Videos generieren. Mit ihrer neuen Single \u201eIch bin so verliebt\u201c leitet die 21-J\u00e4hrige nun eine ganz neue Phase ihres Schaffens ein! Mit \u201eIch bin so verliebt\u201c legt Marie Reim den ersten neuen Song seit Release ihres viel beachteten Longplay-Erstlings vor, mit dem sie im Sommer 2020 ihre Visitenkarte als eines der h\u00f6renswertesten neuen Talente im deutschsprachigen Popschlager abgab. Viel&#8230;<\/p>\n","protected":false},"author":1,"featured_media":6340,"comment_status":"open","ping_status":"open","sticky":false,"template":"","format":"standard","meta":{"footnotes":""},"categories":[2],"tags":[805],"class_list":["post-6338","post","type-post","status-publish","format-standard","has-post-thumbnail","hentry","category-schlager","tag-marie-reim","wpcat-2-id"],"_links":{"self":[{"href":"https:\/\/bergers-schlagerparadies.de\/index.php?rest_route=\/wp\/v2\/posts\/6338","targetHints":{"allow":["GET"]}}],"collection":[{"href":"https:\/\/bergers-schlagerparadies.de\/index.php?rest_route=\/wp\/v2\/posts"}],"about":[{"href":"https:\/\/bergers-schlagerparadies.de\/index.php?rest_route=\/wp\/v2\/types\/post"}],"author":[{"embeddable":true,"href":"https:\/\/bergers-schlagerparadies.de\/index.php?rest_route=\/wp\/v2\/users\/1"}],"replies":[{"embeddable":true,"href":"https:\/\/bergers-schlagerparadies.de\/index.php?rest_route=%2Fwp%2Fv2%2Fcomments&post=6338"}],"version-history":[{"count":1,"href":"https:\/\/bergers-schlagerparadies.de\/index.php?rest_route=\/wp\/v2\/posts\/6338\/revisions"}],"predecessor-version":[{"id":6341,"href":"https:\/\/bergers-schlagerparadies.de\/index.php?rest_route=\/wp\/v2\/posts\/6338\/revisions\/6341"}],"wp:featuredmedia":[{"embeddable":true,"href":"https:\/\/bergers-schlagerparadies.de\/index.php?rest_route=\/wp\/v2\/media\/6340"}],"wp:attachment":[{"href":"https:\/\/bergers-schlagerparadies.de\/index.php?rest_route=%2Fwp%2Fv2%2Fmedia&parent=6338"}],"wp:term":[{"taxonomy":"category","embeddable":true,"href":"https:\/\/bergers-schlagerparadies.de\/index.php?rest_route=%2Fwp%2Fv2%2Fcategories&post=6338"},{"taxonomy":"post_tag","embeddable":true,"href":"https:\/\/bergers-schlagerparadies.de\/index.php?rest_route=%2Fwp%2Fv2%2Ftags&post=6338"}],"curies":[{"name":"wp","href":"https:\/\/api.w.org\/{rel}","templated":true}]}}