{"id":6317,"date":"2021-09-27T10:30:35","date_gmt":"2021-09-27T08:30:35","guid":{"rendered":"http:\/\/bergers-schlagerparadies.de\/?p=6317"},"modified":"2021-09-23T10:19:02","modified_gmt":"2021-09-23T08:19:02","slug":"timo-schwerelos-%c2%b7-bergers-schlagerparadies","status":"publish","type":"post","link":"https:\/\/bergers-schlagerparadies.de\/?p=6317","title":{"rendered":"TIMO &#8211; Schwerelos \u00b7 Berger\u00b4s Schlagerparadies"},"content":{"rendered":"<div class=\"\" dir=\"auto\">\n<div id=\"jsc_c_2x1\" class=\"ecm0bbzt hv4rvrfc ihqw7lf3 dati1w0a\" data-ad-comet-preview=\"message\" data-ad-preview=\"message\">\n<div class=\"j83agx80 cbu4d94t ew0dbk1b irj2b8pg\">\n<div class=\"qzhwtbm6 knvmm38d\">\n<div class=\"kvgmc6g5 cxmmr5t8 oygrvhab hcukyx3x c1et5uql ii04i59q\">\n<div dir=\"auto\"><img loading=\"lazy\" decoding=\"async\" class=\"size-medium wp-image-6318 alignleft\" src=\"https:\/\/bergers-schlagerparadies.de\/wp-content\/uploads\/2021\/09\/TIMO-Schwerelos-300x300.jpg\" alt=\"\" width=\"300\" height=\"300\" srcset=\"https:\/\/bergers-schlagerparadies.de\/wp-content\/uploads\/2021\/09\/TIMO-Schwerelos-300x300.jpg 300w, https:\/\/bergers-schlagerparadies.de\/wp-content\/uploads\/2021\/09\/TIMO-Schwerelos-150x150.jpg 150w, https:\/\/bergers-schlagerparadies.de\/wp-content\/uploads\/2021\/09\/TIMO-Schwerelos-768x768.jpg 768w, https:\/\/bergers-schlagerparadies.de\/wp-content\/uploads\/2021\/09\/TIMO-Schwerelos-100x100.jpg 100w, https:\/\/bergers-schlagerparadies.de\/wp-content\/uploads\/2021\/09\/TIMO-Schwerelos.jpg 843w\" sizes=\"auto, (max-width: 300px) 100vw, 300px\" \/>TIMO: Mit seinem zweiten Song begeistert er erneut die Freunde des rockigen Schlagers<\/div>\n<\/div>\n<div class=\"o9v6fnle cxmmr5t8 oygrvhab hcukyx3x c1et5uql ii04i59q\">\n<div dir=\"auto\">Als der S\u00e4nger <span class=\"nc684nl6\">TIMO<\/span> im Fr\u00fchjahr des Jahres antrat, um zu beweisen, dass er als Typ, der bislang in der Eventbranche erfolgreich t\u00e4tig war, auch vor der Kamera und den Mikrofonen bestehen kann, haben viele in der Branche geschmunzelt und nicht f\u00fcr m\u00f6glich gehalten, dass er sich durchsetzen kann. Dabei hat der S\u00e4nger langj\u00e4hrige Erfahrungen im musikalischen Bereich, war z. B. in den Westfalenhallen Dortmund Veranstaltungstechniker t\u00e4tig und als DJ und mit einer Band unterwegs. Nun startet er wieder durch \u2013 und wie\u2026<\/div>\n<\/div>\n<div class=\"o9v6fnle cxmmr5t8 oygrvhab hcukyx3x c1et5uql ii04i59q\">\n<div dir=\"auto\">Seine im Mai bei VENGAMEDIA erschienene Debutsingle \u201eDieser Zug ist abgefahrn\u201c schlug sehr erfolgreich ein. Mit seinem Erstlingswerk hat er die Redaktionen gro\u00dfer TV-Sender und Rundfunkanstalten auf sich aufmerksam gemacht. Der Song ist seit \u00fcber 10 Wochen in den Airplaycharts. Gleich in mehreren gro\u00dfen TV-Shows trat TIMO mit seinem Lied auf. Millionen von Fernsehzuschauern waren begeistert, als TIMO den \u201eZug\u201c-Song in TV-Shows wie dem ZDF-Fernsehgarten, bei \u201eImmer wieder sonntags\u201c, \u201eSchlager des Monats\u201c mit Bernhard Brink im MDR und bei den \u201eHitparaden-Krachern\u201c \u00fcberzeugend pr\u00e4sentiert hat.<\/div>\n<\/div>\n<div class=\"o9v6fnle cxmmr5t8 oygrvhab hcukyx3x c1et5uql ii04i59q\">\n<div dir=\"auto\">Nachdem der Shootingstar des deutschen Schlagers mit seiner Debutsingle von einer vergangenen Beziehung gesungen hat, geht es diesmal um eine perfekte Liaison. Erneut im typischen gitarrenlastigen TIMO-Style gehalten, haben MANUEL SAUER und SIMON KURTENBACH von der TONBAUH\u00dcTTE, TIMO den perfekten Aufbruchsong auf den Leib geschrieben. Die beiden haben schon den Erfolgshit \u201eDieser Zug ist abgefahrn\u201c geschrieben und produziert und haben auch \u201eSchwerelos\u201c wieder sehr modern und professionell arrangiert und produziert.<\/div>\n<\/div>\n<div class=\"o9v6fnle cxmmr5t8 oygrvhab hcukyx3x c1et5uql ii04i59q\">\n<div dir=\"auto\">Wenn man verliebt oder mit Freunden unterwegs ist, ist man schwerelos \u2013 dar\u00fcber handelt TIMOs Schlager, der auch sehr sch\u00f6n als Video umgesetzt worden ist. Wenn das \u201eFeuer entfacht\u201c ist, gilt es \u201eabzuheben\u201c und sich eben \u201eschwerelos\u201c zu f\u00fchlen. Begeistert singt TIMO davon, dass er \u201emein Leben f\u00fcr dich geben\u201c will und sogar auf \u201eWolke 7 fliegen\u201c will. Auch diesmal wurde der durchaus romantische Text mit rockiger und gut tanzbarer Musik gut in Szene gesetzt.<\/div>\n<\/div>\n<div class=\"o9v6fnle cxmmr5t8 oygrvhab hcukyx3x c1et5uql ii04i59q\">\n<div dir=\"auto\">Auf dem Bauernhof \u201eMilchtankstelle B\u00fcchels Blick\u201c in Odenthal hat Timo lustige Szenen f\u00fcr seinen Clip gedreht und feierte dabei eine pers\u00f6nliche Premiere, indem er erstmals eine Kuh gemolken hat. Auch sonst ging es fr\u00f6hlich und unkonventionell beim Dreh zu.<\/div>\n<div dir=\"auto\"><\/div>\n<\/div>\n<div class=\"o9v6fnle cxmmr5t8 oygrvhab hcukyx3x c1et5uql ii04i59q\">\n<div dir=\"auto\"><strong>Der Song \u201eSchwerelos\u201c erscheint am 1. Oktober 2021 bei <span class=\"nc684nl6\">Vengamedia UG<\/span>.<\/strong><\/div>\n<\/div>\n<\/div>\n<\/div>\n<\/div>\n<\/div>\n","protected":false},"excerpt":{"rendered":"<p>TIMO: Mit seinem zweiten Song begeistert er erneut die Freunde des rockigen Schlagers Als der S\u00e4nger TIMO im Fr\u00fchjahr des Jahres antrat, um zu beweisen, dass er als Typ, der bislang in der Eventbranche erfolgreich t\u00e4tig war, auch vor der Kamera und den Mikrofonen bestehen kann, haben viele in der Branche geschmunzelt und nicht f\u00fcr m\u00f6glich gehalten, dass er sich durchsetzen kann. Dabei hat der S\u00e4nger langj\u00e4hrige Erfahrungen im musikalischen Bereich, war z. B. in den Westfalenhallen Dortmund Veranstaltungstechniker t\u00e4tig und als DJ und mit einer Band unterwegs. Nun startet er wieder durch \u2013 und wie\u2026 Seine im Mai bei VENGAMEDIA erschienene Debutsingle \u201eDieser Zug&#8230;<\/p>\n","protected":false},"author":1,"featured_media":6318,"comment_status":"open","ping_status":"open","sticky":false,"template":"","format":"standard","meta":{"footnotes":""},"categories":[2],"tags":[584],"class_list":["post-6317","post","type-post","status-publish","format-standard","has-post-thumbnail","hentry","category-schlager","tag-timo","wpcat-2-id"],"_links":{"self":[{"href":"https:\/\/bergers-schlagerparadies.de\/index.php?rest_route=\/wp\/v2\/posts\/6317","targetHints":{"allow":["GET"]}}],"collection":[{"href":"https:\/\/bergers-schlagerparadies.de\/index.php?rest_route=\/wp\/v2\/posts"}],"about":[{"href":"https:\/\/bergers-schlagerparadies.de\/index.php?rest_route=\/wp\/v2\/types\/post"}],"author":[{"embeddable":true,"href":"https:\/\/bergers-schlagerparadies.de\/index.php?rest_route=\/wp\/v2\/users\/1"}],"replies":[{"embeddable":true,"href":"https:\/\/bergers-schlagerparadies.de\/index.php?rest_route=%2Fwp%2Fv2%2Fcomments&post=6317"}],"version-history":[{"count":1,"href":"https:\/\/bergers-schlagerparadies.de\/index.php?rest_route=\/wp\/v2\/posts\/6317\/revisions"}],"predecessor-version":[{"id":6319,"href":"https:\/\/bergers-schlagerparadies.de\/index.php?rest_route=\/wp\/v2\/posts\/6317\/revisions\/6319"}],"wp:featuredmedia":[{"embeddable":true,"href":"https:\/\/bergers-schlagerparadies.de\/index.php?rest_route=\/wp\/v2\/media\/6318"}],"wp:attachment":[{"href":"https:\/\/bergers-schlagerparadies.de\/index.php?rest_route=%2Fwp%2Fv2%2Fmedia&parent=6317"}],"wp:term":[{"taxonomy":"category","embeddable":true,"href":"https:\/\/bergers-schlagerparadies.de\/index.php?rest_route=%2Fwp%2Fv2%2Fcategories&post=6317"},{"taxonomy":"post_tag","embeddable":true,"href":"https:\/\/bergers-schlagerparadies.de\/index.php?rest_route=%2Fwp%2Fv2%2Ftags&post=6317"}],"curies":[{"name":"wp","href":"https:\/\/api.w.org\/{rel}","templated":true}]}}