{"id":6258,"date":"2021-09-20T17:26:57","date_gmt":"2021-09-20T15:26:57","guid":{"rendered":"http:\/\/bergers-schlagerparadies.de\/?p=6258"},"modified":"2021-09-20T17:26:57","modified_gmt":"2021-09-20T15:26:57","slug":"mickie-krause-kann-ich-so-nicht-sagen-muesst-ich-nackt-sehn-%c2%b7-bergers-schlagerparadies","status":"publish","type":"post","link":"https:\/\/bergers-schlagerparadies.de\/?p=6258","title":{"rendered":"Mickie Krause &#8211; Kann ich so nicht sagen m\u00fcsst ich nackt seh&#8217;n \u00b7 Berger\u00b4s Schlagerparadies"},"content":{"rendered":"<div class=\"contentholder content-item__modulview modulview\">\n<header class=\"modulview__header \">\n<div class=\"container\">\n<div class=\"row\">\n<div class=\"col\">\n<h2><img loading=\"lazy\" decoding=\"async\" class=\"size-medium wp-image-6259 alignleft\" src=\"https:\/\/bergers-schlagerparadies.de\/wp-content\/uploads\/2021\/09\/Mickie-Krause-Kann-ich-so-nicht-sagen-muesst-ich-nackt-sehn-300x300.jpg\" alt=\"\" width=\"300\" height=\"300\" srcset=\"https:\/\/bergers-schlagerparadies.de\/wp-content\/uploads\/2021\/09\/Mickie-Krause-Kann-ich-so-nicht-sagen-muesst-ich-nackt-sehn-300x300.jpg 300w, https:\/\/bergers-schlagerparadies.de\/wp-content\/uploads\/2021\/09\/Mickie-Krause-Kann-ich-so-nicht-sagen-muesst-ich-nackt-sehn-150x150.jpg 150w, https:\/\/bergers-schlagerparadies.de\/wp-content\/uploads\/2021\/09\/Mickie-Krause-Kann-ich-so-nicht-sagen-muesst-ich-nackt-sehn-100x100.jpg 100w, https:\/\/bergers-schlagerparadies.de\/wp-content\/uploads\/2021\/09\/Mickie-Krause-Kann-ich-so-nicht-sagen-muesst-ich-nackt-sehn.jpg 580w\" sizes=\"auto, (max-width: 300px) 100vw, 300px\" \/>Mickie Krause &#8211; Kann ich so nicht sagen m\u00fcsst ich nackt seh&#8217;n<\/h2>\n<\/div>\n<\/div>\n<\/div>\n<\/header>\n<div class=\"modulview__content\">\n<div class=\"container\">\n<div class=\"row\">\n<div class=\"col\">\n<div class=\"row\">\n<div class=\"col-sm-12 col-md-12 col-lg-8 offset-lg-2\">\n<div id=\"textitem-264227\" class=\"textitem__text\">\n<p><strong>Deutschlands Partyk\u00f6nig #1 geht den Leuten an die W\u00e4sche: Seine brandneue Single \u201eKann ich so nicht sagen m\u00fcsst ich nackt seh\u2019n\u201c kommt am 17. September \u2013 der ultimative Sommer-Party-Soundtrack 2021!<\/strong><\/p>\n<p>Die n\u00e4chste Hitzewelle rollt an \u2013 h\u00f6chste Zeit also, sich die Klamotten vom Leib zu rei\u00dfen und den nackten Tatsachen ins Auge zu sehen: Mitten in der hei\u00dfesten Sommer- und Partyzeit legt Ballermann-K\u00f6nig Mickie Krause die passende Hymne f\u00fcr all diejenigen vor, die bei Drei immer noch viel zu viele Lagen Stoff auf der Haut haben: \u201eKann ich so nicht sagen m\u00fcsst ich nackt seh\u2018n\u201c erscheint am 17. September bei Electrola\/Universal. Schon jetzt sei verraten: Blankziehen klang selten tanzbarer \u2013 und ist dieses Mal einfach Pflichtprogramm (weil sonst kein Urteil m\u00f6glich ist).<\/p>\n<p>Nachdem Mickie Krause zuletzt unter anderem auch wieder als \u201eNinja Warrior\u201c unterwegs war, liefert er nun ein unmissverst\u00e4ndliches Pl\u00e4doyer f\u00fcr nackte Tatsachen: Dass er sich damit auskennt, wei\u00df man seit \u201eZehn nackte Fris\u00f6sen\u201c \u2013 nur klingt er nach gut 20 Jahren Ballermann-, Oktoberfest- und Gro\u00dfraumerfahrung nat\u00fcrlich heute noch viel, viel fachm\u00e4nnischer in Fragen wie diesen\u2026<\/p>\n<p>Auf das epische Intro inklusive farbigem Pferd am idyllischen Lago seiner Wahl folgt schon bald eine von diesen ultratypischen Mickie-Krause-Zeilen, die irgendwie vertraut \u2013 und irgendwie versaut klingen: <em>\u201eKann ich so nicht sagen, m\u00fcsst ich nackt seh\u2018n\/leider zu viel an\u201c<\/em>, stellt der Mann mit dem kritischen Blick fest, dem sonst keine Falte und kein Br\u00e4unungsstreifen entgehen (und der im wirklichen Leben seit vielen Jahren verheiratet ist). \u00dcber dem treibenden Party-Arrangement mit Wechselbass und Bl\u00e4serspitzen erz\u00e4hlt er danach von Einzelf\u00e4llen und \u00fcberraschenden Begegnungen im Gotteshaus, die selbst ein Experte wie er auf die Schnelle nicht beurteilen konnte \u2013 weil \u201eleider zu viel an\u201c \ud83d\ude09 Kurzum: Die Hochsaison ist schon in voller Fahrt \u2013 und jetzt kommt der ultimative Runter-mit-den-Sachen-Track f\u00fcr alle Tanztempel der Welt!<\/p>\n<p>\u201eSchatzi schenk mir ein Foto\u201c, \u201eZehn nackte Fris\u00f6sen\u201c, \u201eGeh mal Bier hol\u2019n\u201c \u2013 Mickie Krauses Partyhits sind l\u00e4ngst fester Bestandteil der balearischen Hoch(stimmungs)kultur. Nachdem schon mit dem Titel des Deb\u00fctalbums (\u201eOK\u2026 Folgendes \u2013 Meine gr\u00f6\u00dften Erfolge Teil 2\u201c) klar war, dass dieser Mann verdammt Gro\u00dfes vorhatte, mischt Mickie seit \u00fcber 20 Jahren regelm\u00e4\u00dfig die Albumcharts auf \u2013 und kassierte auch f\u00fcr seine vielen Singlehits schon mehrfach Gold. Gefeiert als Live-Sensation auf den gr\u00f6\u00dften B\u00fchnen, schafft es der einstige Klassenclown jedes Mal, den fr\u00fchen Hit \u201eRei\u00df die H\u00fctte ab\u201c zum Motto des Abends zu verwandeln. Dieses Mal rei\u00dft er auch das letzte bisschen Privatheit runter \u2013 mit der neuen Single \u201eKann ich so nicht sagen m\u00fcsst ich nackt seh\u2018n\u201c.<\/p>\n<\/div>\n<p><iframe style=\"width: 120px; height: 240px;\" src=\"\/\/ws-eu.amazon-adsystem.com\/widgets\/q?ServiceVersion=20070822&amp;OneJS=1&amp;Operation=GetAdHtml&amp;MarketPlace=DE&amp;source=ss&amp;ref=as_ss_li_til&amp;ad_type=product_link&amp;tracking_id=bergers-21&amp;language=de_DE&amp;marketplace=amazon&amp;region=DE&amp;placement=B099MFYNYX&amp;asins=B099MFYNYX&amp;linkId=1457c7cad094026554b2dffa8d71bbec&amp;show_border=true&amp;link_opens_in_new_window=true\" frameborder=\"0\" marginwidth=\"0\" marginheight=\"0\" scrolling=\"no\"><\/iframe><\/p>\n<\/div>\n<\/div>\n<\/div>\n<\/div>\n<\/div>\n<\/div>\n<\/div>\n","protected":false},"excerpt":{"rendered":"<p>Mickie Krause &#8211; Kann ich so nicht sagen m\u00fcsst ich nackt seh&#8217;n Deutschlands Partyk\u00f6nig #1 geht den Leuten an die W\u00e4sche: Seine brandneue Single \u201eKann ich so nicht sagen m\u00fcsst ich nackt seh\u2019n\u201c kommt am 17. September \u2013 der ultimative Sommer-Party-Soundtrack 2021! Die n\u00e4chste Hitzewelle rollt an \u2013 h\u00f6chste Zeit also, sich die Klamotten vom Leib zu rei\u00dfen und den nackten Tatsachen ins Auge zu sehen: Mitten in der hei\u00dfesten Sommer- und Partyzeit legt Ballermann-K\u00f6nig Mickie Krause die passende Hymne f\u00fcr all diejenigen vor, die bei Drei immer noch viel zu viele Lagen Stoff auf der Haut haben: \u201eKann ich so nicht sagen m\u00fcsst ich&#8230;<\/p>\n","protected":false},"author":1,"featured_media":6259,"comment_status":"open","ping_status":"open","sticky":false,"template":"","format":"standard","meta":{"footnotes":""},"categories":[2],"tags":[107],"class_list":["post-6258","post","type-post","status-publish","format-standard","has-post-thumbnail","hentry","category-schlager","tag-mickie-krause","wpcat-2-id"],"_links":{"self":[{"href":"https:\/\/bergers-schlagerparadies.de\/index.php?rest_route=\/wp\/v2\/posts\/6258","targetHints":{"allow":["GET"]}}],"collection":[{"href":"https:\/\/bergers-schlagerparadies.de\/index.php?rest_route=\/wp\/v2\/posts"}],"about":[{"href":"https:\/\/bergers-schlagerparadies.de\/index.php?rest_route=\/wp\/v2\/types\/post"}],"author":[{"embeddable":true,"href":"https:\/\/bergers-schlagerparadies.de\/index.php?rest_route=\/wp\/v2\/users\/1"}],"replies":[{"embeddable":true,"href":"https:\/\/bergers-schlagerparadies.de\/index.php?rest_route=%2Fwp%2Fv2%2Fcomments&post=6258"}],"version-history":[{"count":1,"href":"https:\/\/bergers-schlagerparadies.de\/index.php?rest_route=\/wp\/v2\/posts\/6258\/revisions"}],"predecessor-version":[{"id":6260,"href":"https:\/\/bergers-schlagerparadies.de\/index.php?rest_route=\/wp\/v2\/posts\/6258\/revisions\/6260"}],"wp:featuredmedia":[{"embeddable":true,"href":"https:\/\/bergers-schlagerparadies.de\/index.php?rest_route=\/wp\/v2\/media\/6259"}],"wp:attachment":[{"href":"https:\/\/bergers-schlagerparadies.de\/index.php?rest_route=%2Fwp%2Fv2%2Fmedia&parent=6258"}],"wp:term":[{"taxonomy":"category","embeddable":true,"href":"https:\/\/bergers-schlagerparadies.de\/index.php?rest_route=%2Fwp%2Fv2%2Fcategories&post=6258"},{"taxonomy":"post_tag","embeddable":true,"href":"https:\/\/bergers-schlagerparadies.de\/index.php?rest_route=%2Fwp%2Fv2%2Ftags&post=6258"}],"curies":[{"name":"wp","href":"https:\/\/api.w.org\/{rel}","templated":true}]}}