{"id":6239,"date":"2021-09-20T16:27:18","date_gmt":"2021-09-20T14:27:18","guid":{"rendered":"http:\/\/bergers-schlagerparadies.de\/?p=6239"},"modified":"2021-09-20T16:27:18","modified_gmt":"2021-09-20T14:27:18","slug":"simon-broch-rosenkavalier-neuauflage-2021-album-%c2%b7-bergers-schlagerparadies","status":"publish","type":"post","link":"https:\/\/bergers-schlagerparadies.de\/?p=6239","title":{"rendered":"SIMON BROCH &#8211; Rosenkavalier (Neuauflage 2021) (Album) \u00b7 Berger\u00b4s Schlagerparadies"},"content":{"rendered":"<p><img loading=\"lazy\" decoding=\"async\" class=\"size-medium wp-image-6240 alignleft\" src=\"https:\/\/bergers-schlagerparadies.de\/wp-content\/uploads\/2021\/09\/SIMON-BROCH-Rosenkavalier-Neuauflage-2021-300x271.jpg\" alt=\"\" width=\"300\" height=\"271\" srcset=\"https:\/\/bergers-schlagerparadies.de\/wp-content\/uploads\/2021\/09\/SIMON-BROCH-Rosenkavalier-Neuauflage-2021-300x271.jpg 300w, https:\/\/bergers-schlagerparadies.de\/wp-content\/uploads\/2021\/09\/SIMON-BROCH-Rosenkavalier-Neuauflage-2021-1024x923.jpg 1024w, https:\/\/bergers-schlagerparadies.de\/wp-content\/uploads\/2021\/09\/SIMON-BROCH-Rosenkavalier-Neuauflage-2021-768x693.jpg 768w, https:\/\/bergers-schlagerparadies.de\/wp-content\/uploads\/2021\/09\/SIMON-BROCH-Rosenkavalier-Neuauflage-2021-1536x1385.jpg 1536w, https:\/\/bergers-schlagerparadies.de\/wp-content\/uploads\/2021\/09\/SIMON-BROCH-Rosenkavalier-Neuauflage-2021-1200x1082.jpg 1200w, https:\/\/bergers-schlagerparadies.de\/wp-content\/uploads\/2021\/09\/SIMON-BROCH-Rosenkavalier-Neuauflage-2021-1188x1071.jpg 1188w, https:\/\/bergers-schlagerparadies.de\/wp-content\/uploads\/2021\/09\/SIMON-BROCH-Rosenkavalier-Neuauflage-2021.jpg 1630w\" sizes=\"auto, (max-width: 300px) 100vw, 300px\" \/>Es war von Kindheit an sein grosser Traum einmal vor einem Millionenpublikum im Fernsehen zu singen! Dieser Traum wurde f\u00fcr Simon Broch am 13. Juni 2021 wahr, als er sich zum ersten Mal bei &#8222;Immer wieder sonntags&#8220; (ARD \/ DAS ERSTE) in der Sommerhitparade pr\u00e4sentierte. Dass sich in der 1. Sendung sogar 88% f\u00fcr ihn und seinen Titel &#8222;Etwas Sommergl\u00fcck&#8220; entschieden, machte den charmanten K\u00fcnstler aus dem Schweizer Kanton Luzern nat\u00fcrlich \u00fcbergl\u00fccklich! Dass er es nach insgesamt 6 erfolgreichen Sendungen bis ins Endfinale am 19.09.2021 schaffte und er zum Sommerhitk\u00f6nig 2021 gek\u00fcrt wurde, ist f\u00fcr den 27-j\u00e4hrigen S\u00e4nger ganz einfach der Wahnsinn!<\/p>\n<p>Dabei fiel Simon Broch nicht einfach so \u00fcber Nacht vom Schlagerhimmel. Der in einer 7-k\u00f6pfigen Familie aufgewachsene S\u00e4nger steht schon seit vielen Jahren auf der B\u00fchne. Er machte stets kleine, aber sichere Schritte nach vorne und freute sich \u00fcber jeden neuen Erfolg.<\/p>\n<p>Immer ein L\u00e4cheln auf den Lippen und stets gut gelaunt &#8211; Das ist Simon Broch, der sich auf diesem Wege ganz herzlich bei allen bedanken m\u00f6chte, die ihn auf seinem bisherigen Karriereweg unterst\u00fctzt haben.<\/p>\n","protected":false},"excerpt":{"rendered":"<p>Es war von Kindheit an sein grosser Traum einmal vor einem Millionenpublikum im Fernsehen zu singen! Dieser Traum wurde f\u00fcr Simon Broch am 13. Juni 2021 wahr, als er sich zum ersten Mal bei &#8222;Immer wieder sonntags&#8220; (ARD \/ DAS ERSTE) in der Sommerhitparade pr\u00e4sentierte. Dass sich in der 1. Sendung sogar 88% f\u00fcr ihn und seinen Titel &#8222;Etwas Sommergl\u00fcck&#8220; entschieden, machte den charmanten K\u00fcnstler aus dem Schweizer Kanton Luzern nat\u00fcrlich \u00fcbergl\u00fccklich! Dass er es nach insgesamt 6 erfolgreichen Sendungen bis ins Endfinale am 19.09.2021 schaffte und er zum Sommerhitk\u00f6nig 2021 gek\u00fcrt wurde, ist f\u00fcr den 27-j\u00e4hrigen S\u00e4nger ganz einfach der Wahnsinn! Dabei fiel Simon&#8230;<\/p>\n","protected":false},"author":1,"featured_media":6240,"comment_status":"open","ping_status":"open","sticky":false,"template":"","format":"standard","meta":{"footnotes":""},"categories":[2],"tags":[791],"class_list":["post-6239","post","type-post","status-publish","format-standard","has-post-thumbnail","hentry","category-schlager","tag-simon-broch","wpcat-2-id"],"_links":{"self":[{"href":"https:\/\/bergers-schlagerparadies.de\/index.php?rest_route=\/wp\/v2\/posts\/6239","targetHints":{"allow":["GET"]}}],"collection":[{"href":"https:\/\/bergers-schlagerparadies.de\/index.php?rest_route=\/wp\/v2\/posts"}],"about":[{"href":"https:\/\/bergers-schlagerparadies.de\/index.php?rest_route=\/wp\/v2\/types\/post"}],"author":[{"embeddable":true,"href":"https:\/\/bergers-schlagerparadies.de\/index.php?rest_route=\/wp\/v2\/users\/1"}],"replies":[{"embeddable":true,"href":"https:\/\/bergers-schlagerparadies.de\/index.php?rest_route=%2Fwp%2Fv2%2Fcomments&post=6239"}],"version-history":[{"count":1,"href":"https:\/\/bergers-schlagerparadies.de\/index.php?rest_route=\/wp\/v2\/posts\/6239\/revisions"}],"predecessor-version":[{"id":6241,"href":"https:\/\/bergers-schlagerparadies.de\/index.php?rest_route=\/wp\/v2\/posts\/6239\/revisions\/6241"}],"wp:featuredmedia":[{"embeddable":true,"href":"https:\/\/bergers-schlagerparadies.de\/index.php?rest_route=\/wp\/v2\/media\/6240"}],"wp:attachment":[{"href":"https:\/\/bergers-schlagerparadies.de\/index.php?rest_route=%2Fwp%2Fv2%2Fmedia&parent=6239"}],"wp:term":[{"taxonomy":"category","embeddable":true,"href":"https:\/\/bergers-schlagerparadies.de\/index.php?rest_route=%2Fwp%2Fv2%2Fcategories&post=6239"},{"taxonomy":"post_tag","embeddable":true,"href":"https:\/\/bergers-schlagerparadies.de\/index.php?rest_route=%2Fwp%2Fv2%2Ftags&post=6239"}],"curies":[{"name":"wp","href":"https:\/\/api.w.org\/{rel}","templated":true}]}}