{"id":6214,"date":"2021-09-20T10:30:11","date_gmt":"2021-09-20T08:30:11","guid":{"rendered":"http:\/\/bergers-schlagerparadies.de\/?p=6214"},"modified":"2021-09-19T17:25:40","modified_gmt":"2021-09-19T15:25:40","slug":"fabian-schmid-die-letzte-nacht-radio-version-%c2%b7-bergers-schlagerparadies","status":"publish","type":"post","link":"https:\/\/bergers-schlagerparadies.de\/?p=6214","title":{"rendered":"Fabian Schmid &#8211; Die Letzte Nacht (Radio Version) \u00b7 Berger\u00b4s Schlagerparadies"},"content":{"rendered":"<p><img loading=\"lazy\" decoding=\"async\" class=\"size-medium wp-image-6215 alignleft\" src=\"https:\/\/bergers-schlagerparadies.de\/wp-content\/uploads\/2021\/09\/Fabian-Schmid-Die-Letzte-Nacht-Radio-Version-300x300.png\" alt=\"\" width=\"300\" height=\"300\" srcset=\"https:\/\/bergers-schlagerparadies.de\/wp-content\/uploads\/2021\/09\/Fabian-Schmid-Die-Letzte-Nacht-Radio-Version-300x300.png 300w, https:\/\/bergers-schlagerparadies.de\/wp-content\/uploads\/2021\/09\/Fabian-Schmid-Die-Letzte-Nacht-Radio-Version-150x150.png 150w, https:\/\/bergers-schlagerparadies.de\/wp-content\/uploads\/2021\/09\/Fabian-Schmid-Die-Letzte-Nacht-Radio-Version-768x768.png 768w, https:\/\/bergers-schlagerparadies.de\/wp-content\/uploads\/2021\/09\/Fabian-Schmid-Die-Letzte-Nacht-Radio-Version-100x100.png 100w, https:\/\/bergers-schlagerparadies.de\/wp-content\/uploads\/2021\/09\/Fabian-Schmid-Die-Letzte-Nacht-Radio-Version.png 800w\" sizes=\"auto, (max-width: 300px) 100vw, 300px\" \/>Schlagerpower mit Schw\u00e4bischem Charme \u2013 das macht mich, Fabian Schmid, aus.<\/p>\n<p>Seit \u00fcber 15 Jahren bin ich in verschiedenen Formationen auf den B\u00fchnen Deutschlands unterwegs, doch der Traum von eigenen Songs und einer Solo Karriere lie\u00df mich niemals los. Mit meinem Produzenten Martin Meyer und meinem gro\u00dfartigen Team, ist dieser Traum zur Wirklichkeit geworden. Ich bin unfassbar stolz, HEUTE meine dritte Single \u201eDIE LETZTE NACHT\u201c zu ver\u00f6ffentlichen. Als ungebundenes und stark motiviertes Team m\u00f6chten wir einen Fu\u00df in die Schlagerbranche setzen und freuen uns \u00fcber jeden Support, jede Ausstrahlung im Radio, jeden Auftritt und auch \u00fcber jedes Interview mit Ihnen.<\/p>\n<p>Mit meinem Pop-Schlager \u201eDie letzte Nacht\u201c spreche ich ein Thema an, mit dem sich viele Menschen identifizieren k\u00f6nnen. Ein tr\u00fcber Tag, der ohne L\u00e4cheln beginnt und die Partnerschaft in Atem h\u00e4lt. Nicht jeder Tag ist ein guter Tag, doch muss es gleich die letzte Nacht sein? Auch wenn ein Tag k\u00fchl erscheint, kann er trotzdem mit einem warmen L\u00e4cheln enden. Schlie\u00dfen Sie die Augen und denken Sie an die gl\u00fccklichen Erlebnisse zur\u00fcck, die Sie bereits gemeinsam genie\u00dfen durften.<br \/>\nK\u00f6nnen diese gl\u00fccklichen Momente zur\u00fcckkommen?<br \/>\nGlauben Sie daran &#8211; nehmen Sie Ihre Partnerin oder Ihren Partner und tanzen Sie die ganze Nacht zur brandneuen Schlager-Single \u201eDie letzte Nacht\u201c.<\/p>\n<p>Eine eing\u00e4ngige Melodie zum Tanzen, Party machen und Nachdenken! Diese ist gepaart mit einem Text, der eine Geschichte erz\u00e4hlt, wie viele sie bereits erlebt haben.<\/p>\n<p>Es ist mein dritter Song, der aus meiner Feder stammt und ich arbeite stetig an neuen Songs und setzte dabei meine Ideen, Erlebnisse und Gedanken in Texte und Melodien mit meinem grossartigen Team um. Das passende Musikvideo zur Single k\u00f6nnen Sie auf YouTube anschauen \u2013 und eines sei verraten &#8211; ein L\u00e4cheln am Ende eines tr\u00fcben Tages bringt pures Gl\u00fcck in Ihr Herz. Probieren Sie es aus! Es ist an der Zeit zu l\u00e4cheln und wieder Discofox zu tanzen!<\/p>\n<p>\u00dcber Anfragen zu Interviews u.\u00e4. freue ich mich unter folgender Adresse:<\/p>\n<p>Fabian Schmid<br \/>\n<a href=\"mailto:info@fabian-live.de\">info@fabian-live.de<\/a><\/p>\n<p><strong>Dieser Song ist ab dem 17.09.2021 in allen bekannten Onlineshops erh\u00e4ltlich!<\/strong><\/p>\n<p><iframe style=\"width: 120px; height: 240px;\" src=\"\/\/ws-eu.amazon-adsystem.com\/widgets\/q?ServiceVersion=20070822&amp;OneJS=1&amp;Operation=GetAdHtml&amp;MarketPlace=DE&amp;source=ss&amp;ref=as_ss_li_til&amp;ad_type=product_link&amp;tracking_id=bergers-21&amp;language=de_DE&amp;marketplace=amazon&amp;region=DE&amp;placement=B09FDY4HDM&amp;asins=B09FDY4HDM&amp;linkId=c92e583011e9c596db9015cf2d9d70cd&amp;show_border=true&amp;link_opens_in_new_window=true\" frameborder=\"0\" marginwidth=\"0\" marginheight=\"0\" scrolling=\"no\"><\/iframe><\/p>\n","protected":false},"excerpt":{"rendered":"<p>Schlagerpower mit Schw\u00e4bischem Charme \u2013 das macht mich, Fabian Schmid, aus. Seit \u00fcber 15 Jahren bin ich in verschiedenen Formationen auf den B\u00fchnen Deutschlands unterwegs, doch der Traum von eigenen Songs und einer Solo Karriere lie\u00df mich niemals los. Mit meinem Produzenten Martin Meyer und meinem gro\u00dfartigen Team, ist dieser Traum zur Wirklichkeit geworden. Ich bin unfassbar stolz, HEUTE meine dritte Single \u201eDIE LETZTE NACHT\u201c zu ver\u00f6ffentlichen. Als ungebundenes und stark motiviertes Team m\u00f6chten wir einen Fu\u00df in die Schlagerbranche setzen und freuen uns \u00fcber jeden Support, jede Ausstrahlung im Radio, jeden Auftritt und auch \u00fcber jedes Interview mit Ihnen. Mit meinem Pop-Schlager \u201eDie letzte&#8230;<\/p>\n","protected":false},"author":1,"featured_media":6215,"comment_status":"open","ping_status":"open","sticky":false,"template":"","format":"standard","meta":{"footnotes":""},"categories":[2],"tags":[785],"class_list":["post-6214","post","type-post","status-publish","format-standard","has-post-thumbnail","hentry","category-schlager","tag-fabian-schmid","wpcat-2-id"],"_links":{"self":[{"href":"https:\/\/bergers-schlagerparadies.de\/index.php?rest_route=\/wp\/v2\/posts\/6214","targetHints":{"allow":["GET"]}}],"collection":[{"href":"https:\/\/bergers-schlagerparadies.de\/index.php?rest_route=\/wp\/v2\/posts"}],"about":[{"href":"https:\/\/bergers-schlagerparadies.de\/index.php?rest_route=\/wp\/v2\/types\/post"}],"author":[{"embeddable":true,"href":"https:\/\/bergers-schlagerparadies.de\/index.php?rest_route=\/wp\/v2\/users\/1"}],"replies":[{"embeddable":true,"href":"https:\/\/bergers-schlagerparadies.de\/index.php?rest_route=%2Fwp%2Fv2%2Fcomments&post=6214"}],"version-history":[{"count":1,"href":"https:\/\/bergers-schlagerparadies.de\/index.php?rest_route=\/wp\/v2\/posts\/6214\/revisions"}],"predecessor-version":[{"id":6216,"href":"https:\/\/bergers-schlagerparadies.de\/index.php?rest_route=\/wp\/v2\/posts\/6214\/revisions\/6216"}],"wp:featuredmedia":[{"embeddable":true,"href":"https:\/\/bergers-schlagerparadies.de\/index.php?rest_route=\/wp\/v2\/media\/6215"}],"wp:attachment":[{"href":"https:\/\/bergers-schlagerparadies.de\/index.php?rest_route=%2Fwp%2Fv2%2Fmedia&parent=6214"}],"wp:term":[{"taxonomy":"category","embeddable":true,"href":"https:\/\/bergers-schlagerparadies.de\/index.php?rest_route=%2Fwp%2Fv2%2Fcategories&post=6214"},{"taxonomy":"post_tag","embeddable":true,"href":"https:\/\/bergers-schlagerparadies.de\/index.php?rest_route=%2Fwp%2Fv2%2Ftags&post=6214"}],"curies":[{"name":"wp","href":"https:\/\/api.w.org\/{rel}","templated":true}]}}