{"id":6170,"date":"2021-10-04T10:30:27","date_gmt":"2021-10-04T08:30:27","guid":{"rendered":"http:\/\/bergers-schlagerparadies.de\/?p=6170"},"modified":"2021-09-17T10:28:09","modified_gmt":"2021-09-17T08:28:09","slug":"frank-schoebel-ich-bin-wieder-da-album-%c2%b7-bergers-schlagerparadies","status":"publish","type":"post","link":"https:\/\/bergers-schlagerparadies.de\/?p=6170","title":{"rendered":"Frank Sch\u00f6bel &#8211; Ich bin wieder da (Album) \u00b7 Berger\u00b4s Schlagerparadies"},"content":{"rendered":"<div class=\"o9v6fnle cxmmr5t8 oygrvhab hcukyx3x c1et5uql ii04i59q\">\n<div dir=\"auto\"><img loading=\"lazy\" decoding=\"async\" class=\"size-medium wp-image-6172 alignleft\" src=\"https:\/\/bergers-schlagerparadies.de\/wp-content\/uploads\/2021\/09\/Frank-Schoebel-Ich-bin-wieder-da-300x300.jpg\" alt=\"\" width=\"300\" height=\"300\" srcset=\"https:\/\/bergers-schlagerparadies.de\/wp-content\/uploads\/2021\/09\/Frank-Schoebel-Ich-bin-wieder-da-300x300.jpg 300w, https:\/\/bergers-schlagerparadies.de\/wp-content\/uploads\/2021\/09\/Frank-Schoebel-Ich-bin-wieder-da-150x150.jpg 150w, https:\/\/bergers-schlagerparadies.de\/wp-content\/uploads\/2021\/09\/Frank-Schoebel-Ich-bin-wieder-da-768x768.jpg 768w, https:\/\/bergers-schlagerparadies.de\/wp-content\/uploads\/2021\/09\/Frank-Schoebel-Ich-bin-wieder-da-100x100.jpg 100w, https:\/\/bergers-schlagerparadies.de\/wp-content\/uploads\/2021\/09\/Frank-Schoebel-Ich-bin-wieder-da.jpg 843w\" sizes=\"auto, (max-width: 300px) 100vw, 300px\" \/>Frank Sch\u00f6bel hat Musikgeschichte geschrieben, war der Superstar der ehemaligen DDR, bekannt in Ost und West, errang nationale und internationale Preise und wurde k\u00fcrzlich erst mit dem SMAGO!-Award in der Kategorie \u201eLegenden\u201c f\u00fcr sein Lebenswerk ausgezeichnet.<\/div>\n<\/div>\n<div class=\"o9v6fnle cxmmr5t8 oygrvhab hcukyx3x c1et5uql ii04i59q\">\n<div dir=\"auto\">Mit \u201eIch bin wieder da\u201c pr\u00e4sentiert <span class=\"nc684nl6\">Frank Sch\u00f6bel<\/span> seinen Fans jetzt endlich sein neues Album, welches am 08.10.2021 erscheinen wird.<\/div>\n<div dir=\"auto\">Das Album enth\u00e4lt 18 neue Titel, die gr\u00f6\u00dftenteils aus der Feder von Frank Sch\u00f6bel stammen und alle Facetten des Ausnahmek\u00fcnstlers widerspiegeln.<\/div>\n<\/div>\n<div class=\"o9v6fnle cxmmr5t8 oygrvhab hcukyx3x c1et5uql ii04i59q\">\n<div dir=\"auto\">P\u00fcnktlich zum neuen Album \u201eIch bin wieder da\u201c steht Frank auch bei 16 Events der Tour \u201eDie Frank Sch\u00f6bel Story\u201c vom 02.10. bis 20.11. wieder auf der B\u00fchne.<\/div>\n<\/div>\n<div class=\"o9v6fnle cxmmr5t8 oygrvhab hcukyx3x c1et5uql ii04i59q\">\n<div dir=\"auto\">Frankie Boy, wie ihn seine Fans liebevoll nennen, sagt zu seinem Album: Diese CD \u201eIch bin wieder da\u201c habe ich in der Zwangspause 2020 \/21 komponiert, zum Teil auch einige Texte geschrieben und bei Andr\u00e9 Kuntze produziert. Endlich mal ganz in Ruhe, weil viel Zeit war. Nach diesen tristen Tagen ohne Live-Musik, hier mein Zeichen, ja, \u201eIch bin wieder da\u201c.<\/div>\n<\/div>\n<div class=\"o9v6fnle cxmmr5t8 oygrvhab hcukyx3x c1et5uql ii04i59q\">\n<div dir=\"auto\">Es sind sehr unterschiedliche Titel auf der CD. Vom Country Walzer bis zum Rocktitel. Die lustigen Lieder deshalb, weil ich der Meinung bin, dass die Menschen gerade jetzt lachen m\u00fcssen, um die M\u00fchen des Alltags zu \u00fcberstehen. Ich denke, nach den Entbehrungen der letzten Zeit, lechzen wir geradezu danach. Nach langer Pause hier mein neues Album.<\/div>\n<\/div>\n<p><iframe style=\"width: 120px; height: 240px;\" src=\"\/\/ws-eu.amazon-adsystem.com\/widgets\/q?ServiceVersion=20070822&amp;OneJS=1&amp;Operation=GetAdHtml&amp;MarketPlace=DE&amp;source=ss&amp;ref=as_ss_li_til&amp;ad_type=product_link&amp;tracking_id=bergers-21&amp;language=de_DE&amp;marketplace=amazon&amp;region=DE&amp;placement=B09FNRMPL7&amp;asins=B09FNRMPL7&amp;linkId=0d5bfcd83be02b92934f0a6497eda7be&amp;show_border=true&amp;link_opens_in_new_window=true\" frameborder=\"0\" marginwidth=\"0\" marginheight=\"0\" scrolling=\"no\"><\/iframe><\/p>\n","protected":false},"excerpt":{"rendered":"<p>Frank Sch\u00f6bel hat Musikgeschichte geschrieben, war der Superstar der ehemaligen DDR, bekannt in Ost und West, errang nationale und internationale Preise und wurde k\u00fcrzlich erst mit dem SMAGO!-Award in der Kategorie \u201eLegenden\u201c f\u00fcr sein Lebenswerk ausgezeichnet. Mit \u201eIch bin wieder da\u201c pr\u00e4sentiert Frank Sch\u00f6bel seinen Fans jetzt endlich sein neues Album, welches am 08.10.2021 erscheinen wird. Das Album enth\u00e4lt 18 neue Titel, die gr\u00f6\u00dftenteils aus der Feder von Frank Sch\u00f6bel stammen und alle Facetten des Ausnahmek\u00fcnstlers widerspiegeln. P\u00fcnktlich zum neuen Album \u201eIch bin wieder da\u201c steht Frank auch bei 16 Events der Tour \u201eDie Frank Sch\u00f6bel Story\u201c vom 02.10. bis 20.11. wieder auf der B\u00fchne&#8230;.<\/p>\n","protected":false},"author":1,"featured_media":6172,"comment_status":"open","ping_status":"open","sticky":false,"template":"","format":"standard","meta":{"footnotes":""},"categories":[2],"tags":[782],"class_list":["post-6170","post","type-post","status-publish","format-standard","has-post-thumbnail","hentry","category-schlager","tag-frank-schoebel","wpcat-2-id"],"_links":{"self":[{"href":"https:\/\/bergers-schlagerparadies.de\/index.php?rest_route=\/wp\/v2\/posts\/6170","targetHints":{"allow":["GET"]}}],"collection":[{"href":"https:\/\/bergers-schlagerparadies.de\/index.php?rest_route=\/wp\/v2\/posts"}],"about":[{"href":"https:\/\/bergers-schlagerparadies.de\/index.php?rest_route=\/wp\/v2\/types\/post"}],"author":[{"embeddable":true,"href":"https:\/\/bergers-schlagerparadies.de\/index.php?rest_route=\/wp\/v2\/users\/1"}],"replies":[{"embeddable":true,"href":"https:\/\/bergers-schlagerparadies.de\/index.php?rest_route=%2Fwp%2Fv2%2Fcomments&post=6170"}],"version-history":[{"count":1,"href":"https:\/\/bergers-schlagerparadies.de\/index.php?rest_route=\/wp\/v2\/posts\/6170\/revisions"}],"predecessor-version":[{"id":6173,"href":"https:\/\/bergers-schlagerparadies.de\/index.php?rest_route=\/wp\/v2\/posts\/6170\/revisions\/6173"}],"wp:featuredmedia":[{"embeddable":true,"href":"https:\/\/bergers-schlagerparadies.de\/index.php?rest_route=\/wp\/v2\/media\/6172"}],"wp:attachment":[{"href":"https:\/\/bergers-schlagerparadies.de\/index.php?rest_route=%2Fwp%2Fv2%2Fmedia&parent=6170"}],"wp:term":[{"taxonomy":"category","embeddable":true,"href":"https:\/\/bergers-schlagerparadies.de\/index.php?rest_route=%2Fwp%2Fv2%2Fcategories&post=6170"},{"taxonomy":"post_tag","embeddable":true,"href":"https:\/\/bergers-schlagerparadies.de\/index.php?rest_route=%2Fwp%2Fv2%2Ftags&post=6170"}],"curies":[{"name":"wp","href":"https:\/\/api.w.org\/{rel}","templated":true}]}}